{"id":670578,"date":"2026-09-06T06:12:55","date_gmt":"2026-09-06T06:12:55","guid":{"rendered":"https:\/\/www.europesays.com\/pl\/670578\/"},"modified":"2026-09-06T06:12:55","modified_gmt":"2026-09-06T06:12:55","slug":"gdansk-ciezarowka-wjechala-pod-pociag-pkp-intercity","status":"publish","type":"post","link":"https:\/\/www.europesays.com\/pl\/670578\/","title":{"rendered":"Gda\u0144sk: ci\u0119\u017car\u00f3wka wjecha\u0142a pod poci\u0105g PKP Intercity"},"content":{"rendered":"<p>Na przeje\u017adzie kolejowo-drogowym kategorii B w pobli\u017cu przystanku Gda\u0144sk Lipce, samoch\u00f3d ci\u0119\u017carowy wjecha\u0142 pod poci\u0105g PKP Intercity. Oba tory szlaku Gda\u0144sk Po\u0142udniowy \u2013 Pruszcz Gda\u0144ski zosta\u0142y zamkni\u0119te, a ruch poci\u0105g\u00f3w skierowano drog\u0105 okr\u0119\u017cn\u0105.<\/p>\n<p>W zdarzeniu uczestniczy\u0142 poci\u0105g nr 5704 IC \u201eBachus\u201d relacji Gdynia G\u0142\u00f3wna \u2013 Zielona G\u00f3ra G\u0142\u00f3wna, prowadzony lokomotyw\u0105 EU200-017. Podr\u00f3\u017cowa\u0142o nim oko\u0142o 250 pasa\u017cer\u00f3w.\u00a0<\/p>\n<p>PKP Intercity zorganizuje zast\u0119pcz\u0105 komunikacj\u0119 autobusow\u0105 do Tczewa. Stamt\u0105d pasa\u017cerowie pojad\u0105 w dalsz\u0105 drog\u0119 innymi poci\u0105gami przewo\u017anika.<\/p>\n<p>W wyniku zderzenia maszynista poci\u0105gu zosta\u0142 przewieziony do szpitala. Pasa\u017cerowie poci\u0105gu oraz kierowca samochodu ci\u0119\u017carowego nie odnie\u015bli obra\u017ce\u0144. Zdarzenie stworzy\u0142o jednak bezpo\u015brednie zagro\u017cenie dla os\u00f3b znajduj\u0105cych si\u0119 w poci\u0105gu i doprowadzi\u0142o do powa\u017cnych zak\u0142\u00f3ce\u0144 w ruchu kolejowym \u2013 przekaza\u0142a Anna Znajewska-Pawluk z zespo\u0142u prasowego PKP Polskie Linie Kolejowe.<\/p>\n<p>Ruch po torach nr 1 i 2 szlaku Gda\u0144sk Po\u0142udniowy \u2013 Pruszcz Gda\u0144ski zosta\u0142 wstrzymany. Cze\u015b\u0107 poci\u0105g\u00f3w zosta\u0142a skierowana tras\u0105 okr\u0119\u017cn\u0105 przez Gda\u0144sk Olszynk\u0119.<\/p>\n<p>Uszkodzeniu uleg\u0142 tor nr 1, kt\u00f3ry wymaga naprawy. Utrudnienia mog\u0105 potrwa\u0107 co najmniej do godz. 21:00 \u2013 doda\u0142a przedstawicielka zarz\u0105dcy infrastruktury.\u00a0<\/p>\n<p>Okoliczno\u015bci zdarzenia ustali powo\u0142ana komisja kolejowa. Swoje dzia\u0142ania prowadzi r\u00f3wnie\u017c policja.<\/p>\n<p>Do odwo\u0142ania, uzgodniono wzajemne honorowanie bilet\u00f3w:<\/p>\n<p>PKP Intercity i PKP SKM w Tr\u00f3jmie\u015bcie na obszarze dzia\u0142ania Szybkiej Kolei Miejskiej w Tr\u00f3jmie\u015bcie.PKP Intercity i Kolei Mazowieckich na odcinku Dzia\u0142dowo \u2013 Warszawa Wschodnia \u2013 Skierniewice (w jednym kierunku)PKP Intercity i POLREGIO na odcinku Warszawa Wschodnia \u2013 Skierniewice.<\/p>\n<p>\u00a0<\/p>\n","protected":false},"excerpt":{"rendered":"Na przeje\u017adzie kolejowo-drogowym kategorii B w pobli\u017cu przystanku Gda\u0144sk Lipce, samoch\u00f3d ci\u0119\u017carowy wjecha\u0142 pod poci\u0105g PKP Intercity. Oba&hellip;\n","protected":false},"author":2,"featured_media":670579,"comment_status":"","ping_status":"","sticky":false,"template":"","format":"standard","meta":{"footnotes":"","_share_on_mastodon":"0"},"categories":[51610],"tags":[1048,1195,2801,42,38,40,39,41,2588],"class_list":["post-670578","post","type-post","status-publish","format-standard","has-post-thumbnail","category-gdansk","tag-gdansk","tag-pkp-intercity","tag-pkp-plk","tag-pl","tag-poland","tag-polish","tag-polska","tag-polski","tag-wypadek"],"share_on_mastodon":{"url":"https:\/\/pubeurope.com\/@pl\/117222624629783901","error":""},"_links":{"self":[{"href":"https:\/\/www.europesays.com\/pl\/wp-json\/wp\/v2\/posts\/670578","targetHints":{"allow":["GET"]}}],"collection":[{"href":"https:\/\/www.europesays.com\/pl\/wp-json\/wp\/v2\/posts"}],"about":[{"href":"https:\/\/www.europesays.com\/pl\/wp-json\/wp\/v2\/types\/post"}],"author":[{"embeddable":true,"href":"https:\/\/www.europesays.com\/pl\/wp-json\/wp\/v2\/users\/2"}],"replies":[{"embeddable":true,"href":"https:\/\/www.europesays.com\/pl\/wp-json\/wp\/v2\/comments?post=670578"}],"version-history":[{"count":0,"href":"https:\/\/www.europesays.com\/pl\/wp-json\/wp\/v2\/posts\/670578\/revisions"}],"wp:featuredmedia":[{"embeddable":true,"href":"https:\/\/www.europesays.com\/pl\/wp-json\/wp\/v2\/media\/670579"}],"wp:attachment":[{"href":"https:\/\/www.europesays.com\/pl\/wp-json\/wp\/v2\/media?parent=670578"}],"wp:term":[{"taxonomy":"category","embeddable":true,"href":"https:\/\/www.europesays.com\/pl\/wp-json\/wp\/v2\/categories?post=670578"},{"taxonomy":"post_tag","embeddable":true,"href":"https:\/\/www.europesays.com\/pl\/wp-json\/wp\/v2\/tags?post=670578"}],"curies":[{"name":"wp","href":"https:\/\/api.w.org\/{rel}","templated":true}]}}