{"id":670608,"date":"2026-09-06T06:41:46","date_gmt":"2026-09-06T06:41:46","guid":{"rendered":"https:\/\/www.europesays.com\/pl\/670608\/"},"modified":"2026-09-06T06:41:46","modified_gmt":"2026-09-06T06:41:46","slug":"dzis-w-mediach-orlen-paczka-ma-trafic-do-poczty-polskiej-bricomarche-uruchamia-nowy-e-sklep-a-orange-wdraza-wero","status":"publish","type":"post","link":"https:\/\/www.europesays.com\/pl\/670608\/","title":{"rendered":"Dzi\u015b w mediach: Orlen Paczka ma trafi\u0107 do Poczty Polskiej, Bricomarche uruchamia nowy e-sklep, a Orange wdra\u017ca Wero"},"content":{"rendered":"<p>O tym, \u017ce sie\u0107 automat\u00f3w paczkowych powinna zosta\u0107 sprzedana Poczcie Polskiej, przekonany jest minister aktyw\u00f3w pa\u0144stwowych<\/p>\n<p>Minister aktyw\u00f3w pa\u0144stwowych Wojciech Balczun nie wyobra\u017ca sobie scenariusza innego ni\u017c ten, \u017ce <a href=\"https:\/\/www.cashless.pl\/19426-pkobp-wycofa-iko-wero-opoznienia-allegro-orlen-paczka\" target=\"_blank\" rel=\"nofollow noopener\">Orlen Paczka<\/a> trafia w r\u0119ce Poczty Polskiej. W wywiadzie udzielonym telewizji Polsat News stwierdzi\u0142, \u017ce proces sprzeda\u017cy Orlen Paczki trwa, ale jego szczeg\u00f3\u0142\u00f3w nie zdradzi\u0142. Natomiast podkre\u015bli\u0142, \u017ce operator automat\u00f3w paczkowych nale\u017c\u0105cy do Orlenu powinien pozosta\u0107 w pa\u0144stwowych r\u0119kach, gdy\u017c jest to powi\u0105zane z bezpiecze\u0144stwem pa\u0144stwa.<\/p>\n<p>Puls Biznesu pisze za\u015b o nowej inicjatywie sieci Bricomarche. To sie\u0107 sklep\u00f3w z artyku\u0142ami budowalnymi, wyko\u0144czeniowymi, itd. Jej charakterystyczn\u0105 cech\u0105 jest to, \u017ce poszczeg\u00f3lne plac\u00f3wki prowadzone s\u0105 przez niezale\u017cnych od siebie przedsi\u0119biorc\u00f3w, co utrudnia sprzeda\u017c internetow\u0105 pod wsp\u00f3ln\u0105 mark\u0105. Teraz ma to si\u0119 zmieni\u0107. Powstanie sklep internetowy, w kt\u00f3rym klienci b\u0119d\u0105 mogli zamawia\u0107 wybrane produkty niezale\u017cnie od tego, kt\u00f3ry sprzedawca dany artyku\u0142 proponuje. System sam b\u0119dzie zarz\u0105dza\u0142 optymalizacj\u0105 koszt\u00f3w dostawy, zwrotami, itd.<\/p>\n<p>Natomiast za granic\u0105 pojawi\u0142a si\u0119 ciekawa informacja, \u017ce Orange (francuski telekom, kt\u00f3ry dzia\u0142a tak\u017ce w Polsce) zosta\u0142 pierwszym sprzedawc\u0105 na swoim rodzimym, francuskim rynku, kt\u00f3ry zaoferowa\u0142 p\u0142atno\u015bci rachunk\u00f3w za po\u015brednictwem portfela <a href=\"https:\/\/www.cashless.pl\/19446-wero-n26\" target=\"_blank\" rel=\"nofollow noopener\">Wero<\/a>. Przypomn\u0119, \u017ce <a class=\"cashlesspedia-reference\" title=\"Wero\" href=\"https:\/\/www.cashless.pl\/cashlesspedia\/wero\" data-content=\"System p&#x142;atno&#x15B;ci, budowany przez Europejsk&#x105; Inicjatyw&#x119; P&#x142;atnicz&#x105;, maj&#x105;cy w przysz&#x142;o&#x15B;ci konkurowa&#x107; z ameryka&#x144;skimi organizacjami p&#x142;atniczymi, takimi jak Mastercard i Visa.\" rel=\"nofollow noopener\" target=\"_blank\">Wero<\/a> to cyfrowe rozwi\u0105zanie budowane przez zachodnioeuropejskie banki, kt\u00f3rego celem jest uniezale\u017cnienie kontynentu od globalnych organizacji p\u0142atniczych.<\/p>\n<p>\u0179r\u00f3d\u0142a: <a href=\"https:\/\/www.polsatnews.pl\/wyszukiwarka\/?text=balczun\" target=\"_blank\" rel=\"nofollow noopener\">Polsat News<\/a>, <a href=\"https:\/\/www.pb.pl\/bricomarche-buduje-platforme-e-commerce-polaczy-228-niezaleznych-sklepow-1266357\" target=\"_blank\" rel=\"nofollow noopener\">Puls Biznesu<\/a>, <a href=\"https:\/\/www.finextra.com\/newsarticle\/48337\/orange-becomes-first-merchant-in-france-to-offer-wero-for-bill-payments\" target=\"_blank\" rel=\"nofollow noopener\">Finextra<\/a><\/p>\n<p>Fot. Ilustracja wygenerowana przez AI<\/p>\n","protected":false},"excerpt":{"rendered":"O tym, \u017ce sie\u0107 automat\u00f3w paczkowych powinna zosta\u0107 sprzedana Poczcie Polskiej, przekonany jest minister aktyw\u00f3w pa\u0144stwowych Minister aktyw\u00f3w&hellip;\n","protected":false},"author":2,"featured_media":670609,"comment_status":"","ping_status":"","sticky":false,"template":"","format":"standard","meta":{"footnotes":"","_share_on_mastodon":"0"},"categories":[52097],"tags":[7371,2711,774,43043,42,11225,38,40,39,41,121157],"class_list":["post-670608","post","type-post","status-publish","format-standard","has-post-thumbnail","category-orlen","tag-e-commerce","tag-orange","tag-orlen","tag-orlen-paczka","tag-pl","tag-poczta-polska","tag-poland","tag-polish","tag-polska","tag-polski","tag-wero"],"share_on_mastodon":{"url":"https:\/\/pubeurope.com\/@pl\/117222735058009119","error":""},"_links":{"self":[{"href":"https:\/\/www.europesays.com\/pl\/wp-json\/wp\/v2\/posts\/670608","targetHints":{"allow":["GET"]}}],"collection":[{"href":"https:\/\/www.europesays.com\/pl\/wp-json\/wp\/v2\/posts"}],"about":[{"href":"https:\/\/www.europesays.com\/pl\/wp-json\/wp\/v2\/types\/post"}],"author":[{"embeddable":true,"href":"https:\/\/www.europesays.com\/pl\/wp-json\/wp\/v2\/users\/2"}],"replies":[{"embeddable":true,"href":"https:\/\/www.europesays.com\/pl\/wp-json\/wp\/v2\/comments?post=670608"}],"version-history":[{"count":0,"href":"https:\/\/www.europesays.com\/pl\/wp-json\/wp\/v2\/posts\/670608\/revisions"}],"wp:featuredmedia":[{"embeddable":true,"href":"https:\/\/www.europesays.com\/pl\/wp-json\/wp\/v2\/media\/670609"}],"wp:attachment":[{"href":"https:\/\/www.europesays.com\/pl\/wp-json\/wp\/v2\/media?parent=670608"}],"wp:term":[{"taxonomy":"category","embeddable":true,"href":"https:\/\/www.europesays.com\/pl\/wp-json\/wp\/v2\/categories?post=670608"},{"taxonomy":"post_tag","embeddable":true,"href":"https:\/\/www.europesays.com\/pl\/wp-json\/wp\/v2\/tags?post=670608"}],"curies":[{"name":"wp","href":"https:\/\/api.w.org\/{rel}","templated":true}]}}