{"id":670622,"date":"2026-09-06T06:49:39","date_gmt":"2026-09-06T06:49:39","guid":{"rendered":"https:\/\/www.europesays.com\/pl\/670622\/"},"modified":"2026-09-06T06:49:39","modified_gmt":"2026-09-06T06:49:39","slug":"var-uratowal-widzew-lodz-przez-porazka-meczarnie-w-ataku-czterokrotnych-mistrzow-polski-wideo","status":"publish","type":"post","link":"https:\/\/www.europesays.com\/pl\/670622\/","title":{"rendered":"VAR uratowa\u0142 Widzew \u0141\u00f3d\u017a przez pora\u017ck\u0105. M\u0119czarnie w ataku czterokrotnych mistrz\u00f3w Polski [WIDEO]"},"content":{"rendered":"<p><img alt=\"Obrazek newsa : VAR uratowa\u0142 Widzew \u0141\u00f3d\u017a przez pora\u017ck\u0105. M\u0119czarnie w ataku czterokrotnych mistrz\u00f3w Polski [WIDEO]\" loading=\"lazy\" width=\"1200\" height=\"800\" decoding=\"async\" data-nimg=\"1\" class=\"img-fluid rounded\" style=\"color:transparent\"  src=\"https:\/\/www.europesays.com\/pl\/wp-content\/uploads\/2026\/09\/1788677379_209_image.jpeg\"\/>Fot. Screen Canal+Sport<\/p>\n<p style=\"text-align: justify;\">Widzew \u0141\u00f3d\u017a m\u0119czy\u0142 si\u0119 w ofensywie przed w\u0142asn\u0105 publiczno\u015bci\u0105 z Radomiakiem Radom. Spotkanie ostatecznie zako\u0144czy\u0142o si\u0119 bezbramkowym remisem. W drugiej po\u0142owie kluczow\u0105 decyzj\u0119 podj\u0105\u0142 s\u0119dzia Bartosz Frankowski. Dla Widzewa to to pi\u0105ty kolejki mecz bez pora\u017cki.\u00a0<\/p>\n<p>Przed meczem<\/p>\n<p style=\"text-align: justify;\">Widzew \u0141\u00f3d\u017a w pierwszym sobotnim meczu 7. kolejki PKO BP Ekstraklasy mierzy\u0142 si\u0119 z Radomiakiem Radom. Obie dru\u017cyny kilka dni temu rywalizowali w Pucharze Polski. Widzew przegra\u0142 0:1 z Koron\u0105 Kielce, a Radomiak Radom pokona\u0142 drug\u0105 dru\u017cyn\u0119 Korony 1:0. RTS za wszelk\u0105 cen\u0119 chcia\u0142 przerwa\u0107 seri\u0119 czterech mecz\u00f3w bez zwyci\u0119stwa na wszystkich frontach (3 pora\u017cki, 1 remis). Zadanie to by\u0142o trudne, bo Radomiak ostatni\u0105 pora\u017ck\u0119 poni\u00f3s\u0142 w po\u0142owie sierpnia.<\/p>\n<p>M\u0119czarnie Widzewa w ofensywie. Niewykorzystane szanse Radomiaka<\/p>\n<p style=\"text-align: justify;\">Na pierwszy strza\u0142 w meczu kibice musieli czeka\u0107 do 14. minuty. W\u00f3wczas Radomiak przeprowadzi\u0142 atak praw\u0105 flank\u0105. Ronaldo Lumungo dogra\u0142 w pole karne do Guilhereme Luiza, kt\u00f3ry obs\u0142u\u017cy\u0142 podaniem Rafa\u0142a Wolskiego. Pomocnik Radomiaka odda\u0142 strza\u0142, ale Dr\u0105gowski popisa\u0142 si\u0119 fantastyczn\u0105 interwencj\u0105. Luquinhas pr\u00f3bowa\u0142 dobi\u0107, ale Kapuadi przeszkadza\u0142 na tyle, \u017ce Brazylijczyk nie odda\u0142 celnego strza\u0142u. W 20. minucie trener Radomiaka Radom musia\u0142 dokona\u0107 pierwszej wymuszonej zmiany. Z powodu urazu lewej nogi boisko opu\u015bci\u0142 Conrado. Zast\u0105pi\u0142 go Abdoul Tapsoba.<\/p>\n<p style=\"text-align: justify;\">Po stracie pi\u0142ki Radomiak b\u0142yskawicznie doskakiwa\u0142 do przeciwnika. To sprawia\u0142o, \u017ce Widzew nie m\u00f3g\u0142 wyprowadzi\u0107 kontry i by\u0142 zmuszony do gry w ataku pozycyjnym. W ofensywie nie potrafi\u0142 jednak nic wsk\u00f3ra\u0107. Gospodarze m\u0119czyli si\u0119, mieli k\u0142opoty z mini\u0119ciem defensywy rywali i doj\u015bciem do dogodnej sytuacji. W doliczonym czasie gry Fornalczyk zszed\u0142 do \u015brodka i uderzy\u0142, ale jego pr\u00f3ba zosta\u0142a zablokowana.<\/p>\n<p>Interwencja VAR. Frankowsi anulowa\u0142 samob\u00f3j Przemys\u0142awa Wi\u015bniewskiego<\/p>\n<p style=\"text-align: justify;\">W przerwie trener Aleksandar Vukovi\u0107 zmieni\u0142 Daniego Silv\u0119 na Emila Kornviga. Pocz\u0105tek drugiej po\u0142owy przyni\u00f3s\u0142 po trzy sytuacje bramkowe z obu stron. W 62. minucie Stipe Biuk popisa\u0142 si\u0119 indywidualn\u0105 akcj\u0105, po kt\u00f3rej przymierzy\u0142 z dystansu. Jednak nieznacznie si\u0119 pomyli\u0142.<\/p>\n<p style=\"text-align: justify;\">W dalszej cz\u0119\u015bci gry Widzew naciska\u0142, ale pora\u017ca\u0142 bezradno\u015bci\u0105 w ofensywie. o korvig 90 W municie meczu w \u015brodku pola dosz\u0142o do starcia Emila Kornviga z Ronaldo Lumungo, po kt\u00f3rym pad\u0142 gol dla Radomiaka. Bart\u0142omieja Dr\u0105gowskiego niefortunnie pokona\u0142 Przemys\u0142aw Wi\u015bniewski. S\u0119dzia Bartosz Frankowski zosta\u0142 przywo\u0142any przez VAR do monitora i po obejrzeniu sytuacji anulowa\u0142 gola dla Radomiaka. Arbiter dopatrzy\u0142 si\u0119 przewinienia w ofensywie Lumungo. Do ko\u0144ca spotkania ju\u017c nic si\u0119 nie wydarzy\u0142o.<\/p>\n<p dir=\"ltr\" lang=\"pl\">Kuriozalny samob\u00f3j Przemys\u0142awa Wi\u015bniewskiego anulowany przez VAR! \ud83d\ude2c pic.twitter.com\/QvxMkQEXjH<\/p>\n<p>\u2014 <a href=\"https:\/\/www.mecze24.pl\/canal-plus-sport-stream-online\" rel=\"nofollow noopener\" target=\"_blank\">CANAL+ SPORT<\/a> (@CANALPLUS_SPORT) <a href=\"https:\/\/x.com\/CANALPLUS_SPORT\/status\/2096251768992616712?ref_src=twsrc%5Etfw\" rel=\"nofollow\">September 5, 2026<\/a><\/p>\n<p style=\"text-align: justify;\">Po tym meczu Widzew \u0141\u00f3d\u017a zajmuje 13. miejsce w tabeli Ekstraklasy, a Radomiak plasuje si\u0119 na 12. pozycji.<\/p>\n<p>05.09.2026, 7. kolejka PKO BP Ekstraklasy, Stadion Widzewa \u0141\u00f3d\u017a (\u0141\u00f3d\u017a)<\/p>\n<p style=\"text-align: justify;\">Widzew \u0141\u00f3d\u017a &#8211; Radomiak Radom 0:0 (0:0)<\/p>\n<p><script async src=\"https:\/\/platform.twitter.com\/widgets.js\" charset=\"utf-8\"><\/script><\/p>\n","protected":false},"excerpt":{"rendered":"Fot. Screen Canal+Sport Widzew \u0141\u00f3d\u017a m\u0119czy\u0142 si\u0119 w ofensywie przed w\u0142asn\u0105 publiczno\u015bci\u0105 z Radomiakiem Radom. Spotkanie ostatecznie zako\u0144czy\u0142o&hellip;\n","protected":false},"author":2,"featured_media":670623,"comment_status":"","ping_status":"","sticky":false,"template":"","format":"standard","meta":{"footnotes":"","_share_on_mastodon":"0"},"categories":[51608],"tags":[18386,3652,52076,52075,52077,52074,52078,42,38,40,39,41,52079,52080,52081],"class_list":["post-670622","post","type-post","status-publish","format-standard","has-post-thumbnail","category-lodz","tag-gdzie-ogladac","tag-lodz","tag-mecze-live","tag-mecze-na-zywo","tag-mecze-online","tag-mecze24","tag-meczyki","tag-pl","tag-poland","tag-polish","tag-polska","tag-polski","tag-transmisje-online","tag-transmisje-tv","tag-transmisje-za-darmo"],"share_on_mastodon":{"url":"https:\/\/pubeurope.com\/@pl\/117222766188779574","error":""},"_links":{"self":[{"href":"https:\/\/www.europesays.com\/pl\/wp-json\/wp\/v2\/posts\/670622","targetHints":{"allow":["GET"]}}],"collection":[{"href":"https:\/\/www.europesays.com\/pl\/wp-json\/wp\/v2\/posts"}],"about":[{"href":"https:\/\/www.europesays.com\/pl\/wp-json\/wp\/v2\/types\/post"}],"author":[{"embeddable":true,"href":"https:\/\/www.europesays.com\/pl\/wp-json\/wp\/v2\/users\/2"}],"replies":[{"embeddable":true,"href":"https:\/\/www.europesays.com\/pl\/wp-json\/wp\/v2\/comments?post=670622"}],"version-history":[{"count":0,"href":"https:\/\/www.europesays.com\/pl\/wp-json\/wp\/v2\/posts\/670622\/revisions"}],"wp:featuredmedia":[{"embeddable":true,"href":"https:\/\/www.europesays.com\/pl\/wp-json\/wp\/v2\/media\/670623"}],"wp:attachment":[{"href":"https:\/\/www.europesays.com\/pl\/wp-json\/wp\/v2\/media?parent=670622"}],"wp:term":[{"taxonomy":"category","embeddable":true,"href":"https:\/\/www.europesays.com\/pl\/wp-json\/wp\/v2\/categories?post=670622"},{"taxonomy":"post_tag","embeddable":true,"href":"https:\/\/www.europesays.com\/pl\/wp-json\/wp\/v2\/tags?post=670622"}],"curies":[{"name":"wp","href":"https:\/\/api.w.org\/{rel}","templated":true}]}}