{"id":670658,"date":"2026-09-06T07:19:12","date_gmt":"2026-09-06T07:19:12","guid":{"rendered":"https:\/\/www.europesays.com\/pl\/670658\/"},"modified":"2026-09-06T07:19:12","modified_gmt":"2026-09-06T07:19:12","slug":"zakurzony-hit-w-poznaniu-trener-lecha-nie-chce-wpasc-w-pulapke","status":"publish","type":"post","link":"https:\/\/www.europesays.com\/pl\/670658\/","title":{"rendered":"Zakurzony hit w Poznaniu. Trener Lecha nie chce wpa\u015b\u0107 w pu\u0142apk\u0119"},"content":{"rendered":"\n<p class=\"contentpart contentpart--default contentpart--text\" data-position=\"0\">&#8222;Medaliki&#8221; odpad\u0142y z europejskich puchar\u00f3w, maj\u0105 te\u017c na koncie pi\u0119\u0107 ligowych pora\u017cek i zamykaj\u0105 tabel\u0119. Efektem by\u0142o zwolnienie <a href=\"https:\/\/sportowefakty.wp.pl\/pilka-nozna\/dawid-kroczek\" rel=\"nofollow noopener\" target=\"_blank\">Dawida Kroczka<\/a>, kt\u00f3rego tymczasowo zast\u0105pi\u0142 <a href=\"https:\/\/sportowefakty.wp.pl\/pilka-nozna\/dawid-szulczek\" rel=\"nofollow noopener\" target=\"_blank\">Dawid Szulczek<\/a>.<\/p>\n<p class=\"contentpart contentpart--default contentpart--text\" data-position=\"1\">W\u0142a\u015bnie zmiana na \u0142awce rywali budzi w stolicy Wielkopolski lekki niepok\u00f3j. &#8211; To zawsze wprowadza niepewno\u015b\u0107 w przygotowaniach do meczu. Inna sprawa, \u017ce Rak\u00f3w zd\u0105\u017cy\u0142 ju\u017c rozegra\u0107 jedno spotkanie po tych roszadach. Nie przewiduj\u0119 rewolucji u przeciwnika, zw\u0142aszcza \u017ce obowi\u0105zki przej\u0105\u0142 tam dotychczasowy asystent &#8211; przyzna\u0142 <a href=\"https:\/\/sportowefakty.wp.pl\/pilka-nozna\/niels-frederiksen\" rel=\"nofollow noopener\" target=\"_blank\">Niels Frederiksen<\/a>.<\/p>\n<p>  <img decoding=\"async\" src=\"https:\/\/v.wpimg.pl\/X3dwLnN2d1IFFTpdYUl6R0ZNbgcnEHQREVV2TGEGbUtRT2MdOlZ2RBQUKABgQjQcDRotCStBd1IAAWMeIlM7VgwYIAorQAdEFFk_GCkQJQ\" alt=\"\" width=\"45\" height=\"58\" loading=\"lazy\"\/>  <\/p>\n<p class=\"contentpart contentpart--default contentpart--text\" data-position=\"2\">Przekaz Du\u0144czyka jest jasny. &#8211; Nasza mocna stron\u0105 to fakt, \u017ce nie jeste\u015bmy a\u017c tak zale\u017cni od rywala. Bez wzgl\u0119du na jego system czy rozwi\u0105zania, na kt\u00f3re si\u0119 zdecyduje, i tak skupimy si\u0119 g\u0142\u00f3wnie na sobie &#8211; oznajmi\u0142.<\/p>\n<p class=\"contentpart contentpart--default contentpart--text\" data-position=\"3\">Opiekun &#8222;Kolejorza&#8221; uwa\u017ca, \u017ce zamieszanie w sztabie szkoleniowym cz\u0119\u015bciej rodzi problemy ni\u017c korzy\u015bci. &#8211; Zmiany trener\u00f3w wi\u0105\u017c\u0105 si\u0119 z szukaniem poprawy, ale gdy jest ich za du\u017co, mo\u017ce si\u0119 zdarzy\u0107, \u017ce bardziej pomog\u0105 przeciwnikowi. To oczywi\u015bcie indywidualna sprawa ka\u017cdego klubu, jednak na d\u0142u\u017csz\u0105 met\u0119 brak stabilizacji bywa k\u0142opotliwy &#8211; doda\u0142 Frederiksen.<\/p>\n<p class=\"contentpart contentpart--default contentpart--text\" data-position=\"4\">Wobec koszmarnej postawy Cz\u0119stochowian, za faworyta niedzielnej potyczki uchodzi mistrz Polski. Do\u015b\u0107 powiedzie\u0107, \u017ce w tabeli oba zespo\u0142y dzieli przepa\u015b\u0107. Pi\u0142karze ze stolicy Wielkopolski zebrali ju\u017c 13 pkt., co przed trwaj\u0105cym weekendem dawa\u0142o im pozycj\u0119 lidera, za\u015b ich najbli\u017cszy rywal jako jedyny w ca\u0142ej stawce ma zerowy dorobek.<\/p>\n<p class=\"contentpart contentpart--default contentpart--text\" data-position=\"5\">Mecz 7. kolejki PKO Ekstraklasy Lech Pozna\u0144 &#8211; Rak\u00f3w Cz\u0119stochowa odb\u0119dzie si\u0119 w niedziel\u0119 o godz. 17.30.<\/p>\n<p>  <img decoding=\"async\" src=\"https:\/\/v.wpimg.pl\/X3dwLnN2d1IFFTpdYUl6R0ZNbgcnEHQREVV2TGEGbUtRT2MdOlZ2RBQUKABgQjQcDRotCStBd1IAAWMeIlM7VgwYIAorQAdEFFk_GCkQJQ\" alt=\"\" width=\"45\" height=\"58\" loading=\"lazy\"\/>  <\/p>\n<p class=\"contentpart contentpart--default contentpart--text\" data-position=\"6\">ZOBACZ WIDEO: To dlatego mecz Lecha zosta\u0142 przerwany. Sceny na stadionie<\/p>\n","protected":false},"excerpt":{"rendered":"&#8222;Medaliki&#8221; odpad\u0142y z europejskich puchar\u00f3w, maj\u0105 te\u017c na koncie pi\u0119\u0107 ligowych pora\u017cek i zamykaj\u0105 tabel\u0119. Efektem by\u0142o zwolnienie&hellip;\n","protected":false},"author":2,"featured_media":670659,"comment_status":"","ping_status":"","sticky":false,"template":"","format":"standard","meta":{"footnotes":"","_share_on_mastodon":"0"},"categories":[51609],"tags":[215,1750,269,1724,42,38,40,39,41,1817,2369],"class_list":["post-670658","post","type-post","status-publish","format-standard","has-post-thumbnail","category-poznan","tag-lech-poznan","tag-niels-frederiksen","tag-pilka-nozna","tag-pko-ekstraklasa","tag-pl","tag-poland","tag-polish","tag-polska","tag-polski","tag-poznan","tag-rakow-czestochowa"],"share_on_mastodon":{"url":"https:\/\/pubeurope.com\/@pl\/117222884390135034","error":""},"_links":{"self":[{"href":"https:\/\/www.europesays.com\/pl\/wp-json\/wp\/v2\/posts\/670658","targetHints":{"allow":["GET"]}}],"collection":[{"href":"https:\/\/www.europesays.com\/pl\/wp-json\/wp\/v2\/posts"}],"about":[{"href":"https:\/\/www.europesays.com\/pl\/wp-json\/wp\/v2\/types\/post"}],"author":[{"embeddable":true,"href":"https:\/\/www.europesays.com\/pl\/wp-json\/wp\/v2\/users\/2"}],"replies":[{"embeddable":true,"href":"https:\/\/www.europesays.com\/pl\/wp-json\/wp\/v2\/comments?post=670658"}],"version-history":[{"count":0,"href":"https:\/\/www.europesays.com\/pl\/wp-json\/wp\/v2\/posts\/670658\/revisions"}],"wp:featuredmedia":[{"embeddable":true,"href":"https:\/\/www.europesays.com\/pl\/wp-json\/wp\/v2\/media\/670659"}],"wp:attachment":[{"href":"https:\/\/www.europesays.com\/pl\/wp-json\/wp\/v2\/media?parent=670658"}],"wp:term":[{"taxonomy":"category","embeddable":true,"href":"https:\/\/www.europesays.com\/pl\/wp-json\/wp\/v2\/categories?post=670658"},{"taxonomy":"post_tag","embeddable":true,"href":"https:\/\/www.europesays.com\/pl\/wp-json\/wp\/v2\/tags?post=670658"}],"curies":[{"name":"wp","href":"https:\/\/api.w.org\/{rel}","templated":true}]}}