{"id":670660,"date":"2026-09-06T07:20:49","date_gmt":"2026-09-06T07:20:49","guid":{"rendered":"https:\/\/www.europesays.com\/pl\/670660\/"},"modified":"2026-09-06T07:20:49","modified_gmt":"2026-09-06T07:20:49","slug":"oficjalnie-sklady-na-mecz-widzew-lodz","status":"publish","type":"post","link":"https:\/\/www.europesays.com\/pl\/670660\/","title":{"rendered":"Oficjalnie: sk\u0142ady na mecz Widzew \u0141\u00f3d\u017a"},"content":{"rendered":"<p><img alt=\"Obrazek newsa : Oficjalnie: sk\u0142ady na mecz Widzew \u0141\u00f3d\u017a - Radomiak Radom (05.09.2026)\" loading=\"lazy\" width=\"1200\" height=\"800\" decoding=\"async\" data-nimg=\"1\" class=\"img-fluid rounded\" style=\"color:transparent\"  src=\"https:\/\/www.europesays.com\/pl\/wp-content\/uploads\/2026\/09\/1788679247_571_image.jpeg\"\/>Shutterstock\/brunocoelho<\/p>\n<p>Przedstawiamy oficjalne sk\u0142ady na mecz Widzew \u0141\u00f3d\u017a \u2013 Radomiak Radom. Spotkanie rozpocznie si\u0119 w sobot\u0119 5 wrze\u015bnia 2026 roku o godzinie 14:45 na Stadionie Widzewa \u0141\u00f3d\u017a.<\/p>\n<p>Widzew \u0141\u00f3d\u017a Radomiak Radom oficjalne sk\u0142ady<\/p>\n<p>Widzew \u0141\u00f3d\u017a<\/p>\n<p>Wyj\u015bciowy sk\u0142ad: Bart\u0142omiej Dr\u0105gowski, Steve Kapuadi, Przemys\u0142aw Wi\u015bniewski, Mario Garc\u00eda, Marcel Krajewski, Giannis Papanikolaou, Fran \u00c1lvarez, Dani Silva, Stipe Biuk, Mariusz Fornalczyk, Karol \u015awiderski.<br \/>\nRezerwowi: Veljko Ili\u0107, Ricardo Visus, Mateusz \u017byro, Darian Males, Emil Kornvig, Lindon Selahi, Sebastian Bergier, Antoni Klukowski, Paulinho Boia.<\/p>\n<p>Radomiak Radom<\/p>\n<p>Wyj\u015bciowy sk\u0142ad: Filip Majchrowicz, Filip Koperski, Kryspin Szcz\u0119sniak, Jan Grzesik, Zi\u00e9 Ouattara, Christos Donis, Rafa\u0142 Wolski, Luquinhas, Ronaldo Afonso, Conrado, Guilherme Luiz.<br \/>\nRezerwowi: Bart\u0142omiej Gradecki, Steve Kingue, Oskar Markiewicz, Ibrahima, Kacper Karasek, Rom\u00e1rio Bar\u00f3, Manu, Fernand Gour\u00e9, Ch\u00e9 Nunnely, Abdoul Tapsoba.<\/p>\n<p>Gdzie ogl\u0105da\u0107 transmisj\u0119 meczu<\/p>\n<p>Transmisj\u0119 telewizyjn\u0105 meczu Widzew \u0141\u00f3d\u017a \u2013 Radomiak Radom b\u0119dzie mo\u017cna ogl\u0105da\u0107 na kana\u0142ach <a href=\"https:\/\/www.mecze24.pl\/canal-plus-sport-3-stream-online\" rel=\"nofollow noopener\" target=\"_blank\">Canal+ Sport 3<\/a> i <a href=\"https:\/\/www.mecze24.pl\/canal-plus-sport-4-stream-online\" rel=\"nofollow noopener\" target=\"_blank\">Canal+ Sport 4<\/a>, a p\u0142atna transmisja online b\u0119dzie dost\u0119pna w serwisie Canal+ Online.<\/p>\n<p><img decoding=\"async\" class=\"canalonline-bg dont-resize\" src=\"https:\/\/www.europesays.com\/pl\/wp-content\/uploads\/2026\/09\/1788679249_430_canalplusonline-pill.png\" alt=\"Canal+ online\"\/><\/p>\n<p>Ogl\u0105daj transmisje na \u017cywo online<\/p>\n<p><a class=\"stretched-link text-p2-bold\" href=\"https:\/\/www.mecze24.pl\/go\/canalonline?type=content&amp;item_id=77573\" onclick=\"trackLinkClick(&#039;ClickFromNewsOrArticle&#039;, &#039;Canalonline&#039;, &#039;sklady-na-mecz\/widzew-lodz-radomiak-radom-oficjalne-sklady-05-09-2026&#039;)\" target=\"_blank\" rel=\"nofollow noopener\"> Sprawd\u017a <\/a><\/p>\n","protected":false},"excerpt":{"rendered":"Shutterstock\/brunocoelho Przedstawiamy oficjalne sk\u0142ady na mecz Widzew \u0141\u00f3d\u017a \u2013 Radomiak Radom. Spotkanie rozpocznie si\u0119 w sobot\u0119 5 wrze\u015bnia&hellip;\n","protected":false},"author":2,"featured_media":670661,"comment_status":"","ping_status":"","sticky":false,"template":"","format":"standard","meta":{"footnotes":"","_share_on_mastodon":"0"},"categories":[51608],"tags":[18386,3652,52076,52075,52077,52074,52078,42,38,40,39,41,52079,52080,52081],"class_list":["post-670660","post","type-post","status-publish","format-standard","has-post-thumbnail","category-lodz","tag-gdzie-ogladac","tag-lodz","tag-mecze-live","tag-mecze-na-zywo","tag-mecze-online","tag-mecze24","tag-meczyki","tag-pl","tag-poland","tag-polish","tag-polska","tag-polski","tag-transmisje-online","tag-transmisje-tv","tag-transmisje-za-darmo"],"share_on_mastodon":{"url":"https:\/\/pubeurope.com\/@pl\/117222894137111897","error":""},"_links":{"self":[{"href":"https:\/\/www.europesays.com\/pl\/wp-json\/wp\/v2\/posts\/670660","targetHints":{"allow":["GET"]}}],"collection":[{"href":"https:\/\/www.europesays.com\/pl\/wp-json\/wp\/v2\/posts"}],"about":[{"href":"https:\/\/www.europesays.com\/pl\/wp-json\/wp\/v2\/types\/post"}],"author":[{"embeddable":true,"href":"https:\/\/www.europesays.com\/pl\/wp-json\/wp\/v2\/users\/2"}],"replies":[{"embeddable":true,"href":"https:\/\/www.europesays.com\/pl\/wp-json\/wp\/v2\/comments?post=670660"}],"version-history":[{"count":0,"href":"https:\/\/www.europesays.com\/pl\/wp-json\/wp\/v2\/posts\/670660\/revisions"}],"wp:featuredmedia":[{"embeddable":true,"href":"https:\/\/www.europesays.com\/pl\/wp-json\/wp\/v2\/media\/670661"}],"wp:attachment":[{"href":"https:\/\/www.europesays.com\/pl\/wp-json\/wp\/v2\/media?parent=670660"}],"wp:term":[{"taxonomy":"category","embeddable":true,"href":"https:\/\/www.europesays.com\/pl\/wp-json\/wp\/v2\/categories?post=670660"},{"taxonomy":"post_tag","embeddable":true,"href":"https:\/\/www.europesays.com\/pl\/wp-json\/wp\/v2\/tags?post=670660"}],"curies":[{"name":"wp","href":"https:\/\/api.w.org\/{rel}","templated":true}]}}