{"id":670680,"date":"2026-09-06T07:37:13","date_gmt":"2026-09-06T07:37:13","guid":{"rendered":"https:\/\/www.europesays.com\/pl\/670680\/"},"modified":"2026-09-06T07:37:13","modified_gmt":"2026-09-06T07:37:13","slug":"smierc-matki-i-corki-na-torach-w-olesnicy-dojmujaca-reakcja-maszynisty","status":"publish","type":"post","link":"https:\/\/www.europesays.com\/pl\/670680\/","title":{"rendered":"\u015amier\u0107 matki i c\u00f3rki na torach w Ole\u015bnicy. Dojmuj\u0105ca reakcja maszynisty"},"content":{"rendered":"<p class=\"article-p\" data-section=\"detail-body\">Z trudem opowiada\u0142, co si\u0119 wydarzy\u0142o <a href=\"https:\/\/www.fakt.pl\/wydarzenia\/polska\/wroclaw\/tragedia-na-przejezdzie-w-olesnicy-podejrzewamy-ze-byla-to-matka-z-dzieckiem\/g1sys0v\" id=\"34e3b643-5729-4791-b3cd-6aca27368850\" rel=\"nofollow noopener\" target=\"_blank\">na przej\u015bciu kolejowym niedaleko ul. Wiejskiej w Ole\u015bnicy<\/a>. Na niestrze\u017conym przej\u015bciu, z rzadka ucz\u0119szczanym, zgin\u0119\u0142y matka i c\u00f3rka. Zosta\u0142y \u015bmiertelnie potr\u0105cone przez poci\u0105g jad\u0105cy do Wroc\u0142awia.<\/p>\n<p>        Dalszy ci\u0105g artyku\u0142u pod materia\u0142em wideo <\/p>\n<p>        Ole\u015bnica. \u015amier\u0107 na przej\u015bciu kolejowym. Zgin\u0119\u0142y matka i c\u00f3rka<\/p>\n<p class=\"article-p\" data-section=\"detail-body\">Pi\u0105tkowe popo\u0142udnie, 4 wrze\u015bnia, na obrze\u017cach Ole\u015bnicy. Codziennie przeje\u017cd\u017ca tam kilkana\u015bcie poci\u0105g\u00f3w. Nim wybije godz. 15 na przej\u015bciu kolejowym, nieopodal osiedla Lucie\u0144, zaroi si\u0119 od s\u0142u\u017cb. Przyb\u0119d\u0105 z ratunkiem, lecz nie b\u0119dzie ju\u017c kogo ratowa\u0107.<\/p>\n<p class=\"article-p\" data-section=\"detail-body\">Na z rzadka ucz\u0119szczanym, niestrze\u017conym przej\u015bciu nieopodal ul. Wiejskiej dojdzie do tragedii. Nie ustrze\u017c\u0105 przed ni\u0105 specjalne bariery, kt\u00f3re maj\u0105 zatrzymywa\u0107 przed nag\u0142ym wej\u015bciem na tory. Przed jad\u0105cy poci\u0105g wbiegnie 9-latka i jej 45-letnia matka. Na reakcj\u0119 b\u0119dzie ju\u017c za p\u00f3\u017ano.<\/p>\n<p class=\"article-p\" data-section=\"detail-body\">Na niestrze\u017conym przej\u015bciu jest zawsze najniebezpieczniej. Nic nas nie ostrzega przed zbli\u017caj\u0105cym si\u0119 niebezpiecze\u0144stwem, nic nas nie chroni<\/p>\n<p class=\"article-p\" data-section=\"detail-body\">\u2013 podkre\u015bla w rozmowie z &#8222;Faktem&#8221; nadkom. Wojciech Jab\u0142o\u0144ski.<\/p>\n<p>        Relacja maszynisty. &#8222;Matka chcia\u0142a uchroni\u0107 dziecko&#8221;<\/p>\n<p class=\"article-p\" data-section=\"detail-body\">Tego dnia, wedle relacji dolno\u015bl\u0105skiej policji, matka pr\u00f3bowa\u0142a uchroni\u0107 swoje dziecko przed najgorszym. Z relacji maszynisty wy\u0142ania si\u0119 straszny obraz tego, co si\u0119 wydarzy\u0142o na torach.<\/p>\n<p class=\"article-p\" data-section=\"detail-body\">Najprawdopodobniej dosz\u0142o do nieszcz\u0119\u015bliwego wypadku. Ze wst\u0119pnych ustale\u0144 wynika, \u017ce dziewczynka wbieg\u0142a na tory pod nadje\u017cd\u017caj\u0105cy poci\u0105g, a kobieta ruszy\u0142a za ni\u0105, pr\u00f3bowa\u0142a j\u0105 z\u0142apa\u0107<\/p>\n<p class=\"article-p\" data-section=\"detail-body\">\u2013 przekazuje nam oficer dolno\u015bl\u0105skiej policji.<\/p>\n<p class=\"article-p\" data-section=\"detail-body\">Zrozpaczona 45-latka w ostatnim odruchu pr\u00f3bowa\u0142a ratowa\u0107 w\u0142asne dziecko i \u015bci\u0105gn\u0105\u0107 je z tor\u00f3w. Dosz\u0142o do potr\u0105cenia przez poci\u0105g. \u015amiertelnego.<\/p>\n<p class=\"article-p\" data-section=\"detail-body\">Wiadomo, \u017ce maszynista by\u0142 trze\u017awy. Nied\u0142ugo po wypadku zosta\u0142 przes\u0142uchany. Jak przyznaje w rozmowie z &#8222;Faktem&#8221; nadkom. Wojciech Jab\u0142o\u0144ski, m\u0119\u017cczyzna by\u0142 w szoku.<\/p>\n<p class=\"article-p\" data-section=\"detail-body\">Wyja\u015bnieniem przyczyn i okoliczno\u015bci tragicznego wypadku zajmuj\u0105 policjanci pod nadzorem prokuratury. \u2013 Czynno\u015bci na miejscu zdarzenia zosta\u0142y zako\u0144czone. Je\u015bli zajdzie tak potrzeba, to funkcjonariusze mog\u0105 tam wr\u00f3ci\u0107 \u2013 wskazuje oficer dolno\u015bl\u0105skiej policji.<\/p>\n<p class=\"article-p\" data-section=\"detail-body\">\u015aledczy bior\u0105 pod uwag\u0119 wiele hipotez. Zabezpieczane s\u0105 nagrania, przes\u0142uchiwani \u015bwiadkowie. \u2013 Niewykluczone, \u017ce do ko\u0144ca nigdy si\u0119 nie dowiemy, dlaczego matka z dzieckiem znale\u017ali si\u0119 na torach \u2013 przyznaje nadkom. Wojciech Jab\u0142o\u0144ski.<\/p>\n<p class=\"article-p\" data-section=\"detail-body\"><a href=\"https:\/\/www.fakt.pl\/wydarzenia\/polska\/rzeszow\/chorzelow-pociag-potracil-dziadka-i-wnuczke-przejmujace-szczegoly-tragedii\/vfr9134\" id=\"b1e8039d-f4ea-4d5e-8ee7-05e011c77409\" rel=\"nofollow noopener\" target=\"_blank\">Codziennie pokonywali t\u0119 tras\u0119. Straszna \u015bmier\u0107 dziadka i wnuczki. To mia\u0142o ich zatrzyma\u0107<\/a><\/p>\n<p class=\"article-p\" data-section=\"detail-body\"><a href=\"https:\/\/www.fakt.pl\/wydarzenia\/polska\/rzeszow\/chorzelow-pociag-potracil-dziadka-i-wnuczke-sledczy-ujawniaja-wyniki-sekcji\/0yz7q91\" id=\"61f66d02-63dd-4361-8bb5-d6b828024f11\" rel=\"nofollow noopener\" target=\"_blank\">Straszna \u015bmier\u0107 dziadka i wnuczki. \u015aledczy ujawniaj\u0105<\/a><\/p>\n<p class=\"article-p\" data-section=\"detail-body\">(\u0179r\u00f3d\u0142o: Fakt.pl)<\/p>\n","protected":false},"excerpt":{"rendered":"Z trudem opowiada\u0142, co si\u0119 wydarzy\u0142o na przej\u015bciu kolejowym niedaleko ul. Wiejskiej w Ole\u015bnicy. Na niestrze\u017conym przej\u015bciu, z&hellip;\n","protected":false},"author":2,"featured_media":670681,"comment_status":"","ping_status":"","sticky":false,"template":"","format":"standard","meta":{"footnotes":"","_share_on_mastodon":"0"},"categories":[12],"tags":[32,33,36,37,27,34,35,28,31,25,42,38,40,39,41,29,30,26],"class_list":["post-670680","post","type-post","status-publish","format-standard","has-post-thumbnail","category-polska","tag-breaking-news","tag-breakingnews","tag-featured-news","tag-featurednews","tag-headlines","tag-latest-news","tag-latestnews","tag-naglowki","tag-najwazniejsze-artykuly","tag-news","tag-pl","tag-poland","tag-polish","tag-polska","tag-polski","tag-top-stories","tag-topstories","tag-wiadomosci"],"share_on_mastodon":{"url":"https:\/\/pubeurope.com\/@pl\/117222955414156903","error":""},"_links":{"self":[{"href":"https:\/\/www.europesays.com\/pl\/wp-json\/wp\/v2\/posts\/670680","targetHints":{"allow":["GET"]}}],"collection":[{"href":"https:\/\/www.europesays.com\/pl\/wp-json\/wp\/v2\/posts"}],"about":[{"href":"https:\/\/www.europesays.com\/pl\/wp-json\/wp\/v2\/types\/post"}],"author":[{"embeddable":true,"href":"https:\/\/www.europesays.com\/pl\/wp-json\/wp\/v2\/users\/2"}],"replies":[{"embeddable":true,"href":"https:\/\/www.europesays.com\/pl\/wp-json\/wp\/v2\/comments?post=670680"}],"version-history":[{"count":0,"href":"https:\/\/www.europesays.com\/pl\/wp-json\/wp\/v2\/posts\/670680\/revisions"}],"wp:featuredmedia":[{"embeddable":true,"href":"https:\/\/www.europesays.com\/pl\/wp-json\/wp\/v2\/media\/670681"}],"wp:attachment":[{"href":"https:\/\/www.europesays.com\/pl\/wp-json\/wp\/v2\/media?parent=670680"}],"wp:term":[{"taxonomy":"category","embeddable":true,"href":"https:\/\/www.europesays.com\/pl\/wp-json\/wp\/v2\/categories?post=670680"},{"taxonomy":"post_tag","embeddable":true,"href":"https:\/\/www.europesays.com\/pl\/wp-json\/wp\/v2\/tags?post=670680"}],"curies":[{"name":"wp","href":"https:\/\/api.w.org\/{rel}","templated":true}]}}