{"id":670682,"date":"2026-09-06T07:38:15","date_gmt":"2026-09-06T07:38:15","guid":{"rendered":"https:\/\/www.europesays.com\/pl\/670682\/"},"modified":"2026-09-06T07:38:15","modified_gmt":"2026-09-06T07:38:15","slug":"kanada-mowi-dosc-od-wtorku-mocna-odpowiedz-na-cla-usa-2","status":"publish","type":"post","link":"https:\/\/www.europesays.com\/pl\/670682\/","title":{"rendered":"Kanada m\u00f3wi &#8222;do\u015b\u0107&#8221;. Od wtorku mocna odpowied\u017a na c\u0142a USA"},"content":{"rendered":"<p><a href=\"https:\/\/www.google.com\/preferences\/source?q=money.pl\" target=\"_blank\" rel=\"nofollow noopener\" class=\"preferred-source-banner\" id=\"preferred-source-banner\" data-vab-box=\"preferred_source_banner\"><\/p>\n<p class=\"preferred-source-banner-title\">Dodaj Money.pl &#8211; portal finansowy jako preferowane \u017ar\u00f3d\u0142o w Google<\/p>\n<p class=\"preferred-source-banner-subtitle\">Nasze tre\u015bci b\u0119d\u0105 cz\u0119\u015bciej wy\u015bwietla\u0107 si\u0119 w Twoich wynikach Google<\/p>\n<p><\/a> <\/p>\n<p><a href=\"https:\/\/www.money.pl\/gospodarka\/bedzie-odwet-premier-kanady-odpowiada-na-ruch-trumpa-7321564762802304a.html\" rel=\"noopener noreferrer nofollow\" target=\"_blank\">Ottawa og\u0142osi\u0142a c\u0142a odwetowe <\/a>po wycofaniu si\u0119 Kanady z\u00a0negocjacji z\u00a0USA i\u00a0wej\u015bciu w\u00a0\u017cycie taryf ameryka\u0144skich. Premier Mark Carney zapowiedzia\u0142 w\u00f3wczas, \u017ce reakcja strony kanadyjskiej b\u0119dzie opiera\u0107 si\u0119 na zasadzie &#8222;dolar za dolara&#8221;.<\/p>\n<p>Kanada odpowiada c\u0142ami<\/p>\n<p>Najwy\u017csze kanadyjskie c\u0142a, wynosz\u0105ce 50\u00a0proc., s\u0105 przewidziane dla niekt\u00f3rych produkt\u00f3w mleczarskich z\u00a0USA, kosmetyk\u00f3w i\u00a0cz\u0119\u015bci drewna budowlanego. Stawki na produkty stalowe i\u00a0aluminiowe wzrosn\u0105 z\u00a0obecnych 25\u00a0proc. do 50\u00a0proc., tak\u017ce w\u00a0przypadku mebli i\u00a0ubra\u0144. C\u0142a w\u00a0wysoko\u015bci 25\u00a0proc. b\u0119d\u0105 dotyczy\u0107 m.in. sprz\u0119tu AGD, ser\u00f3w, a\u00a0tak\u017ce niekt\u00f3rych produkt\u00f3w stalowych i\u00a0aluminiowych. Dzie\u0144 po og\u0142oszeniu ce\u0142 rz\u0105d wycofa\u0142 z\u00a0listy owoce morza ze wzgl\u0119du m.in. na obawy firm z\u00a0tego sektora w\u00a0Kanadzie.<\/p>\n<p> Najwi\u0119ksze b\u0142\u0119dy przy wysy\u0142aniu CV\u00a0i\u00a0szukaniu pracy &#8211;\u00a0Filip Sobel II\u00a0Pierwsza Praca #6\u00a0 <img role=\"presentation\" class=\"absolute left-1\/2 top-1\/2 max-h-[80%] max-w-[100px] -translate-x-1\/2 -translate-y-1\/2\" src=\"https:\/\/v.wpimg.pl\/ZXJfd3AudTkrBBIAbg54LGhcRlAxHQUrPgJGH2MAeGJoSQ1eIBI_K2UHAEVuBTY5KQMMXC0RPyoVERQdMgM9ejc\" loading=\"lazy\" decoding=\"async\"\/> <\/p>\n<p><a href=\"https:\/\/www.money.pl\/wiadomosci\/prezydent-usa.html\" rel=\"noopener noreferrer nofollow\" target=\"_blank\">Prezydent USA Donald Trump<\/a>, zapowiadaj\u0105c w\u00a0lipcu 50-procentowe c\u0142a, powo\u0142ywa\u0142 si\u0119 na art. 338\u00a0ustawy o\u00a0c\u0142ach z\u00a01930\u00a0r., kt\u00f3ry umo\u017cliwia USA jednostronne wprowadzenie taryf si\u0119gaj\u0105cych w\u0142a\u015bnie 50\u00a0proc. w\u00a0odpowiedzi na &#8222;nierozs\u0105dne&#8221; bariery w\u00a0handlu. Drugi z\u00a0przepis\u00f3w to art. 232\u00a0ameryka\u0144skiej ustawy z\u00a01962\u00a0r. o\u00a0rozszerzaniu handlu, kt\u00f3rego USA u\u017cy\u0142y, nak\u0142adaj\u0105c c\u0142a na stal, aluminium i\u00a0mied\u017a z\u00a0Kanady.<\/p>\n<p>Po zako\u0144czeniu misji kanadyjskich negocjator\u00f3w 21\u00a0sierpnia przed p\u00f3\u0142noc\u0105, Carney podkre\u015bla\u0142, \u017ce celem rokowa\u0144 z\u00a0USA by\u0142o osi\u0105gni\u0119cie porozumienia najlepszego dla Kanady. Jak jednak podkre\u015bli\u0142, rz\u0105d nie m\u00f3g\u0142 zaakceptowa\u0107 tego, co zaproponowa\u0142 Waszyngton. Szef rz\u0105du wyrazi\u0142 przekonanie, \u017ce &#8222;ameryka\u0144skie c\u0142a zosta\u0142y zaprojektowane tak, by zaszkodzi\u0107 (Kanadzie) i\u00a0nas (Kanad\u0119 i\u00a0USA &#8211; przyp. red.) podzieli\u0107&#8221;.<\/p>\n<p> <img role=\"presentation\" class=\"absolute left-1\/2 top-1\/2 max-h-[80%] max-w-[100px] -translate-x-1\/2 -translate-y-1\/2\" src=\"https:\/\/v.wpimg.pl\/ZXJfd3AudTkrBBIAbg54LGhcRlAxHQUrPgJGH2MAeGJoSQ1eIBI_K2UHAEVuBTY5KQMMXC0RPyoVERQdMgM9ejc\" loading=\"lazy\" decoding=\"async\"\/> <a href=\"https:\/\/www.money.pl\/gospodarka\/europa-zostaje-w-tyle-rzady-nie-rozumieja-po-co-istnieje-biznes-wywiad-7325789326420128a.html\" class=\"teaser-inline\" rel=\"nofollow noopener\" target=\"_blank\">  <img decoding=\"async\" src=\"https:\/\/www.europesays.com\/pl\/wp-content\/uploads\/2026\/09\/1788680294_831_NGMwYjA4YSYsFS9Zbk9sM29NewMoFmJlOFVjSG4FfH99D3YMKFgrNSgHNkQmRjs3LAApRDFYYSY9HnYccBsqLj4HNQs4GysqLxI9.jpeg\" loading=\"lazy\" class=\"wp-media-image cropped\" alt=\"Europa zostaje w tyle. &quot;Rz\u0105dy nie rozumiej\u0105, po co istnieje biznes&quot; [WYWIAD]\"\/><\/p>\n<p>Europa zostaje w tyle. &#8222;Rz\u0105dy nie rozumiej\u0105, po co istnieje biznes&#8221; [WYWIAD]<\/p>\n<p><\/a><\/p>\n<p>&#8222;Chcieli za du\u017co i proponowali za ma\u0142o&#8221;<\/p>\n<p>Premier wyja\u015bnia\u0142, \u017ce w\u00a0ostatnich godzinach rozm\u00f3w USA chcia\u0142y m.in. ograniczy\u0107 mo\u017cliwo\u015bci Kanady ws. zawierania nowych um\u00f3w handlowych z\u00a0innymi krajami. Podkre\u015bli\u0142, \u017ce negocjatorzy nie byli gotowi na to, by os\u0142abi\u0107 suwerenno\u015b\u0107 Kanady, zaszkodzi\u0107 kluczowym sektorom gospodarki czy ograniczy\u0107 poziom ochrony j\u0119zyka francuskiego. Ameryka\u0144skie propozycje Carney okre\u015bli\u0142 jako niekorzystne, relacjonuj\u0105c, \u017ce strona ameryka\u0144ska &#8222;chcia\u0142a za du\u017co i\u00a0proponowa\u0142a za ma\u0142o&#8221;. Uzna\u0142 te\u017c, \u017ce USA prowadz\u0105 wojn\u0119 handlow\u0105 z\u00a0Kanad\u0105.<\/p>\n<p>Carney zwr\u00f3ci\u0142 r\u00f3wnie\u017c uwag\u0119 na to, \u017ce administracja ameryka\u0144ska ustawicznie zmienia\u0142a uzasadnienie ce\u0142 nak\u0142adanych na Kanad\u0119 &#8211; od kwestii zwi\u0105zanych z\u00a0fentanylem, przez kwoty importowe na produkty mleczarskie, po dym z\u00a0po\u017car\u00f3w kanadyjskich las\u00f3w. Doda\u0142 tak\u017ce, \u017ce &#8222;podpis jest czasem sk\u0142adany o\u0142\u00f3wkiem&#8221;.<\/p>\n<p> <img role=\"presentation\" class=\"absolute left-1\/2 top-1\/2 max-h-[80%] max-w-[100px] -translate-x-1\/2 -translate-y-1\/2\" src=\"https:\/\/v.wpimg.pl\/ZXJfd3AudTkrBBIAbg54LGhcRlAxHQUrPgJGH2MAeGJoSQ1eIBI_K2UHAEVuBTY5KQMMXC0RPyoVERQdMgM9ejc\" loading=\"lazy\" decoding=\"async\"\/> <\/p>\n<p>USA zaprzeczy\u0142y kanadyjskim zarzutom, a\u00a0politycy Republikan\u00f3w poparli prezydenta.<\/p>\n<p> <a href=\"https:\/\/www.money.pl\/mobility\/powazne-zagrozenie-chiny-przejmuja-kolejny-rynek-ekspert-proponuje-wyjscie-7325028260591776a.html\" class=\"teaser-inline\" rel=\"nofollow noopener\" target=\"_blank\">  <img decoding=\"async\" src=\"https:\/\/www.europesays.com\/pl\/wp-content\/uploads\/2026\/09\/1788680295_1_OGM3NGE4YCYsUTh0ak9tM28JbC4sFmNlOBF0ZWoFfX99S2EhLFgqNShDIWkiRjo3LEQ-aTVYYCY9WmExdBsrLj5DIiY8GyoqL1Yq.jpeg\" loading=\"lazy\" class=\"wp-media-image cropped\" alt=\"&quot;Powa\u017cne zagro\u017cenie&quot;. Chiny przejmuj\u0105 kolejny rynek. Ekspert proponuje wyj\u015bcie\"\/><\/p>\n<p>&#8222;Powa\u017cne zagro\u017cenie&#8221;. Chiny przejmuj\u0105 kolejny rynek. Ekspert proponuje wyj\u015bcie<\/p>\n<p><\/a> <\/p>\n<p>Od czasu decyzji rz\u0105du Kanady o\u00a0c\u0142ach odwetowych <a href=\"https:\/\/www.money.pl\/biznes\/trump-naciska-na-apple-google-juz-zmienil-nazwe-jeziora-ontario-7324463456188448a.html\" rel=\"noopener noreferrer nofollow\" target=\"_blank\">Trump zarz\u0105dzi\u0142 w\u00a0USA zmian\u0119 nazwy jeziora Ontario na &#8222;Lake America&#8221;, cho\u0107 Kanada nadal u\u017cywa dotychczasowej nazwy<\/a>. Zarzuci\u0142 te\u017c 1\u00a0wrze\u015bnia, niezgodnie z\u00a0prawd\u0105, \u017ce ameryka\u0144skie banki nie mog\u0105 dzia\u0142a\u0107 w\u00a0Kanadzie i\u00a0wyrazi\u0142 pogl\u0105d, \u017ce kanadyjski bank centralny, czyli Bank of Canada, to jeden z\u00a0bank\u00f3w komercyjnych. Premier Carney by\u0142 w\u00a0latach 2008-13 gubernatorem Bank of Canada.<\/p>\n<p> <img role=\"presentation\" class=\"absolute left-1\/2 top-1\/2 max-h-[80%] max-w-[100px] -translate-x-1\/2 -translate-y-1\/2\" src=\"https:\/\/v.wpimg.pl\/ZXJfd3AudTkrBBIAbg54LGhcRlAxHQUrPgJGH2MAeGJoSQ1eIBI_K2UHAEVuBTY5KQMMXC0RPyoVERQdMgM9ejc\" loading=\"lazy\" decoding=\"async\"\/> <\/p>\n<p>Publiczny nadawca CBC przekaza\u0142 w\u00a0pi\u0105tek, powo\u0142uj\u0105c si\u0119 na przebieg nieoficjalnych rozm\u00f3w z\u00a0europejskimi politykami, \u017ce Unia Europejska patrzy na kanadyjsk\u0105 strategi\u0119 z\u00a0podziwem. Wed\u0142ug tych doniesie\u0144 w\u00a0Europie istnieje przekonanie, \u017ce Ottawa skutecznie wywiera nacisk na USA.<\/p>\n","protected":false},"excerpt":{"rendered":"Dodaj Money.pl &#8211; portal finansowy jako preferowane \u017ar\u00f3d\u0142o w Google Nasze tre\u015bci b\u0119d\u0105 cz\u0119\u015bciej wy\u015bwietla\u0107 si\u0119 w Twoich&hellip;\n","protected":false},"author":2,"featured_media":670683,"comment_status":"","ping_status":"","sticky":false,"template":"","format":"standard","meta":{"footnotes":"","_share_on_mastodon":"0"},"categories":[5],"tags":[32,33,36,37,27,34,35,28,31,25,42,38,40,39,41,29,30,26],"class_list":["post-670682","post","type-post","status-publish","format-standard","has-post-thumbnail","category-naglowki","tag-breaking-news","tag-breakingnews","tag-featured-news","tag-featurednews","tag-headlines","tag-latest-news","tag-latestnews","tag-naglowki","tag-najwazniejsze-artykuly","tag-news","tag-pl","tag-poland","tag-polish","tag-polska","tag-polski","tag-top-stories","tag-topstories","tag-wiadomosci"],"share_on_mastodon":{"url":"https:\/\/pubeurope.com\/@pl\/117222960555746123","error":""},"_links":{"self":[{"href":"https:\/\/www.europesays.com\/pl\/wp-json\/wp\/v2\/posts\/670682","targetHints":{"allow":["GET"]}}],"collection":[{"href":"https:\/\/www.europesays.com\/pl\/wp-json\/wp\/v2\/posts"}],"about":[{"href":"https:\/\/www.europesays.com\/pl\/wp-json\/wp\/v2\/types\/post"}],"author":[{"embeddable":true,"href":"https:\/\/www.europesays.com\/pl\/wp-json\/wp\/v2\/users\/2"}],"replies":[{"embeddable":true,"href":"https:\/\/www.europesays.com\/pl\/wp-json\/wp\/v2\/comments?post=670682"}],"version-history":[{"count":0,"href":"https:\/\/www.europesays.com\/pl\/wp-json\/wp\/v2\/posts\/670682\/revisions"}],"wp:featuredmedia":[{"embeddable":true,"href":"https:\/\/www.europesays.com\/pl\/wp-json\/wp\/v2\/media\/670683"}],"wp:attachment":[{"href":"https:\/\/www.europesays.com\/pl\/wp-json\/wp\/v2\/media?parent=670682"}],"wp:term":[{"taxonomy":"category","embeddable":true,"href":"https:\/\/www.europesays.com\/pl\/wp-json\/wp\/v2\/categories?post=670682"},{"taxonomy":"post_tag","embeddable":true,"href":"https:\/\/www.europesays.com\/pl\/wp-json\/wp\/v2\/tags?post=670682"}],"curies":[{"name":"wp","href":"https:\/\/api.w.org\/{rel}","templated":true}]}}