{"id":670690,"date":"2026-09-06T07:46:16","date_gmt":"2026-09-06T07:46:16","guid":{"rendered":"https:\/\/www.europesays.com\/pl\/670690\/"},"modified":"2026-09-06T07:46:16","modified_gmt":"2026-09-06T07:46:16","slug":"najchetniej-czytane-artykuly-tygodnia-zobacz-podsumowanie-6-09-2026-dla-bialegostoku","status":"publish","type":"post","link":"https:\/\/www.europesays.com\/pl\/670690\/","title":{"rendered":"Najch\u0119tniej czytane artyku\u0142y tygodnia. Zobacz podsumowanie 6.09.2026 dla Bia\u0142egostoku"},"content":{"rendered":"<p><img decoding=\"async\" loading=\"eager\" fetchpriority=\"high\" class=\"atomsArticleGalleryImage__mainImg\" src=\"https:\/\/www.europesays.com\/pl\/wp-content\/uploads\/2026\/09\/1788680776_686_il20260624_970030747_medium.jpg\" alt=\"Pora na przegl&#x105;d tygodnia? Z nami tygodniow&#x105; pras&#xF3;wk&#x119; z Bia&#x142;egostoku nadrobisz w kwadrans\" width=\"1920\" height=\"1280\"\/><\/p>\n<p>\n        Pora na przegl\u0105d tygodnia? Z nami tygodniow\u0105 pras\u00f3wk\u0119 z Bia\u0142egostoku nadrobisz w kwadrans<\/p>\n<p>          fot. Luis Baneres\/ Getty Images\n        <\/p>\n<p>Przygotowali\u015bmy dla Ciebie tygodniow\u0105 pras\u00f3wk\u0119. Je\u015bli w mijaj\u0105cym tygodniu by\u0142e\u015b zbyt zaj\u0119ty, by nad\u0105\u017cy\u0107 za informacjami z Bia\u0142egostoku, zobacz teraz artyku\u0142y, kt\u00f3re inni czytelnicy czytali najch\u0119tniej mi\u0119dzy 30.08 a 5.09.2026. Sprawd\u017a, czy nie min\u0119\u0142o Ci\u0119 nic wa\u017cnego.  Czy czyta\u0142e\u015b artyku\u0142: \u201eBia\u0142ystok. Nowe miejsce rozrywki! Jak z teleturnieju. Liczy si\u0119 wiedza, refleks i spryt. Wielkie otwarcie 5 wrze\u015bnia\u201d?<\/p>\n","protected":false},"excerpt":{"rendered":"Pora na przegl\u0105d tygodnia? Z nami tygodniow\u0105 pras\u00f3wk\u0119 z Bia\u0142egostoku nadrobisz w kwadrans fot. Luis Baneres\/ Getty Images&hellip;\n","protected":false},"author":2,"featured_media":670691,"comment_status":"","ping_status":"","sticky":false,"template":"","format":"standard","meta":{"footnotes":"","_share_on_mastodon":"0"},"categories":[51614],"tags":[2151,42,38,40,39,41,74764,74763],"class_list":["post-670690","post","type-post","status-publish","format-standard","has-post-thumbnail","category-bialystok","tag-bialystok","tag-pl","tag-poland","tag-polish","tag-polska","tag-polski","tag-przeglad-prasy","tag-wiadomosci-z-kraju"],"share_on_mastodon":{"url":"https:\/\/pubeurope.com\/@pl\/117222991761148503","error":""},"_links":{"self":[{"href":"https:\/\/www.europesays.com\/pl\/wp-json\/wp\/v2\/posts\/670690","targetHints":{"allow":["GET"]}}],"collection":[{"href":"https:\/\/www.europesays.com\/pl\/wp-json\/wp\/v2\/posts"}],"about":[{"href":"https:\/\/www.europesays.com\/pl\/wp-json\/wp\/v2\/types\/post"}],"author":[{"embeddable":true,"href":"https:\/\/www.europesays.com\/pl\/wp-json\/wp\/v2\/users\/2"}],"replies":[{"embeddable":true,"href":"https:\/\/www.europesays.com\/pl\/wp-json\/wp\/v2\/comments?post=670690"}],"version-history":[{"count":0,"href":"https:\/\/www.europesays.com\/pl\/wp-json\/wp\/v2\/posts\/670690\/revisions"}],"wp:featuredmedia":[{"embeddable":true,"href":"https:\/\/www.europesays.com\/pl\/wp-json\/wp\/v2\/media\/670691"}],"wp:attachment":[{"href":"https:\/\/www.europesays.com\/pl\/wp-json\/wp\/v2\/media?parent=670690"}],"wp:term":[{"taxonomy":"category","embeddable":true,"href":"https:\/\/www.europesays.com\/pl\/wp-json\/wp\/v2\/categories?post=670690"},{"taxonomy":"post_tag","embeddable":true,"href":"https:\/\/www.europesays.com\/pl\/wp-json\/wp\/v2\/tags?post=670690"}],"curies":[{"name":"wp","href":"https:\/\/api.w.org\/{rel}","templated":true}]}}