{"id":670726,"date":"2026-09-06T08:07:19","date_gmt":"2026-09-06T08:07:19","guid":{"rendered":"https:\/\/www.europesays.com\/pl\/670726\/"},"modified":"2026-09-06T08:07:19","modified_gmt":"2026-09-06T08:07:19","slug":"upal-wroci-do-polski-miejscami-nawet-30-st-c-potem-burze-i-ochlodzenie","status":"publish","type":"post","link":"https:\/\/www.europesays.com\/pl\/670726\/","title":{"rendered":"Upa\u0142 wr\u00f3ci do Polski. Miejscami nawet 30 st. C, potem burze i och\u0142odzenie"},"content":{"rendered":"<p>Do Polski wr\u00f3c\u0105 letnie, wysokie temperatury. We wtorek na Dolnym \u015al\u0105sku s\u0142upek rt\u0119ci na termometrach mo\u017ce doj\u015b\u0107 nawet do 29-30 st. C. W drugiej po\u0142owie tygodnia jednak pogoda si\u0119 za\u0142amie. Nadejd\u0105 burze z gradem, ulewy i wyra\u017ane och\u0142odzenie.<\/p>\n<p>    <img decoding=\"async\" src=\"https:\/\/www.europesays.com\/pl\/wp-content\/uploads\/2026\/09\/ZTkzOWRmdTUKGDlkfRZ4IElAbT47T3Z2Hlh1dX1caGRbAnlgZ0I8PQcfPTIiAnQzGQ8_NiUddCQHVS4nO0IsZUQeJiQiATstRB8i.jpeg\" width=\"1200\" height=\"675\" loading=\"eager\" fetchpriority=\"high\" class=\"wp-media-image\" alt=\"Zapowiadaj\u0105 si\u0119 upalne dni, ale wraz z tymi wzrostami temperatur\"\/>Zapowiadaj\u0105 si\u0119 upalne dni, ale wraz z tymi ze wzrostem temperatury pojawi\u0105 si\u0119 burze<\/p>\n<p>\u0179r\u00f3d\u0142o zdj\u0119\u0107: \u00a9 PAP<\/p>\n<p>  <img loading=\"lazy\" decoding=\"async\" src=\"https:\/\/www.europesays.com\/pl\/wp-content\/uploads\/2026\/09\/1788682039_646_ZDNkNTAydSUvCThnbgJ4MGxRbD0oW3ZmO0l0dm5Najx6W2EyKBU_NisbIXomCy80Lxw-ejEVdSU-AmEicFY-LT0bIjU4Vj8pLA4q.jpeg\"  alt=\"Barbara Kwiatkowska\" height=\"40\" width=\"40\" class=\"rounded-full select-none text-[--color-gray-700] bg-[--bg-content] wp-author-avatar\"\/>4 komentarze  Udost\u0119pnij na Facebooku    Udost\u0119pnij na X   Udost\u0119pnij na WhatsApp   Kopiuj link <\/p>\n","protected":false},"excerpt":{"rendered":"Do Polski wr\u00f3c\u0105 letnie, wysokie temperatury. We wtorek na Dolnym \u015al\u0105sku s\u0142upek rt\u0119ci na termometrach mo\u017ce doj\u015b\u0107 nawet&hellip;\n","protected":false},"author":2,"featured_media":670727,"comment_status":"","ping_status":"","sticky":false,"template":"","format":"standard","meta":{"footnotes":"","_share_on_mastodon":"0"},"categories":[12],"tags":[32,33,36,37,27,34,35,28,31,25,42,38,40,39,41,29,30,26],"class_list":["post-670726","post","type-post","status-publish","format-standard","has-post-thumbnail","category-polska","tag-breaking-news","tag-breakingnews","tag-featured-news","tag-featurednews","tag-headlines","tag-latest-news","tag-latestnews","tag-naglowki","tag-najwazniejsze-artykuly","tag-news","tag-pl","tag-poland","tag-polish","tag-polska","tag-polski","tag-top-stories","tag-topstories","tag-wiadomosci"],"share_on_mastodon":{"url":"https:\/\/pubeurope.com\/@pl\/117223073002702327","error":""},"_links":{"self":[{"href":"https:\/\/www.europesays.com\/pl\/wp-json\/wp\/v2\/posts\/670726","targetHints":{"allow":["GET"]}}],"collection":[{"href":"https:\/\/www.europesays.com\/pl\/wp-json\/wp\/v2\/posts"}],"about":[{"href":"https:\/\/www.europesays.com\/pl\/wp-json\/wp\/v2\/types\/post"}],"author":[{"embeddable":true,"href":"https:\/\/www.europesays.com\/pl\/wp-json\/wp\/v2\/users\/2"}],"replies":[{"embeddable":true,"href":"https:\/\/www.europesays.com\/pl\/wp-json\/wp\/v2\/comments?post=670726"}],"version-history":[{"count":0,"href":"https:\/\/www.europesays.com\/pl\/wp-json\/wp\/v2\/posts\/670726\/revisions"}],"wp:featuredmedia":[{"embeddable":true,"href":"https:\/\/www.europesays.com\/pl\/wp-json\/wp\/v2\/media\/670727"}],"wp:attachment":[{"href":"https:\/\/www.europesays.com\/pl\/wp-json\/wp\/v2\/media?parent=670726"}],"wp:term":[{"taxonomy":"category","embeddable":true,"href":"https:\/\/www.europesays.com\/pl\/wp-json\/wp\/v2\/categories?post=670726"},{"taxonomy":"post_tag","embeddable":true,"href":"https:\/\/www.europesays.com\/pl\/wp-json\/wp\/v2\/tags?post=670726"}],"curies":[{"name":"wp","href":"https:\/\/api.w.org\/{rel}","templated":true}]}}