{"id":670728,"date":"2026-09-06T08:08:15","date_gmt":"2026-09-06T08:08:15","guid":{"rendered":"https:\/\/www.europesays.com\/pl\/670728\/"},"modified":"2026-09-06T08:08:15","modified_gmt":"2026-09-06T08:08:15","slug":"rachunki-za-pellet-moga-zabolec-rzad-wskazuje-przyczyne-2","status":"publish","type":"post","link":"https:\/\/www.europesays.com\/pl\/670728\/","title":{"rendered":"Rachunki za pellet mog\u0105 zabole\u0107. Rz\u0105d wskazuje przyczyn\u0119"},"content":{"rendered":"<p><a href=\"https:\/\/www.google.com\/preferences\/source?q=money.pl\" target=\"_blank\" rel=\"nofollow noopener\" class=\"preferred-source-banner\" id=\"preferred-source-banner\" data-vab-box=\"preferred_source_banner\"><\/p>\n<p class=\"preferred-source-banner-title\">Dodaj Money.pl &#8211; portal finansowy jako preferowane \u017ar\u00f3d\u0142o w Google<\/p>\n<p class=\"preferred-source-banner-subtitle\">Nasze tre\u015bci b\u0119d\u0105 cz\u0119\u015bciej wy\u015bwietla\u0107 si\u0119 w Twoich wynikach Google<\/p>\n<p><\/a> <\/p>\n<p>Pod koniec sierpnia <a href=\"https:\/\/www.money.pl\/gospodarka\/ceny-pelletu-wystrzelily-sprawdzili-co-sie-stalo-7322890278611424a.html\" rel=\"noopener noreferrer nofollow\" target=\"_blank\">Urz\u0105d Ochrony Konkurencji i\u00a0Konsument\u00f3w oceni\u0142, \u017ce g\u0142\u00f3wnym powodem podwy\u017cek cen pelletu jest rosn\u0105ca popularno\u015b\u0107 piec\u00f3w na to paliwo <\/a>przy jednoczesnym ograniczeniu poda\u017cy, a\u00a0jego analizy nie wykaza\u0142y niedozwolonych prawem praktyk, kt\u00f3re mia\u0142yby ogranicza\u0107 konkurencj\u0119 na rynku. Urz\u0105d stwierdzi\u0142 r\u00f3wnie\u017c, \u017ce narz\u0119dziami, kt\u00f3re mog\u0105 z\u0142agodzi\u0107 negatywne skutki wysokich cen, dysponuje rz\u0105d, w\u00a0tym Ministerstwo Energii oraz Ministerstwo Klimatu i\u00a0\u015arodowiska.<\/p>\n<p>Pellet dro\u017cszy nawet o 20-30 proc.<\/p>\n<p>&#8222;Resort energii ma mo\u017cliwo\u015b\u0107 podj\u0119cia decyzji o\u00a0ewentualnym ograniczeniu zu\u017cycia pelletu przez przedsi\u0119biorstwa energetyczne i\u00a0ciep\u0142ownicze, w\u00a0celu ochrony indywidualnych odbiorc\u00f3w przed podwy\u017ckami. Z\u00a0kolei resort \u015brodowiska, nadzoruj\u0105cy PGL Lasy Pa\u0144stwowe, ma wp\u0142yw na krajow\u0105 poda\u017c surowca drzewnego, z\u00a0kt\u00f3rego produkowany jest pellet&#8221; &#8211; podkre\u015bli\u0142 UOKiK.<\/p>\n<p> <img role=\"presentation\" class=\"absolute left-1\/2 top-1\/2 max-h-[80%] max-w-[100px] -translate-x-1\/2 -translate-y-1\/2\" src=\"https:\/\/v.wpimg.pl\/ZXJfd3AudTkrBBIAbg54LGhcRlAxHQUrPgJGH2MAeGJoSQ1eIBI_K2UHAEVuBTY5KQMMXC0RPyoVERQdMgM9ejc\" loading=\"lazy\" decoding=\"async\"\/> Najwi\u0119ksze b\u0142\u0119dy przy wysy\u0142aniu CV\u00a0i\u00a0szukaniu pracy &#8211;\u00a0Filip Sobel II\u00a0Pierwsza Praca #6\u00a0 <\/p>\n<p>Zgodnie z\u00a0rz\u0105dow\u0105 stron\u0105 cieplo.gov.pl, cena za ton\u0119 pelletu zaczyna\u0142a si\u0119 od 1733\u00a0z\u0142 w\u00a0Wielkopolsce (stan na czerwiec), a\u00a0na pocz\u0105tku wrze\u015bnia dochodzi\u0142a do 2400\u00a0z\u0142 w\u00a0woj. \u0142\u00f3dzkim.<\/p>\n<p>Polska Rada Pelletu w\u00a0lipcu br. informowa\u0142a, \u017ce w\u00a0por\u00f3wnaniu z\u00a0czerwcem 2025\u00a0r. \u015brednie ceny detaliczne certyfikowanego pelletu klasy jako\u015bci A1 (najwy\u017cszej jako\u015bci pellet do stosowania w\u00a0kot\u0142ach i\u00a0piecach ogrzewaj\u0105cych gospodarstwa domowe) wzros\u0142y o\u00a020\u201330 proc. W\u00a0zale\u017cno\u015bci od regionu, producenta oraz kana\u0142u sprzeda\u017cy wzrost ten mo\u017ce by\u0107 jeszcze wy\u017cszy.<\/p>\n<p> <img role=\"presentation\" class=\"absolute left-1\/2 top-1\/2 max-h-[80%] max-w-[100px] -translate-x-1\/2 -translate-y-1\/2\" src=\"https:\/\/v.wpimg.pl\/ZXJfd3AudTkrBBIAbg54LGhcRlAxHQUrPgJGH2MAeGJoSQ1eIBI_K2UHAEVuBTY5KQMMXC0RPyoVERQdMgM9ejc\" loading=\"lazy\" decoding=\"async\"\/> <\/p>\n<p>Ministerstwo Energii w\u00a0odpowiedzi na pytania PAP przyzna\u0142o, \u017ce utrzymuj\u0105ce si\u0119 na poziomie wy\u017cszym ni\u017c w\u00a0ubieg\u0142ym roku <a href=\"https:\/\/www.money.pl\/wiadomosci\/pellet.html\" rel=\"noopener noreferrer nofollow\" target=\"_blank\">ceny pelletu <\/a>wynikaj\u0105 m.in. ze zwi\u0119kszonego popytu. <\/p>\n<blockquote><p>Na ceny wp\u0142ywaj\u0105 r\u00f3wnie\u017c ograniczona dost\u0119pno\u015b\u0107 biomasy, wzrost cen surowca do produkcji pelletu, w\u00a0tym trocin, oraz pozosta\u0142ych koszt\u00f3w produkcji &#8211; doda\u0142 resort.<\/p><\/blockquote>\n<p>Jednocze\u015bnie stwierdzi\u0142, \u017ce przedsi\u0119biorstwa energetyczne i\u00a0ciep\u0142ownicze korzystaj\u0105 przede wszystkim z\u00a0tych rodzaj\u00f3w biomasy, kt\u00f3re nie s\u0105 wykorzystywane w\u00a0ogrzewnictwie indywidualnym, m.in. pelletu technicznego, zr\u0119bk\u00f3w oraz produkt\u00f3w ubocznych przemys\u0142u drzewnego. &#8222;Wysokiej jako\u015bci pellet drzewny, wykorzystywany przez gospodarstwa domowe, stanowi odr\u0119bny segment rynku&#8221; &#8211; podkre\u015bli\u0142o ME.<\/p>\n<p> <img role=\"presentation\" class=\"absolute left-1\/2 top-1\/2 max-h-[80%] max-w-[100px] -translate-x-1\/2 -translate-y-1\/2\" src=\"https:\/\/v.wpimg.pl\/ZXJfd3AudTkrBBIAbg54LGhcRlAxHQUrPgJGH2MAeGJoSQ1eIBI_K2UHAEVuBTY5KQMMXC0RPyoVERQdMgM9ejc\" loading=\"lazy\" decoding=\"async\"\/> <\/p>\n<p>Zapewni\u0142o, \u017ce monitoruje sytuacj\u0119 na rynku paliw i\u00a0no\u015bnik\u00f3w energii w\u00a0zakresie niezb\u0119dnym do realizacji zada\u0144 wynikaj\u0105cych z\u00a0obowi\u0105zuj\u0105cych przepis\u00f3w prawa oraz prowadzenia polityki energetycznej pa\u0144stwa.<\/p>\n<p> <a href=\"https:\/\/www.money.pl\/finanse\/ceny-pelletu-wystrzelily-wlasciciele-kotlow-nabici-w-butelke-7326384466888864a.html\" class=\"teaser-inline\" rel=\"nofollow noopener\" target=\"_blank\">  <img decoding=\"async\" src=\"https:\/\/www.europesays.com\/pl\/wp-content\/uploads\/2026\/09\/1788682094_368_NGVhYzI2YSY3Ci9JZklsM3RSexMgEGJlI0pjWGYDfH9mEHYcIF4rNTMYNlQuQDs3Nx8pVDleYSYmAXYMeB0qLiUYNRswHSsqNA09.jpeg\" loading=\"lazy\" class=\"wp-media-image cropped\" alt=\"Ceny pelletu wystrzeli\u0142y. Ekspert nie ma z\u0142udze\u0144. &quot;Nabici w butelk\u0119&quot;\"\/><\/p>\n<p>Ceny pelletu wystrzeli\u0142y. Ekspert nie ma z\u0142udze\u0144. &#8222;Nabici w butelk\u0119&#8221;<\/p>\n<p><\/a> <\/p>\n<p>W\u00a0ocenie resortu istotne znaczenie dla sytuacji na rynku pelletu ma r\u00f3wnie\u017c zapewnienie odpowiedniej poda\u017cy surowca drzewnego przez Lasy Pa\u0144stwowe. &#8222;Kwestie zwi\u0105zane z\u00a0gospodark\u0105 le\u015bn\u0105 i\u00a0poda\u017c\u0105 drewna pozostaj\u0105 w\u00a0kompetencji ministra w\u0142a\u015bciwego do spraw \u015brodowiska. Kwestia stabilno\u015bci poda\u017cy jest r\u00f3wnie\u017c przedmiotem prac Rady do spraw Przemys\u0142u Drzewnego i\u00a0Meblarskiego w\u00a0Ministerstwie Rozwoju i\u00a0Technologii, kt\u00f3rej zadaniem jest m.in. wypracowywanie rekomendacji dotycz\u0105cych zarz\u0105dzania zasobami le\u015bnymi oraz zasad sprzeda\u017cy drewna&#8221; &#8211; zauwa\u017cy\u0142 resort.<\/p>\n<p> <img role=\"presentation\" class=\"absolute left-1\/2 top-1\/2 max-h-[80%] max-w-[100px] -translate-x-1\/2 -translate-y-1\/2\" src=\"https:\/\/v.wpimg.pl\/ZXJfd3AudTkrBBIAbg54LGhcRlAxHQUrPgJGH2MAeGJoSQ1eIBI_K2UHAEVuBTY5KQMMXC0RPyoVERQdMgM9ejc\" loading=\"lazy\" decoding=\"async\"\/> <\/p>\n<p>Ministerstwo Klimatu i\u00a0\u015arodowiska podkre\u015bli\u0142o, \u017ce wielko\u015b\u0107 pozyskania drewna przez Lasy Pa\u0144stwowe utrzymuje si\u0119 w\u00a0ostatnich latach na stabilnym poziomie; w\u00a02023\u00a0r. by\u0142o to ponad 39\u00a0mln m\u00a0sze\u015bc., w\u00a02024\u00a0r. &#8211; ponad 40\u00a0mln m\u00a0sze\u015bc. oraz ponad 39\u00a0mln m\u00a0sze\u015bc. w\u00a02025\u00a0r. &#8222;Oznacza to, \u017ce dost\u0119p do surowca nie zosta\u0142 ograniczony&#8221; &#8211; przekonuje ministerstwo.<\/p>\n<p>O trociny i zr\u0119bki walczy kilka bran\u017c<\/p>\n<p>W\u00a0ocenie MKi\u015a g\u0142\u00f3wnym wyzwaniem jest obecnie rosn\u0105ca konkurencja o\u00a0dost\u0119pne zasoby biomasy pomi\u0119dzy przemys\u0142em drzewnym, energetyk\u0105, ciep\u0142ownictwem oraz gospodarstwami domowymi. Dotyczy to &#8211; zdaniem resortu &#8211; w\u00a0szczeg\u00f3lno\u015bci produkt\u00f3w ubocznych przerobu drewna, takich jak trociny, zr\u0119bki i\u00a0wi\u00f3ry, kt\u00f3re stanowi\u0105 podstawowy surowiec do produkcji pelletu.<\/p>\n<p> <a href=\"https:\/\/www.money.pl\/gospodarka\/kobiety-gonia-mezczyzn-pod-wzgledem-zarobkow-ale-nie-za-te-sama-prace-analiza-7325764190410912a.html\" class=\"teaser-inline\" rel=\"nofollow noopener\" target=\"_blank\">  <img decoding=\"async\" src=\"https:\/\/www.europesays.com\/pl\/wp-content\/uploads\/2026\/09\/1788682095_623_MDVlMTdhYiU3DjtnSxNvMHRWbz0NSmFmI053dktZf3xmFGIyDQQoNjMcInoDGjg0Nxs9ehQEYiUmBWIiVUcpLSUcITUdRygpNAkp.jpeg\" loading=\"lazy\" class=\"wp-media-image cropped\" alt=\"Kobiety goni\u0105 m\u0119\u017cczyzn pod wzgl\u0119dem zarobk\u00f3w. Ale nie za t\u0119 sam\u0105 prac\u0119 [ANALIZA]\"\/><\/p>\n<p>Kobiety goni\u0105 m\u0119\u017cczyzn pod wzgl\u0119dem zarobk\u00f3w. Ale nie za t\u0119 sam\u0105 prac\u0119 [ANALIZA]<\/p>\n<p><\/a> <img role=\"presentation\" class=\"absolute left-1\/2 top-1\/2 max-h-[80%] max-w-[100px] -translate-x-1\/2 -translate-y-1\/2\" src=\"https:\/\/v.wpimg.pl\/ZXJfd3AudTkrBBIAbg54LGhcRlAxHQUrPgJGH2MAeGJoSQ1eIBI_K2UHAEVuBTY5KQMMXC0RPyoVERQdMgM9ejc\" loading=\"lazy\" decoding=\"async\"\/> <\/p>\n<p>&#8222;Wnioski z\u00a0prowadzonych analiz wskazuj\u0105, \u017ce kluczowym wyzwaniem nie jest obecnie poziom pozyskania drewna, kt\u00f3ry pozostaje stabilny, lecz efektywne gospodarowanie zasobami biomasy. Z\u00a0tego wzgl\u0119du istotne znaczenie ma realizacja zasady kaskadowego wykorzystania drewna, dywersyfikacja \u017ar\u00f3de\u0142 biomasy oraz stopniowa transformacja ciep\u0142ownictwa w\u00a0kierunku rozwi\u0105za\u0144 opartych na elektryfikacji i\u00a0innych bezemisyjnych \u017ar\u00f3d\u0142ach energii&#8221; &#8211; stwierdzi\u0142 resort klimatu.<\/p>\n<p>W\u015br\u00f3d lipcowych postulat\u00f3w Polskiej Rady Pelletu znalaz\u0142y si\u0119 wprowadzenie ulgi podatkowej dla nabywc\u00f3w pelletu do ogrzewania oraz umo\u017cliwienie korzystania z\u00a0pelletu pochodzenia rolniczego.<\/p>\n","protected":false},"excerpt":{"rendered":"Dodaj Money.pl &#8211; portal finansowy jako preferowane \u017ar\u00f3d\u0142o w Google Nasze tre\u015bci b\u0119d\u0105 cz\u0119\u015bciej wy\u015bwietla\u0107 si\u0119 w Twoich&hellip;\n","protected":false},"author":2,"featured_media":670729,"comment_status":"","ping_status":"","sticky":false,"template":"","format":"standard","meta":{"footnotes":"","_share_on_mastodon":"0"},"categories":[5],"tags":[32,33,36,37,27,34,35,28,31,25,42,38,40,39,41,29,30,26],"class_list":["post-670728","post","type-post","status-publish","format-standard","has-post-thumbnail","category-naglowki","tag-breaking-news","tag-breakingnews","tag-featured-news","tag-featurednews","tag-headlines","tag-latest-news","tag-latestnews","tag-naglowki","tag-najwazniejsze-artykuly","tag-news","tag-pl","tag-poland","tag-polish","tag-polska","tag-polski","tag-top-stories","tag-topstories","tag-wiadomosci"],"share_on_mastodon":{"url":"","error":""},"_links":{"self":[{"href":"https:\/\/www.europesays.com\/pl\/wp-json\/wp\/v2\/posts\/670728","targetHints":{"allow":["GET"]}}],"collection":[{"href":"https:\/\/www.europesays.com\/pl\/wp-json\/wp\/v2\/posts"}],"about":[{"href":"https:\/\/www.europesays.com\/pl\/wp-json\/wp\/v2\/types\/post"}],"author":[{"embeddable":true,"href":"https:\/\/www.europesays.com\/pl\/wp-json\/wp\/v2\/users\/2"}],"replies":[{"embeddable":true,"href":"https:\/\/www.europesays.com\/pl\/wp-json\/wp\/v2\/comments?post=670728"}],"version-history":[{"count":0,"href":"https:\/\/www.europesays.com\/pl\/wp-json\/wp\/v2\/posts\/670728\/revisions"}],"wp:featuredmedia":[{"embeddable":true,"href":"https:\/\/www.europesays.com\/pl\/wp-json\/wp\/v2\/media\/670729"}],"wp:attachment":[{"href":"https:\/\/www.europesays.com\/pl\/wp-json\/wp\/v2\/media?parent=670728"}],"wp:term":[{"taxonomy":"category","embeddable":true,"href":"https:\/\/www.europesays.com\/pl\/wp-json\/wp\/v2\/categories?post=670728"},{"taxonomy":"post_tag","embeddable":true,"href":"https:\/\/www.europesays.com\/pl\/wp-json\/wp\/v2\/tags?post=670728"}],"curies":[{"name":"wp","href":"https:\/\/api.w.org\/{rel}","templated":true}]}}