{"id":670734,"date":"2026-09-06T08:17:12","date_gmt":"2026-09-06T08:17:12","guid":{"rendered":"https:\/\/www.europesays.com\/pl\/670734\/"},"modified":"2026-09-06T08:17:12","modified_gmt":"2026-09-06T08:17:12","slug":"festyn-rodzinno-sportowy-na-bulwarach-bia24-pl","status":"publish","type":"post","link":"https:\/\/www.europesays.com\/pl\/670734\/","title":{"rendered":"Festyn rodzinno-sportowy na bulwarach &#8211; Bia24.pl"},"content":{"rendered":"<p>Ju\u017c w\u00a0niedziel\u0119 (6 wrze\u015bnia) Miasto Bia\u0142ystok zaprasza na\u00a0festyn rodzinno-sportowy na\u00a0bulwarach przy ul. W\u0142\u00f3kienniczej. Wydarzenie ma promowa\u0107 zdrowy tryb \u017cycia i\u00a0zach\u0119ca\u0107 Bia\u0142ostoczan do\u00a0aktywno\u015bci na\u00a0\u015bwie\u017cym powietrzu.<\/p>\n<p>Festyn odb\u0119dzie si\u0119 w\u00a0najbli\u017csz\u0105 niedziel\u0119 na\u00a0bulwarach przy rzece Bia\u0142ej, obok p\u0142ywalni BOSiR. Potrwa od\u00a012.00 do\u00a016.00. Sw\u00f3j udzia\u0142 zapowiedzia\u0142o wiele bia\u0142ostockich klub\u00f3w\u00a0sportowych reprezentuj\u0105cych r\u00f3\u017cne dyscypliny: BAS BIA\u0141YSTOK, Akademia Pi\u0142karska Le\u015bna, Jagiellonia Bia\u0142ystok, Akademia Tenisa BKT MAT BIA\u0141YSTOK, START Bia\u0142ystok, Fulbalo Bia\u0142ystok, Klub Pi\u0142ki R\u0119cznej Bia\u0142ystok, Klub Sportowy Wsch\u00f3d. Zaplanowano liczne pokazy oraz\u00a0treningi otwarte. Mieszka\u0144cy b\u0119d\u0105 mogli osobi\u015bcie pozna\u0107 ich ofert\u0119, wsp\u00f3lnie po\u0107wiczy\u0107, porozmawia\u0107 z\u00a0trenerami i\u00a0spr\u00f3bowa\u0107 swoich sil w\u00a0r\u00f3\u017cnych dyscyplinach.<\/p>\n<p>Opr\u00f3cz strefy typowo sportowej na\u00a0bulwarach pojawi\u0105 si\u0119 tak\u017ce namioty edukacyjne i\u00a0profilaktyczne przygotowane przez\u00a0urz\u0119dy oraz\u00a0s\u0142u\u017cby mundurowe. Swoje stoiska wystawi\u0105 Pa\u0144stwowa Inspekcja Pracy, Stra\u017c Po\u017carna, Bia\u0142ostocki Urz\u0105d Statystyczny, Wodoci\u0105gi Bia\u0142ostockie, Podlaski Pa\u0144stwowy Inspektor Sanitarny w\u00a0Bia\u0142ymstoku, Stra\u017c Miejska, Policja, a\u00a0tak\u017ce Urz\u0105d Miejski (edukacyjne).<\/p>\n<p>Wydarzenie sfinansowane jest z\u00a0bud\u017cetu Miasta Bia\u0142ystok, a\u00a0jego pomys\u0142odawczyni\u0105 jest radna Rady Miasta Jolanta Chudzik.<\/p>\n<p>\u2013 Do\u00a0wsp\u00f3lnej zabawy zapraszamy szczeg\u00f3lnie mieszka\u0144c\u00f3w\u00a0Osiedla Centrum, poniewa\u017c na\u00a0ich terenie odb\u0119dzie si\u0119 ten festyn, kt\u00f3ry stworzy okazj\u0119 do\u00a0ciekawych spotka\u0144, poznania s\u0105siad\u00f3w, os\u00f3b ze\u00a0swego osiedla \u2013 \u00a0doda\u0142a radna Rady Miasta Bia\u0142ystok Jowita Chudzik. \u2013 Ale oczywi\u015bcie mile widziani b\u0119d\u0105 wszyscy mieszka\u0144cy naszego miasta.<\/p>\n<p>Nie zabraknie atrakcji dla najm\u0142odszych i\u00a0rodzin z\u00a0dzie\u0107mi. B\u0119dzie mo\u017cna uczestniczy\u0107 w\u00a0grach i\u00a0zabawach sprawno\u015bciowych, zespo\u0142owych, ruchowych, wzi\u0105\u0107 udzia\u0142 w\u00a0rywalizacjach rodzinnych. Kolejne propozycje oferuje stoisko z\u00a0balonami i\u00a0ba\u0144kami mydlanymi, b\u0119dzie te\u017c malowanie twarzy, dmucha\u0144ce, eurobunge, giga gry i\u00a0giga klocki, fotobudka, k\u0105cik malucha i\u00a0plastyczny. Na\u00a0festyn zaproszona jest tak\u017ce Fundacja Graj\u0105cy Bia\u0142ystok, kt\u00f3ra przestawi ofert\u0119 gier planszowych.<\/p>\n<p>Wst\u0119p i\u00a0udzia\u0142 we wszystkich wydarzeniach s\u0105 bezp\u0142atne.<\/p>\n<p><img decoding=\"async\" src=\"https:\/\/www.europesays.com\/pl\/wp-content\/uploads\/2026\/09\/0x0.jpg\" alt=\"\" class=\"article-image__image\"\/> <\/p>\n","protected":false},"excerpt":{"rendered":"Ju\u017c w\u00a0niedziel\u0119 (6 wrze\u015bnia) Miasto Bia\u0142ystok zaprasza na\u00a0festyn rodzinno-sportowy na\u00a0bulwarach przy ul. W\u0142\u00f3kienniczej. Wydarzenie ma promowa\u0107 zdrowy tryb&hellip;\n","protected":false},"author":2,"featured_media":670735,"comment_status":"","ping_status":"","sticky":false,"template":"","format":"standard","meta":{"footnotes":"","_share_on_mastodon":"0"},"categories":[51614],"tags":[2151,42,38,40,39,41],"class_list":["post-670734","post","type-post","status-publish","format-standard","has-post-thumbnail","category-bialystok","tag-bialystok","tag-pl","tag-poland","tag-polish","tag-polska","tag-polski"],"share_on_mastodon":{"url":"https:\/\/pubeurope.com\/@pl\/117223113713164775","error":""},"_links":{"self":[{"href":"https:\/\/www.europesays.com\/pl\/wp-json\/wp\/v2\/posts\/670734","targetHints":{"allow":["GET"]}}],"collection":[{"href":"https:\/\/www.europesays.com\/pl\/wp-json\/wp\/v2\/posts"}],"about":[{"href":"https:\/\/www.europesays.com\/pl\/wp-json\/wp\/v2\/types\/post"}],"author":[{"embeddable":true,"href":"https:\/\/www.europesays.com\/pl\/wp-json\/wp\/v2\/users\/2"}],"replies":[{"embeddable":true,"href":"https:\/\/www.europesays.com\/pl\/wp-json\/wp\/v2\/comments?post=670734"}],"version-history":[{"count":0,"href":"https:\/\/www.europesays.com\/pl\/wp-json\/wp\/v2\/posts\/670734\/revisions"}],"wp:featuredmedia":[{"embeddable":true,"href":"https:\/\/www.europesays.com\/pl\/wp-json\/wp\/v2\/media\/670735"}],"wp:attachment":[{"href":"https:\/\/www.europesays.com\/pl\/wp-json\/wp\/v2\/media?parent=670734"}],"wp:term":[{"taxonomy":"category","embeddable":true,"href":"https:\/\/www.europesays.com\/pl\/wp-json\/wp\/v2\/categories?post=670734"},{"taxonomy":"post_tag","embeddable":true,"href":"https:\/\/www.europesays.com\/pl\/wp-json\/wp\/v2\/tags?post=670734"}],"curies":[{"name":"wp","href":"https:\/\/api.w.org\/{rel}","templated":true}]}}