{"id":670752,"date":"2026-09-06T08:28:24","date_gmt":"2026-09-06T08:28:24","guid":{"rendered":"https:\/\/www.europesays.com\/pl\/670752\/"},"modified":"2026-09-06T08:28:24","modified_gmt":"2026-09-06T08:28:24","slug":"polska-przejdzie-pod-wplyw-wyzu-zmiana-w-pogodzie-zacznie-sie-we-wtorek","status":"publish","type":"post","link":"https:\/\/www.europesays.com\/pl\/670752\/","title":{"rendered":"\u201ePolska przejdzie pod wp\u0142yw wy\u017cu&#8221;. Zmiana w pogodzie, zacznie si\u0119 we wtorek"},"content":{"rendered":"<p>Dlaczego w niedziel\u0119 w Polsce mo\u017cliwe s\u0105 s\u0142abe burze.\u00a0<\/p>\n<p>Jaka pogoda czeka nas w kolejnych dniach.\u00a0<\/p>\n<p>Od kiedy nast\u0105pi zmiana w pogodzie.<\/p>\n<p>    <a name=\"eztoc42755330_0_5\" id=\"eztoc42755330_0_5\"\/>Polska pod wp\u0142ywem wy\u017cu. Synoptycy podali prognozy pogody<\/p>\n<p>\u201ePolska od zachodu przejdzie pod wp\u0142yw wy\u017cu znad pogranicza niemiecko-czeskiego, jedynie p\u00f3\u0142nocny wsch\u00f3d b\u0119dzie jeszcze pod wp\u0142ywem s\u0142abn\u0105cej zatoki ni\u017cu znad p\u00f3\u0142nocno-wschodniej Rosji&#8221; \u2013 podali synoptycy z<br \/>\n<a href=\"https:\/\/wiadomosci.radiozet.pl\/tag\/kategoria\/imgw\" target=\"_self\" rel=\"dofollow noopener\">IMGW<\/a>.\u00a0Na Mazurach i Suwalszczy\u017anie powietrze polarne morskie nap\u0142ywaj\u0105ce z p\u00f3\u0142nocnego zachodu cechowa\u0107 si\u0119 b\u0119dzie nisk\u0105 zawarto\u015bci\u0105 wilgoci z\u00a0niewielkimi zasobami energii konwekcji i niewielk\u0105 niestabilno\u015bci\u0105.\u00a0Podwy\u017cszony parametr SHEAR\u00a0mo\u017ce sprzyja\u0107 tworzeniu si\u0119 uk\u0142ad\u00f3w zorganizowanych. Parametry nie wskazuj\u0105 na wyst\u0119powanie g\u0142\u0119bokiej konwekcji, w zwi\u0105zku z czym w niedziel\u0119 w p\u00f3\u0142nocno-wschodniej cz\u0119\u015bci kraju\u00a0mo\u017cliwe s\u0105 s\u0142abe<br \/>\n<a href=\"https:\/\/wiadomosci.radiozet.pl\/tag\/kategoria\/burze\" target=\"_self\" rel=\"dofollow noopener\">burze<\/a>.<\/p>\n<p>Ze wzgl\u0119du na szybki przep\u0142yw, zw\u0142aszcza w \u015brodkowej i g\u00f3rnej troposferze sumy opad\u00f3w nie powinny przekroczy\u0107 10-15 mm. Podczas burz mog\u0105 wyst\u0105pi\u0107 porywy do oko\u0142o 60-65 km na godz. Grad nie jest prognozowany.\u00a0W poniedzia\u0142ek zachmurzenie ma\u0142e i umiarkowane na p\u00f3\u0142nocny wschodzie okresami wzrastaj\u0105ce do du\u017cego i tam mo\u017cliwe przelotne opady deszczu. Temperatura maksymalna od 18 st. C do 23 st. C. <\/p>\n<p><a name=\"eztoc42755330_0_6\" id=\"eztoc42755330_0_6\"\/>Zmiana w pogodzie. Zrobi si\u0119 niemal\u017ce upalnie<\/p>\n<p>We wtorek czeka nas zmiana w pogodzie. Zachmurzenie ma\u0142e i umiarkowane, jedynie na p\u00f3\u0142nocnym zachodzie i zachodzie zachmurzenie okresami du\u017ce i tam miejscami przelotne opady deszczu raz lokalne burze. Termometry na po\u0142udniu poka\u017c\u0105 nawet do 28 st. C.\u00a0Temperatura maksymalna od oko\u0142o 20 st. C, 23 st. C na p\u00f3\u0142nocy.\u00a0Wiatr s\u0142aby i umiarkowany, na wybrze\u017cu oraz w czasie burz porywisty, po\u0142udniowy i po\u0142udniowo-zachodni.<\/p>\n<p>Jeszcze cieplej mo\u017ce zrobi\u0107 si\u0119 w \u015brod\u0119.\u00a0Temperatura maksymalna od oko\u0142o 20 st. C nad morzem, oko\u0142o 24 st. C w centrum do 29 st. C miejscami na po\u0142udniu. Zachmurzenie du\u017ce z przelotnymi opadami deszczu oraz lokalnymi burzami.\u00a0Wiatr umiarkowany i do\u015b\u0107 silny, w porywach do 60 km na godz., nad morzem do 70 km na godz., po\u0142udniowo-zachodni i zachodni. W czwartek zrobi si\u0119 ju\u017c nieco ch\u0142odniej. Temperatura maksymalna od 17 st. C do 21 st. C.<\/p>\n<p>\u0179r\u00f3d\u0142o: Radio ZET\/IMGW<\/p>\n<p>By\u0142e\u015b \u015bwiadkiem czego\u015b niespodziewanego? Masz temat, kt\u00f3rym powinni\u015bmy si\u0119 zaj\u0105\u0107?<\/p>\n<p>Zg\u0142o\u015b spraw\u0119 przez <a href=\"https:\/\/wiadomosci.radiozet.pl\/czerwony-telefon\" target=\"_blank\" title=\"Czerwony telefon Radia Zet\" rel=\"nofollow noopener\">Czerwony telefon Radia ZET<\/a><\/p>\n","protected":false},"excerpt":{"rendered":"Dlaczego w niedziel\u0119 w Polsce mo\u017cliwe s\u0105 s\u0142abe burze.\u00a0 Jaka pogoda czeka nas w kolejnych dniach.\u00a0 Od kiedy&hellip;\n","protected":false},"author":2,"featured_media":670753,"comment_status":"","ping_status":"","sticky":false,"template":"","format":"standard","meta":{"footnotes":"","_share_on_mastodon":"0"},"categories":[12],"tags":[14276,167,42,78,38,40,39,41,1600],"class_list":["post-670752","post","type-post","status-publish","format-standard","has-post-thumbnail","category-polska","tag-burze","tag-imgw","tag-pl","tag-pogoda","tag-poland","tag-polish","tag-polska","tag-polski","tag-prognoza-pogody"],"share_on_mastodon":{"url":"https:\/\/pubeurope.com\/@pl\/117223155778853869","error":""},"_links":{"self":[{"href":"https:\/\/www.europesays.com\/pl\/wp-json\/wp\/v2\/posts\/670752","targetHints":{"allow":["GET"]}}],"collection":[{"href":"https:\/\/www.europesays.com\/pl\/wp-json\/wp\/v2\/posts"}],"about":[{"href":"https:\/\/www.europesays.com\/pl\/wp-json\/wp\/v2\/types\/post"}],"author":[{"embeddable":true,"href":"https:\/\/www.europesays.com\/pl\/wp-json\/wp\/v2\/users\/2"}],"replies":[{"embeddable":true,"href":"https:\/\/www.europesays.com\/pl\/wp-json\/wp\/v2\/comments?post=670752"}],"version-history":[{"count":0,"href":"https:\/\/www.europesays.com\/pl\/wp-json\/wp\/v2\/posts\/670752\/revisions"}],"wp:featuredmedia":[{"embeddable":true,"href":"https:\/\/www.europesays.com\/pl\/wp-json\/wp\/v2\/media\/670753"}],"wp:attachment":[{"href":"https:\/\/www.europesays.com\/pl\/wp-json\/wp\/v2\/media?parent=670752"}],"wp:term":[{"taxonomy":"category","embeddable":true,"href":"https:\/\/www.europesays.com\/pl\/wp-json\/wp\/v2\/categories?post=670752"},{"taxonomy":"post_tag","embeddable":true,"href":"https:\/\/www.europesays.com\/pl\/wp-json\/wp\/v2\/tags?post=670752"}],"curies":[{"name":"wp","href":"https:\/\/api.w.org\/{rel}","templated":true}]}}