{"id":670768,"date":"2026-09-06T08:37:13","date_gmt":"2026-09-06T08:37:13","guid":{"rendered":"https:\/\/www.europesays.com\/pl\/670768\/"},"modified":"2026-09-06T08:37:13","modified_gmt":"2026-09-06T08:37:13","slug":"nieslychane-reaguje-na-kolejne-zatrzymanie-ws-zondy","status":"publish","type":"post","link":"https:\/\/www.europesays.com\/pl\/670768\/","title":{"rendered":"&#8222;Nies\u0142ychane&#8221;. Reaguje na kolejne zatrzymanie ws. Zondy"},"content":{"rendered":"<p>W sobot\u0119 po po\u0142udniu policjanci w zwi\u0105zku ze \u015bledztwem ws. Zondacrypto zatrzymali kolejn\u0105 osob\u0119, Romana \u017b. W reakcji szef Kancelarii Prezydenta Zbigniew Bogucki oceni\u0142, \u017ce rz\u0105dz\u0105cy dysponowali instrumentami prawnymi pozwalaj\u0105cymi skutecznie \u015bciga\u0107 przest\u0119pstwa na rynku kryptoaktyw\u00f3w bez uchwalania odr\u0119bnej ustawy, ale zamiast dba\u0107 o bezpiecze\u0144stwo Polak\u00f3w, &#8222;woleli bi\u0107 polityczn\u0105 pian\u0119&#8221;.<\/p>\n<p>    <img decoding=\"async\" src=\"https:\/\/www.europesays.com\/pl\/wp-content\/uploads\/2026\/09\/ZWU5MGU5dTY0Vzt0ek54I3cPby48F3Z1IBd3ZXoEaGdlTXtwYBo8PjlQPyIlWnQwJ0A9JiJFdCc5Giw3PBosZnpRJDQlWTsuelAg.jpeg\" width=\"1200\" height=\"675\" loading=\"eager\" fetchpriority=\"high\" class=\"wp-media-image\" alt=\"Kolejne zatrzymanie ws. Zondacrypto. Szef kancelarii Nawrockiego reaguje\"\/>Kolejne zatrzymanie ws. Zondacrypto. Szef kancelarii Nawrockiego reaguje<\/p>\n<p>\u0179r\u00f3d\u0142o zdj\u0119\u0107: \u00a9 NurPhoto via Getty Images, PAP, X | Albert Zawada, Jakub Porzycki, Zbigniew Bogucki<\/p>\n<p>  <img loading=\"lazy\" decoding=\"async\" src=\"https:\/\/www.europesays.com\/pl\/wp-content\/uploads\/2026\/09\/1788683833_895_YWRhLmpwdjYzCjpeXwx7I3BSbgQZVXV1J0p2T19DaS9mWGMJXgApPj8PYh0cWGtmYFl1WEJPamN_RXtaQkBgZ2BedEIEGDQ2IRJh.jpeg\"  alt=\"Tomasz S\u0105siada\" height=\"40\" width=\"40\" class=\"rounded-full select-none text-[--color-gray-700] bg-[--bg-content] wp-author-avatar\"\/>157 komentarzy S\u0142uchaj  Udost\u0119pnij na Facebooku    Udost\u0119pnij na X   Udost\u0119pnij na WhatsApp   Kopiuj link <\/p>\n<p>D\u017awi\u0119k zosta\u0142 wygenerowany automatycznie i mo\u017ce zawiera\u0107 b\u0142\u0119dy<\/p>\n","protected":false},"excerpt":{"rendered":"W sobot\u0119 po po\u0142udniu policjanci w zwi\u0105zku ze \u015bledztwem ws. Zondacrypto zatrzymali kolejn\u0105 osob\u0119, Romana \u017b. W reakcji&hellip;\n","protected":false},"author":2,"featured_media":670769,"comment_status":"","ping_status":"","sticky":false,"template":"","format":"standard","meta":{"footnotes":"","_share_on_mastodon":"0"},"categories":[12],"tags":[32,33,36,37,27,34,35,28,31,25,42,38,40,39,41,29,30,26],"class_list":["post-670768","post","type-post","status-publish","format-standard","has-post-thumbnail","category-polska","tag-breaking-news","tag-breakingnews","tag-featured-news","tag-featurednews","tag-headlines","tag-latest-news","tag-latestnews","tag-naglowki","tag-najwazniejsze-artykuly","tag-news","tag-pl","tag-poland","tag-polish","tag-polska","tag-polski","tag-top-stories","tag-topstories","tag-wiadomosci"],"share_on_mastodon":{"url":"https:\/\/pubeurope.com\/@pl\/117223191216866925","error":""},"_links":{"self":[{"href":"https:\/\/www.europesays.com\/pl\/wp-json\/wp\/v2\/posts\/670768","targetHints":{"allow":["GET"]}}],"collection":[{"href":"https:\/\/www.europesays.com\/pl\/wp-json\/wp\/v2\/posts"}],"about":[{"href":"https:\/\/www.europesays.com\/pl\/wp-json\/wp\/v2\/types\/post"}],"author":[{"embeddable":true,"href":"https:\/\/www.europesays.com\/pl\/wp-json\/wp\/v2\/users\/2"}],"replies":[{"embeddable":true,"href":"https:\/\/www.europesays.com\/pl\/wp-json\/wp\/v2\/comments?post=670768"}],"version-history":[{"count":0,"href":"https:\/\/www.europesays.com\/pl\/wp-json\/wp\/v2\/posts\/670768\/revisions"}],"wp:featuredmedia":[{"embeddable":true,"href":"https:\/\/www.europesays.com\/pl\/wp-json\/wp\/v2\/media\/670769"}],"wp:attachment":[{"href":"https:\/\/www.europesays.com\/pl\/wp-json\/wp\/v2\/media?parent=670768"}],"wp:term":[{"taxonomy":"category","embeddable":true,"href":"https:\/\/www.europesays.com\/pl\/wp-json\/wp\/v2\/categories?post=670768"},{"taxonomy":"post_tag","embeddable":true,"href":"https:\/\/www.europesays.com\/pl\/wp-json\/wp\/v2\/tags?post=670768"}],"curies":[{"name":"wp","href":"https:\/\/api.w.org\/{rel}","templated":true}]}}