{"id":670770,"date":"2026-09-06T08:38:17","date_gmt":"2026-09-06T08:38:17","guid":{"rendered":"https:\/\/www.europesays.com\/pl\/670770\/"},"modified":"2026-09-06T08:38:17","modified_gmt":"2026-09-06T08:38:17","slug":"o-czym-ludzie-trumpa-rozmawiali-z-putinem-sa-nowe-informacje","status":"publish","type":"post","link":"https:\/\/www.europesays.com\/pl\/670770\/","title":{"rendered":"O czym ludzie Trumpa rozmawiali z Putinem? S\u0105 nowe informacje"},"content":{"rendered":"<p>Sankcje wobec Rosji mog\u0142y by\u0107 jednym z temat\u00f3w rozm\u00f3w wys\u0142annik\u00f3w Donalda Trumpa w Moskwie \u2013 pisze Axios. Wskazywa\u0107 ma na to obecno\u015b\u0107 w delegacji wysokiego rang\u0105 urz\u0119dnika Departamentu Skarbu USA odpowiedzialnego za restrykcje gospodarcze.<\/p>\n<p>    <img decoding=\"async\" src=\"https:\/\/www.europesays.com\/pl\/wp-content\/uploads\/2026\/09\/Mjc3NTQ0YgsCUThnfktvHkEJbD04EmFIFhF0dn4Bf1pTS3hjZB8rAw9WPDEhX2MNEUY-NSZAYxoPHC8kOB87W0xXJychXCwTTFYj.jpeg\" width=\"1200\" height=\"675\" loading=\"eager\" fetchpriority=\"high\" class=\"wp-media-image\" alt=\" \"\/> Prezydent USA Donald Trump wys\u0142a\u0142 swoich ludzi na rozmowy do Moskwy<\/p>\n<p>\u0179r\u00f3d\u0142o zdj\u0119\u0107: \u00a9 Getty | 2026 Getty Images<\/p>\n<p>  <img loading=\"lazy\" decoding=\"async\" src=\"https:\/\/www.europesays.com\/pl\/wp-content\/uploads\/2026\/09\/1788683897_504_YzI1NjgxdhsoUzhZSAN7DmsLbAMOWnVYPBN0SEhMaQJ9AWEMDhQ8CCxBIUQACiwKKEY-RBcUdhs5WGEcVlc9EzpBIgseVzwXK1Qq.jpeg\"  alt=\"Malwina Gadawa\" height=\"40\" width=\"40\" class=\"rounded-full select-none text-[--color-gray-700] bg-[--bg-content] wp-author-avatar\"\/>5 komentarzy S\u0142uchaj  Udost\u0119pnij na Facebooku    Udost\u0119pnij na X   Udost\u0119pnij na WhatsApp   Kopiuj link <\/p>\n<p>D\u017awi\u0119k zosta\u0142 wygenerowany automatycznie i mo\u017ce zawiera\u0107 b\u0142\u0119dy<\/p>\n","protected":false},"excerpt":{"rendered":"Sankcje wobec Rosji mog\u0142y by\u0107 jednym z temat\u00f3w rozm\u00f3w wys\u0142annik\u00f3w Donalda Trumpa w Moskwie \u2013 pisze Axios. Wskazywa\u0107&hellip;\n","protected":false},"author":2,"featured_media":670771,"comment_status":"","ping_status":"","sticky":false,"template":"","format":"standard","meta":{"footnotes":"","_share_on_mastodon":"0"},"categories":[5],"tags":[32,33,36,37,27,34,35,28,31,25,42,38,40,39,41,29,30,26],"class_list":["post-670770","post","type-post","status-publish","format-standard","has-post-thumbnail","category-naglowki","tag-breaking-news","tag-breakingnews","tag-featured-news","tag-featurednews","tag-headlines","tag-latest-news","tag-latestnews","tag-naglowki","tag-najwazniejsze-artykuly","tag-news","tag-pl","tag-poland","tag-polish","tag-polska","tag-polski","tag-top-stories","tag-topstories","tag-wiadomosci"],"share_on_mastodon":{"url":"https:\/\/pubeurope.com\/@pl\/117223196092197932","error":""},"_links":{"self":[{"href":"https:\/\/www.europesays.com\/pl\/wp-json\/wp\/v2\/posts\/670770","targetHints":{"allow":["GET"]}}],"collection":[{"href":"https:\/\/www.europesays.com\/pl\/wp-json\/wp\/v2\/posts"}],"about":[{"href":"https:\/\/www.europesays.com\/pl\/wp-json\/wp\/v2\/types\/post"}],"author":[{"embeddable":true,"href":"https:\/\/www.europesays.com\/pl\/wp-json\/wp\/v2\/users\/2"}],"replies":[{"embeddable":true,"href":"https:\/\/www.europesays.com\/pl\/wp-json\/wp\/v2\/comments?post=670770"}],"version-history":[{"count":0,"href":"https:\/\/www.europesays.com\/pl\/wp-json\/wp\/v2\/posts\/670770\/revisions"}],"wp:featuredmedia":[{"embeddable":true,"href":"https:\/\/www.europesays.com\/pl\/wp-json\/wp\/v2\/media\/670771"}],"wp:attachment":[{"href":"https:\/\/www.europesays.com\/pl\/wp-json\/wp\/v2\/media?parent=670770"}],"wp:term":[{"taxonomy":"category","embeddable":true,"href":"https:\/\/www.europesays.com\/pl\/wp-json\/wp\/v2\/categories?post=670770"},{"taxonomy":"post_tag","embeddable":true,"href":"https:\/\/www.europesays.com\/pl\/wp-json\/wp\/v2\/tags?post=670770"}],"curies":[{"name":"wp","href":"https:\/\/api.w.org\/{rel}","templated":true}]}}