{"id":670774,"date":"2026-09-06T08:48:09","date_gmt":"2026-09-06T08:48:09","guid":{"rendered":"https:\/\/www.europesays.com\/pl\/670774\/"},"modified":"2026-09-06T08:48:09","modified_gmt":"2026-09-06T08:48:09","slug":"dzien-ginekologii-onkologicznej-miasteczko-zdrowia-na-dziedzincu-palacu-branickich","status":"publish","type":"post","link":"https:\/\/www.europesays.com\/pl\/670774\/","title":{"rendered":"Dzie\u0144 Ginekologii Onkologicznej. Miasteczko zdrowia na dziedzi\u0144cu Pa\u0142acu Branickich"},"content":{"rendered":"<p class=\"leadinfo\">Bezp\u0142atne badania, rozmowy ze specjalistami i profilaktyka zdrowotna. Z okazji zbli\u017caj\u0105cego si\u0119 \u015awiatowego Dnia Ginekologii Onkologicznej na dziedzi\u0144cu Pa\u0142acu Branickich w Bia\u0142ymstoku w niedziel\u0119 (6.09) od 12:00 do 15:00 odb\u0119dzie si\u0119 piknik prozdrowotny.<\/p>\n<p>\n\t\t\t\t\t\t\tZ okazji \u015awiatowego Dnia Ginekologii Onkologicznej piknik na dziedzi\u0144cu Pa\u0142acu Branickich, fot. Grzegorz Pilat\n\t\t\t\t\t<\/p>\n<p>B\u0119dzie mo\u017cna skorzysta\u0107 z bezp\u0142atnych konsultacji z zakresu ginekologii onkologicznej, chirurgii piersi, dermatologii i dermatoskopii, genetyki oraz farmakologii.<\/p>\n<p>W\u015br\u00f3d ekspert\u00f3w b\u0119d\u0105 m.in. psycholog, dietetyk i fizjoterapeuta.<\/p>\n<p>Ch\u0119tni b\u0119d\u0105 mogli zmierzy\u0107 poziom glukozy we krwi i ci\u015bnienie t\u0119tnicze, zrobi\u0107 analiz\u0119 sk\u0142adu cia\u0142a, BMI i okre\u015bli\u0107 wiek metaboliczny swojego cia\u0142a.<\/p>\n<p>Pracownicy Podlaskiego Oddzia\u0142u NFZ opowiedz\u0105 o r\u00f3\u017cnych programach profilaktycznych.<\/p>\n<p>B\u0119dzie mo\u017cna te\u017c uzyska\u0107 porady w punkcie Miejskiego Zespo\u0142u ds. Orzekania o Niepe\u0142nosprawno\u015bci.<\/p>\n<p>Nie zabraknie tak\u017ce drobnego pocz\u0119stunku, a na pierwszych 100 uczestnik\u00f3w czeka specjalna niespodzianka.<\/p>\n<p>O godz. 13:00 &#8211; b\u0119d\u0105 wsp\u00f3lne \u0107wiczenia na \u015bwie\u017cym powietrzu, a godzin\u0119 p\u00f3\u017aniej nauka ta\u0144ca World GO Dance.<\/p>\n<p>Wydarzenie odbywa si\u0119 w ramach kampanii informacyjno-edukacyjnej &#8222;Postaw na zdrowie&#8221;. Jego celem jest zwi\u0119kszanie \u015bwiadomo\u015bci dotycz\u0105cej profilaktyki nowotworowej, a tak\u017ce zach\u0119canie do regularnych bada\u0144 i \u015bwiadomego dbania o zdrowie.<\/p>\n<p>Organizatorami wydarzenia s\u0105 Miasto Bia\u0142ystok oraz Stowarzyszenie Eurydyki &#8211; organizacja po\u017cytku publicznego od lat wspieraj\u0105ca kobiety choruj\u0105ce na nowotwory.<\/p>\n<p>\t\t\t\t\t\t | red: at<\/p>\n<p><\/p>\n","protected":false},"excerpt":{"rendered":"Bezp\u0142atne badania, rozmowy ze specjalistami i profilaktyka zdrowotna. Z okazji zbli\u017caj\u0105cego si\u0119 \u015awiatowego Dnia Ginekologii Onkologicznej na dziedzi\u0144cu&hellip;\n","protected":false},"author":2,"featured_media":670775,"comment_status":"","ping_status":"","sticky":false,"template":"","format":"standard","meta":{"footnotes":"","_share_on_mastodon":"0"},"categories":[51614],"tags":[2151,42,38,40,39,41],"class_list":["post-670774","post","type-post","status-publish","format-standard","has-post-thumbnail","category-bialystok","tag-bialystok","tag-pl","tag-poland","tag-polish","tag-polska","tag-polski"],"share_on_mastodon":{"url":"https:\/\/pubeurope.com\/@pl\/117223234113368374","error":""},"_links":{"self":[{"href":"https:\/\/www.europesays.com\/pl\/wp-json\/wp\/v2\/posts\/670774","targetHints":{"allow":["GET"]}}],"collection":[{"href":"https:\/\/www.europesays.com\/pl\/wp-json\/wp\/v2\/posts"}],"about":[{"href":"https:\/\/www.europesays.com\/pl\/wp-json\/wp\/v2\/types\/post"}],"author":[{"embeddable":true,"href":"https:\/\/www.europesays.com\/pl\/wp-json\/wp\/v2\/users\/2"}],"replies":[{"embeddable":true,"href":"https:\/\/www.europesays.com\/pl\/wp-json\/wp\/v2\/comments?post=670774"}],"version-history":[{"count":0,"href":"https:\/\/www.europesays.com\/pl\/wp-json\/wp\/v2\/posts\/670774\/revisions"}],"wp:featuredmedia":[{"embeddable":true,"href":"https:\/\/www.europesays.com\/pl\/wp-json\/wp\/v2\/media\/670775"}],"wp:attachment":[{"href":"https:\/\/www.europesays.com\/pl\/wp-json\/wp\/v2\/media?parent=670774"}],"wp:term":[{"taxonomy":"category","embeddable":true,"href":"https:\/\/www.europesays.com\/pl\/wp-json\/wp\/v2\/categories?post=670774"},{"taxonomy":"post_tag","embeddable":true,"href":"https:\/\/www.europesays.com\/pl\/wp-json\/wp\/v2\/tags?post=670774"}],"curies":[{"name":"wp","href":"https:\/\/api.w.org\/{rel}","templated":true}]}}