{"id":670794,"date":"2026-09-06T08:59:21","date_gmt":"2026-09-06T08:59:21","guid":{"rendered":"https:\/\/www.europesays.com\/pl\/670794\/"},"modified":"2026-09-06T08:59:21","modified_gmt":"2026-09-06T08:59:21","slug":"od-fogga-po-jarocin-muzeum-historii-polski-zaprezentowalo-wyjatkowa-wystawe-to-muzyczna-opowiesc-o-prl-u","status":"publish","type":"post","link":"https:\/\/www.europesays.com\/pl\/670794\/","title":{"rendered":"Od Fogga po Jarocin. Muzeum Historii Polski zaprezentowa\u0142o wyj\u0105tkow\u0105 wystaw\u0119. To muzyczna opowie\u015b\u0107 o PRL-u"},"content":{"rendered":"<p><a class=\"atomsArticleGalleryImage__mainImgLink\" href=\"https:\/\/warszawa.naszemiasto.pl\/od-fogga-po-jarocin-muzeum-historii-polski-zaprezentowalo-wyjatkowa-wystawe-to-muzyczna-opowiesc-o-prl-u\/gh\/c13p2-29321593\" title=\"Kliknij w zdj&#x119;cie, aby zobaczy&#x107;, jak prezentuje si&#x119; nowa wystawa czasowa w Muzeum Historii Polski\" data-ec=\"atomsArticleGalleryImage\" data-event-position-el=\"mainImage\" aria-label=\"Zobacz galeri&#x119;\" rel=\"nofollow noopener\" target=\"_blank\"><img decoding=\"async\" loading=\"eager\" fetchpriority=\"high\" class=\"atomsArticleGalleryImage__mainImg\" src=\"https:\/\/www.europesays.com\/pl\/wp-content\/uploads\/2026\/09\/2609030317_975343927_medium.jpg\" alt=\"Kliknij w zdj&#x119;cie, aby zobaczy&#x107;, jak prezentuje si&#x119; nowa wystawa czasowa w Muzeum Historii Polski\" width=\"1920\" height=\"1277\"\/><\/a><\/p>\n<p>\n        Kliknij w zdj\u0119cie, aby zobaczy\u0107, jak prezentuje si\u0119 nowa wystawa czasowa w Muzeum Historii Polski<\/p>\n<p>          fot. Aleksy Witwicki\n        <\/p>\n<p>\u201eZa czym kolejka ta stoi? PRL w muzycznym zwierciadle\u201d to nowa wystawa czasowa w Muzeum Historii Polski. Jej tw\u00f3rcy prezentuj\u0105 histori\u0119 PRL-u poprzez muzyk\u0119 rozrywkow\u0105 lat 1944\u20131989. Ekspozycja pokazuje, jak muzyka towarzyszy\u0142a codziennemu \u017cyciu Polak\u00f3w, pe\u0142ni\u0105c funkcje propagandowe, rozrywkowe, polityczne, a tak\u017ce buntownicze.<\/p>\n","protected":false},"excerpt":{"rendered":"Kliknij w zdj\u0119cie, aby zobaczy\u0107, jak prezentuje si\u0119 nowa wystawa czasowa w Muzeum Historii Polski fot. Aleksy Witwicki&hellip;\n","protected":false},"author":2,"featured_media":670795,"comment_status":"","ping_status":"","sticky":false,"template":"","format":"standard","meta":{"footnotes":"","_share_on_mastodon":"0"},"categories":[51605],"tags":[8445,73812,130117,42,38,40,39,130118,41,435,111699],"class_list":["post-670794","post","type-post","status-publish","format-standard","has-post-thumbnail","category-warszawa","tag-jarocin","tag-muzeum-historii-polski","tag-muzyka-prl","tag-pl","tag-poland","tag-polish","tag-polska","tag-polska-popkultura","tag-polski","tag-warszawa","tag-wystawy-w-warszawie"],"share_on_mastodon":{"url":"https:\/\/pubeurope.com\/@pl\/117223277429195485","error":""},"_links":{"self":[{"href":"https:\/\/www.europesays.com\/pl\/wp-json\/wp\/v2\/posts\/670794","targetHints":{"allow":["GET"]}}],"collection":[{"href":"https:\/\/www.europesays.com\/pl\/wp-json\/wp\/v2\/posts"}],"about":[{"href":"https:\/\/www.europesays.com\/pl\/wp-json\/wp\/v2\/types\/post"}],"author":[{"embeddable":true,"href":"https:\/\/www.europesays.com\/pl\/wp-json\/wp\/v2\/users\/2"}],"replies":[{"embeddable":true,"href":"https:\/\/www.europesays.com\/pl\/wp-json\/wp\/v2\/comments?post=670794"}],"version-history":[{"count":0,"href":"https:\/\/www.europesays.com\/pl\/wp-json\/wp\/v2\/posts\/670794\/revisions"}],"wp:featuredmedia":[{"embeddable":true,"href":"https:\/\/www.europesays.com\/pl\/wp-json\/wp\/v2\/media\/670795"}],"wp:attachment":[{"href":"https:\/\/www.europesays.com\/pl\/wp-json\/wp\/v2\/media?parent=670794"}],"wp:term":[{"taxonomy":"category","embeddable":true,"href":"https:\/\/www.europesays.com\/pl\/wp-json\/wp\/v2\/categories?post=670794"},{"taxonomy":"post_tag","embeddable":true,"href":"https:\/\/www.europesays.com\/pl\/wp-json\/wp\/v2\/tags?post=670794"}],"curies":[{"name":"wp","href":"https:\/\/api.w.org\/{rel}","templated":true}]}}