{"id":670806,"date":"2026-09-06T09:07:10","date_gmt":"2026-09-06T09:07:10","guid":{"rendered":"https:\/\/www.europesays.com\/pl\/670806\/"},"modified":"2026-09-06T09:07:10","modified_gmt":"2026-09-06T09:07:10","slug":"szymon-holownia-powinien-wejsc-do-rzadu-polacy-zabrali-glos-sondaz","status":"publish","type":"post","link":"https:\/\/www.europesays.com\/pl\/670806\/","title":{"rendered":"Szymon Ho\u0142ownia powinien wej\u015b\u0107 do rz\u0105du? Polacy zabrali g\u0142os [SONDA\u017b]"},"content":{"rendered":"<p>Szymon Ho\u0142ownia, pytany we wtorek o to, czy pojawi\u0142a si\u0119 propozycja jego wej\u015bcia do rz\u0105du, przyzna\u0142, \u017ce takiej sugestii nie by\u0142o. \u2014 Je\u017celi b\u0119dzie taka wola polityczna i koalicjant\u00f3w i mojego ugrupowania i wreszcie moja, to ja jestem otwarty \u2014 <a href=\"https:\/\/wiadomosci.onet.pl\/kraj\/holownia-otwarty-na-wejscie-do-rzadu-jezeli-bedzie-taka-wola-nie-odmowie\/k90r4xx\" id=\"99912f32-c445-48a3-bcea-d6580423f5df\" rel=\"nofollow noopener\" target=\"_blank\">zapewnia\u0142 na antenie TVN24<\/a>. Wed\u0142ug naszych informator\u00f3w <a href=\"https:\/\/wiadomosci.onet.pl\/kraj\/mozliwy-nagly-zwrot-akcji-w-koalicji-kluczowe-godziny-dla-szymona-holowni\/2mn8l4t\" id=\"ab1e7955-4796-4dc4-93b1-df54eb8070dd\" rel=\"nofollow noopener\" target=\"_blank\">polityk jest te\u017c got\u00f3w wej\u015b\u0107 do rz\u0105du<\/a>.Dalszy ci\u0105g artyku\u0142u pod materia\u0142em wideoWi\u0119kszo\u015b\u0107 Polak\u00f3w nie chce Szymona Ho\u0142owni w rz\u0105dzie<a href=\"https:\/\/www.onet.pl\/\" title=\"Strona G\u0142\u00f3wna\" aria-label=\"Strona G\u0142\u00f3wna\" data-astro-prefetch=\"tap\" class=\"ods-a-logo-main-desktop\" rel=\"nofollow noopener\" target=\"_blank\"><img src=\"https:\/\/cdn.wiadomosci.onet.pl\/img\/Logo_desktop_Onet.svg\" class=\"ods-a-logo-main-desktop__image\" alt=\"Logo\" width=\"107\" height=\"60\" fetchpriority=\"high\" decoding=\"sync\" style=\"height:60px\"\/><\/a><\/p>\n<p class=\"ods-m-google-article__text\">Czytaj nas cz\u0119\u015bciej w Google<\/p>\n<p><a href=\"https:\/\/google.com\/preferences\/source?q=wiadomosci.onet.pl\" target=\"_blank\" rel=\"noopener noreferrer nofollow\" aria-label=\"Dodaj w Google\" title=\"Dodaj w Google\" class=\"ods-a-button ods-a-button__primary ods-a-button__default ods-a-button-l\">Dodaj w Google<\/a><\/p>\n<p>Pytanie zadane w tym kontek\u015bcie przez SW Research brzmia\u0142o: &#8222;Czy chcia\u0142(a)by Pani\/Pan, aby Szymon Ho\u0142ownia wszed\u0142 do rz\u0105du?&#8221;<\/p>\n<p>53,2 proc. ankietowanych wybra\u0142o odpowied\u017a &#8222;nie&#8221;. Za wej\u015bciem by\u0142ego marsza\u0142ka Sejmu do rz\u0105du opowiedzia\u0142o si\u0119 natomiast 23,6 proc. badanych.<\/p>\n<p>23,2 proc. respondent\u00f3w nie ma na ten temat zdania.<\/p>\n<p>Najwi\u0119kszymi przeciwnikami wej\u015bcia Ho\u0142owni do rz\u0105du s\u0105 m\u0119\u017cczy\u017ani (57 proc.) oraz osoby powy\u017cej 50. roku \u017cycia (60,8 proc.).<\/p>\n<p>&#8222;Stan Wyj\u0105tkowy&#8221;. Kim jest tajemniczy X z wyst\u0105pienia Tuska? &#8222;Pasuj\u0105 wszystkie elementy&#8221;<\/p>\n<p class=\"ods-o-frame-in-text__paragraph\"><a href=\"https:\/\/wiadomosci.onet.pl\/tylko-w-onecie\/kim-jest-tajemniczy-x-z-wystapienia-tuska-pasuja-wszystkie-elementy\/btkwynb?tpcc=202608_bloczek_newsroom\" id=\"1979e662-dfe6-438f-a9d1-3d0032d2cf0e\" rel=\"nofollow noopener\" target=\"_blank\">Zobacz ca\u0142o\u015b\u0107 podcastu<\/a><\/p>\n<p><img class=\"ods-a-photo ods-a-photo--background\" src=\"https:\/\/www.europesays.com\/pl\/wp-content\/uploads\/2026\/09\/1QTk9lBaHR0cHM6Ly9vY2RuLmV1L3B1bHNjbXMvTURBXy84ZWZhYjEzMWYyOWI1NWFlNWVlYjY1MDE0YTc4NGFkNS5wbmeRlQLNA.jpeg\" height=\"253\" width=\"450\" alt=\"Donald Tusk oraz Karol Nawrocki\" loading=\"lazy\" fetchpriority=\"low\" decoding=\"async\"\/><\/p>\n<p>Opracowanie:\u0141ukasz Gadza\u0142a<\/p>\n<p>Data utworzenia:6 wrze\u015bnia 2026, 09:28<\/p>\n","protected":false},"excerpt":{"rendered":"Szymon Ho\u0142ownia, pytany we wtorek o to, czy pojawi\u0142a si\u0119 propozycja jego wej\u015bcia do rz\u0105du, przyzna\u0142, \u017ce takiej&hellip;\n","protected":false},"author":2,"featured_media":670807,"comment_status":"","ping_status":"","sticky":false,"template":"","format":"standard","meta":{"footnotes":"","_share_on_mastodon":"0"},"categories":[12],"tags":[61195,32,33,36,37,27,49,34,35,28,31,48,25,46,42,38,40,39,41,47,231,204,29,30,26],"class_list":["post-670806","post","type-post","status-publish","format-standard","has-post-thumbnail","category-polska","tag-bottomfeed_styl","tag-breaking-news","tag-breakingnews","tag-featured-news","tag-featurednews","tag-headlines","tag-kraj","tag-latest-news","tag-latestnews","tag-naglowki","tag-najwazniejsze-artykuly","tag-nat_styl","tag-news","tag-omp","tag-pl","tag-poland","tag-polish","tag-polska","tag-polski","tag-screening_general","tag-sondaze","tag-szymon_holownia","tag-top-stories","tag-topstories","tag-wiadomosci"],"share_on_mastodon":{"url":"https:\/\/pubeurope.com\/@pl\/117223309236734000","error":""},"_links":{"self":[{"href":"https:\/\/www.europesays.com\/pl\/wp-json\/wp\/v2\/posts\/670806","targetHints":{"allow":["GET"]}}],"collection":[{"href":"https:\/\/www.europesays.com\/pl\/wp-json\/wp\/v2\/posts"}],"about":[{"href":"https:\/\/www.europesays.com\/pl\/wp-json\/wp\/v2\/types\/post"}],"author":[{"embeddable":true,"href":"https:\/\/www.europesays.com\/pl\/wp-json\/wp\/v2\/users\/2"}],"replies":[{"embeddable":true,"href":"https:\/\/www.europesays.com\/pl\/wp-json\/wp\/v2\/comments?post=670806"}],"version-history":[{"count":0,"href":"https:\/\/www.europesays.com\/pl\/wp-json\/wp\/v2\/posts\/670806\/revisions"}],"wp:featuredmedia":[{"embeddable":true,"href":"https:\/\/www.europesays.com\/pl\/wp-json\/wp\/v2\/media\/670807"}],"wp:attachment":[{"href":"https:\/\/www.europesays.com\/pl\/wp-json\/wp\/v2\/media?parent=670806"}],"wp:term":[{"taxonomy":"category","embeddable":true,"href":"https:\/\/www.europesays.com\/pl\/wp-json\/wp\/v2\/categories?post=670806"},{"taxonomy":"post_tag","embeddable":true,"href":"https:\/\/www.europesays.com\/pl\/wp-json\/wp\/v2\/tags?post=670806"}],"curies":[{"name":"wp","href":"https:\/\/api.w.org\/{rel}","templated":true}]}}