{"id":670808,"date":"2026-09-06T09:08:11","date_gmt":"2026-09-06T09:08:11","guid":{"rendered":"https:\/\/www.europesays.com\/pl\/670808\/"},"modified":"2026-09-06T09:08:11","modified_gmt":"2026-09-06T09:08:11","slug":"mocne-slowa-papszuna-po-meczu-z-motorem-nie-tedy-droga","status":"publish","type":"post","link":"https:\/\/www.europesays.com\/pl\/670808\/","title":{"rendered":"Mocne s\u0142owa Papszuna po meczu z Motorem. 'Nie t\u0119dy droga&#8217;"},"content":{"rendered":"<p class=\"art_paragraph\">To m\u00f3g\u0142 by\u0107 bardzo gorzki tydzie\u0144 dla <a href=\"https:\/\/www.sport.pl\/kibice#anchorLink\" rel=\"nofollow noopener\" target=\"_blank\">kibic\u00f3w<\/a> <a href=\"https:\/\/www.sport.pl\/sport\/0,105641.html?tag=legia+warszawa#anchorLink\" rel=\"nofollow noopener\" target=\"_blank\">Legii Warszawa<\/a>. Najpierw Motor Lublin wyeliminowa\u0142 j\u0105 z Pucharu Polski ju\u017c na etapie pierwszej rundy (0:3), a nast\u0119pnie Lublinianie mogli powt\u00f3rzy\u0107 ten wyczyn i wygra\u0107 mecz ligowy. W sobotni wiecz\u00f3r a\u017c do doliczonego czasu gry drugiej po\u0142owy prowadzili 2:1, ale za spraw\u0105 Jakuba \u017bew\u0142akowa go\u015bcie odrobili straty z nawi\u0105zk\u0105. Wywie\u017ali z Lubelszczyzny zwyci\u0119stwo. G\u0142os po meczu zabra\u0142 Marek Papszun.<\/p>\n<p>\n    Zobacz wideo Giganci chcieli u siebie Marka Citko: Pyta\u0142y o mnie Liverpool, Arsenal, Inter i Milan\n  <\/p>\n<p> Papszun zabra\u0142 g\u0142os. Tak skomentowa\u0142 mecz z Motorem<\/p>\n<p class=\"art_paragraph\">&#8211; Dali\u015bmy plam\u0119 w poprzednim meczu. Chcieli\u015bmy dzi\u015b j\u0105 zmaza\u0107. Maj\u0105c takich kibic\u00f3w naszym obowi\u0105zkiem jest <a href=\"https:\/\/www.sport.pl\/inne\/0,102005.html#anchorLink\" rel=\"nofollow noopener\" target=\"_blank\">walka<\/a> do ko\u0144ca. Ambicji i charakteru nie mo\u017ce brakowa\u0107 &#8211; powiedzia\u0142 szkoleniowiec, kt\u00f3rego po spotkaniu &#8211; na portalu X &#8211; zacytowa\u0142 serwis Legionisci.com.<\/p>\n<p class=\"art_paragraph\">Papszun podkre\u015bli\u0142 znaczenie zmian dokonanych przez niego na przestrzeni trwania spotkania. Bohater starcia, 19-letni Jakub \u017bew\u0142akow, pojawi\u0142 si\u0119 na murawie w 71. minucie meczu, zmieniaj\u0105c Mateusza Szczepaniaka. Wraz z nim na boisku zameldowa\u0142 si\u0119 \u0141ukasz Zjawi\u0144ski. Wcze\u015bniej do gry <a href=\"https:\/\/www.sport.pl\/kts-weszlo#anchorLink\" rel=\"nofollow noopener\" target=\"_blank\">weszli<\/a> Henrique Arreiol i Rafa\u0142 Adamski, a w ko\u0144c\u00f3wce meczu Arkadiusz Reca.<\/p>\n<p class=\"art_paragraph\">&#8211; Zmiany wnios\u0142y o\u017cywienie i jako\u015b\u0107. Kuba \u017bew\u0142akow strzeli\u0142 dwie pierwsze bramki w Legii &#8211; to wr\u00f3\u017cy na przysz\u0142o\u015b\u0107 dobrze. To utalentowany ch\u0142opak &#8211; doda\u0142 Papszun.<\/p>\n<p class=\"art_paragraph\">Trener Legii odni\u00f3s\u0142 si\u0119 te\u017c do komentarzy medi\u00f3w i kibic\u00f3w po jego ostatniej wypowiedzi po kl\u0119sce 0:3 z Motorem w Pucharze Polski. &#8222;Trudno od niekt\u00f3rych z nich wymaga\u0107, aby dzisiaj d\u017awigali ten ci\u0119\u017car. Gdy kto\u015b przychodzi z 3-4 <a href=\"https:\/\/www.sport.pl\/pilka\/0,65044.html#anchorLink\" rel=\"nofollow noopener\" target=\"_blank\">ligi<\/a>, to czasem pope\u0142nia b\u0142\u0119dy&#8221; &#8211; m\u00f3wi\u0142 wtedy Papszun.<\/p>\n<p class=\"art_paragraph\">&#8211; Ch\u0142opaki robi\u0105 post\u0119p. Oczywi\u015bcie, te\u017c maj\u0105 s\u0142absze mecze i pope\u0142niaj\u0105 b\u0142\u0119dy, jak Deziel w meczu z Motorem. I nie mo\u017cna powiedzie\u0107, \u017ce zawodnik jest z 4. ligi, bo zaraz jest larum, \u017ce to s\u0105 wym\u00f3wki. Dzi\u015b ka\u017cde s\u0142owo trzeba wa\u017cy\u0107. Powiesz co\u015b w dobrej wierze, chcesz co\u015b wyt\u0142umaczy\u0107, to zaraz jest to przeinaczone, nadinterpretowane, zmanipulowane. Ci\u0119\u017cko dzi\u015b si\u0119 komunikuje z opini\u0105 publiczn\u0105. Nastawienie jest tak agresywne na to, \u017ceby wyci\u0105gn\u0105\u0107 co\u015b z kontekstu i by\u0142o to chwytliwe. Mam wra\u017cenie, \u017ce przestaje si\u0119 liczy\u0107 pi\u0142ka no\u017cna i m\u00f3wienie o niej, tylko czekanie, co ten Papszun powie, \u017ceby si\u0119 klika\u0142o, sz\u0142o w eter i mo\u017cna by\u0142o jeszcze przekr\u0119ci\u0107 czy zinterpretowa\u0107 na sw\u00f3j spos\u00f3b. Nie t\u0119dy droga &#8211; stwierdzi\u0142 trener Legii.<\/p>\n<p class=\"art_paragraph\">Legia prze\u0142ama\u0142a impas. Wygra\u0142a pierwszy raz od sierpniowej konfrontacji z Radomiakiem Radom (5:0) i dzi\u0119ki temu &#8211; przynajmniej do niedzielnego meczu Lecha z Rakowem (6 wrze\u015bnia, 17:30) pozostanie liderem Ekstraklasy. W nast\u0119pnej kolejce Warszawianie zagraj\u0105 u siebie z Widzewem \u0141\u00f3d\u017a. To starcie zaplanowano na 13 wrze\u015bnia na 17:30.<\/p>\n","protected":false},"excerpt":{"rendered":"To m\u00f3g\u0142 by\u0107 bardzo gorzki tydzie\u0144 dla kibic\u00f3w Legii Warszawa. Najpierw Motor Lublin wyeliminowa\u0142 j\u0105 z Pucharu Polski&hellip;\n","protected":false},"author":2,"featured_media":670809,"comment_status":"","ping_status":"","sticky":false,"template":"","format":"standard","meta":{"footnotes":"","_share_on_mastodon":"0"},"categories":[5],"tags":[32,33,36,37,27,34,35,28,31,25,42,38,40,39,41,29,30,26],"class_list":["post-670808","post","type-post","status-publish","format-standard","has-post-thumbnail","category-naglowki","tag-breaking-news","tag-breakingnews","tag-featured-news","tag-featurednews","tag-headlines","tag-latest-news","tag-latestnews","tag-naglowki","tag-najwazniejsze-artykuly","tag-news","tag-pl","tag-poland","tag-polish","tag-polska","tag-polski","tag-top-stories","tag-topstories","tag-wiadomosci"],"share_on_mastodon":{"url":"","error":""},"_links":{"self":[{"href":"https:\/\/www.europesays.com\/pl\/wp-json\/wp\/v2\/posts\/670808","targetHints":{"allow":["GET"]}}],"collection":[{"href":"https:\/\/www.europesays.com\/pl\/wp-json\/wp\/v2\/posts"}],"about":[{"href":"https:\/\/www.europesays.com\/pl\/wp-json\/wp\/v2\/types\/post"}],"author":[{"embeddable":true,"href":"https:\/\/www.europesays.com\/pl\/wp-json\/wp\/v2\/users\/2"}],"replies":[{"embeddable":true,"href":"https:\/\/www.europesays.com\/pl\/wp-json\/wp\/v2\/comments?post=670808"}],"version-history":[{"count":0,"href":"https:\/\/www.europesays.com\/pl\/wp-json\/wp\/v2\/posts\/670808\/revisions"}],"wp:featuredmedia":[{"embeddable":true,"href":"https:\/\/www.europesays.com\/pl\/wp-json\/wp\/v2\/media\/670809"}],"wp:attachment":[{"href":"https:\/\/www.europesays.com\/pl\/wp-json\/wp\/v2\/media?parent=670808"}],"wp:term":[{"taxonomy":"category","embeddable":true,"href":"https:\/\/www.europesays.com\/pl\/wp-json\/wp\/v2\/categories?post=670808"},{"taxonomy":"post_tag","embeddable":true,"href":"https:\/\/www.europesays.com\/pl\/wp-json\/wp\/v2\/tags?post=670808"}],"curies":[{"name":"wp","href":"https:\/\/api.w.org\/{rel}","templated":true}]}}