{"id":670848,"date":"2026-09-06T09:35:17","date_gmt":"2026-09-06T09:35:17","guid":{"rendered":"https:\/\/www.europesays.com\/pl\/670848\/"},"modified":"2026-09-06T09:35:17","modified_gmt":"2026-09-06T09:35:17","slug":"nie-bedzie-zdrowej-gospodarki-z-chorymi-finansami-publicznymi-czyli-jak-uniknac-katastrofalnej-lawiny-opinia","status":"publish","type":"post","link":"https:\/\/www.europesays.com\/pl\/670848\/","title":{"rendered":"Nie b\u0119dzie zdrowej gospodarki z chorymi finansami publicznymi, czyli jak unikn\u0105\u0107 katastrofalnej lawiny [OPINIA]"},"content":{"rendered":"<p><a href=\"https:\/\/opinie.wp.pl\" class=\"wp-label-opinion\" rel=\"nofollow noopener\" target=\"_blank\">opinie<\/a><\/p>\n<p>Przedstawiamy r\u00f3\u017cne punkty widzenia<\/p>\n<p>Tekst powsta\u0142 w\u00a0ramach projektu WP Opinie. Przedstawiamy w\u00a0nim zr\u00f3\u017cnicowane spojrzenia komentator\u00f3w i\u00a0lider\u00f3w opinii publicznej na kluczowe sprawy spo\u0142eczne i\u00a0polityczne.<\/p>\n<p>Patrz\u0105c na to ch\u0142odnym, obiektywnym okiem, nie spos\u00f3b nie ulec wra\u017ceniu, \u017ce podczas gdy im si\u0119 wydaje, i\u017c rywalizuj\u0105, kt\u00f3ry z\u00a0nich wie lepiej, jak wybrn\u0105\u0107 z\u00a0zau\u0142ka, do kt\u00f3rego przecie\u017c sami doprowadzili, w\u00a0rzeczywisto\u015bci licytuj\u0105 si\u0119, kt\u00f3ry z\u00a0nich potrafi swoj\u0105 polityk\u0105 sytuacj\u0119 jeszcze bardziej pogorszy\u0107.<\/p>\n<p>S\u0142owne przepychanki lider\u00f3w zwalczaj\u0105cych si\u0119 partii oraz ich licznych fachowc\u00f3w znaj\u0105cych si\u0119 na wszystkim, a\u00a0ju\u017c w\u00a0szczeg\u00f3lno\u015bci na finansach publicznych i\u00a0bezpiecze\u0144stwie, bynajmniej nie zbli\u017caj\u0105 nas do sensownego przeciwdzia\u0142ania nawarstwiaj\u0105cym si\u0119 trudno\u015bciom. Patrz\u0105c na to ch\u0142odnym, obiektywnym okiem, nie spos\u00f3b nie ulec wra\u017ceniu, \u017ce podczas gdy im si\u0119 wydaje, i\u017c rywalizuj\u0105, kt\u00f3ry z\u00a0nich wie lepiej, jak wybrn\u0105\u0107 z\u00a0zau\u0142ka, do kt\u00f3rego przecie\u017c sami doprowadzili, w\u00a0rzeczywisto\u015bci licytuj\u0105 si\u0119, kt\u00f3ry z\u00a0nich potrafi swoj\u0105 polityk\u0105 sytuacj\u0119 jeszcze bardziej pogorszy\u0107.<\/p>\n<p> <img role=\"presentation\" class=\"absolute left-1\/2 top-1\/2 max-h-[80%] max-w-[100px] -translate-x-1\/2 -translate-y-1\/2\" src=\"https:\/\/v.wpimg.pl\/ZXJfd3AudTkrBBIAbg54LGhcRlAxHQUrPgJGH2MAeGJoSQ1eIBI_K2UHAEVuBTY5KQMMXC0RPyoVERQdMgM9ejc\" loading=\"lazy\" decoding=\"async\"\/> Najwi\u0119ksze b\u0142\u0119dy przy wysy\u0142aniu CV\u00a0i\u00a0szukaniu pracy &#8211;\u00a0Filip Sobel II\u00a0Pierwsza Praca #6\u00a0 <\/p>\n<p>Racj\u0119 ma Jaros\u0142aw Kaczy\u0144ski, gdy powiada o\u00a0pa\u0144stwowym planie finansowym na 2026\u00a0r., \u017ce &#8222;Ten bud\u017cet jest fatalny, wr\u0119cz tragiczny dla Polski, dla polskiej gospodarki. On jest kolejnym przejawem bardzo g\u0142\u0119bokiego kryzysu finans\u00f3w publicznych&#8221;. Ale niczym innym jak pom\u00f3wieniem jest supozycja, \u017ce &#8222;Dochody pa\u0144stwa mog\u0142yby by\u0107 wy\u017csze, wyra\u017anie wy\u017csze, gdyby ta w\u0142adza samym swoim istnieniem nie by\u0142a zach\u0119t\u0105 do nadu\u017cy\u0107, a\u00a0poza tym podj\u0119to ca\u0142y szereg dzia\u0142a\u0144 (\u2026), kt\u00f3re u\u0142atwiaj\u0105 nadu\u017cycia&#8221;.<\/p>\n<p>To ciekawa figura retoryczna z\u00a0tym &#8222;samym swoim istnieniem&#8221;, tym bardziej \u017ce narastanie kryzysowego stanu finans\u00f3w publicznych zapocz\u0105tkowa\u0142 swoj\u0105 polityk\u0105 (no bo chyba nie samym swoim istnieniem?) rz\u0105d Prawa i\u00a0Sprawiedliwo\u015bci, nad kt\u00f3r\u0105 to formacj\u0105 od lat panuje w\u0142a\u015bnie Kaczy\u0144ski. Zarazem wik\u0142a si\u0119 on w\u00a0logiczne niekonsekwencje i\u00a0sprzeczno\u015bci, zaklinaj\u0105c si\u0119, \u017ce gdyby PiS rz\u0105dzi\u0142, to du\u017co wi\u0119ksze by\u0142yby zar\u00f3wno fiskalne dochody, jak i\u00a0wojskowe wydatki, a\u00a0zarazem nie by\u0142oby kryzysu finans\u00f3w publicznych.<\/p>\n<p> <img role=\"presentation\" class=\"absolute left-1\/2 top-1\/2 max-h-[80%] max-w-[100px] -translate-x-1\/2 -translate-y-1\/2\" src=\"https:\/\/v.wpimg.pl\/ZXJfd3AudTkrBBIAbg54LGhcRlAxHQUrPgJGH2MAeGJoSQ1eIBI_K2UHAEVuBTY5KQMMXC0RPyoVERQdMgM9ejc\" loading=\"lazy\" decoding=\"async\"\/> <\/p>\n<p>Odnosz\u0105c si\u0119 do zbroje\u0144, przyzna\u0142, \u017ce &#8222;ambicje [rz\u0105du PiS odno\u015bnie do wydatk\u00f3w na armi\u0119] by\u0142y znacznie wi\u0119ksze (\u2026). Po zmianie w\u0142adzy zosta\u0142y zredukowane. R\u00f3\u017cnego rodzaju zakupy, poziom wzrostu liczebnego si\u0142 zbrojnych, szkolenia rezerwist\u00f3w, to wszystko wyra\u017anie spad\u0142o. (\u2026) Polska powinna wydawa\u0107 na zbrojenia 6\u20137 proc. PKB, a\u00a0by\u0107 mo\u017ce przyjdzie czas, \u017ce jeszcze wi\u0119cej&#8221;. Oczywi\u015bcie, podobnie jak inni nasi odwa\u017cni politycy, nie informuje, udzia\u0142 jakich wydatk\u00f3w publicznych \u2013 na ochron\u0119 zdrowia czy edukacj\u0119, na inwestycje strukturalne czy ochron\u0119 \u015brodowiska, na badania i\u00a0rozw\u00f3j czy kultur\u0119 \u2013 mia\u0142by w\u00a0zwi\u0105zku z\u00a0tym spa\u015b\u0107 o\u00a02\u20133 punkty procentowe PKB, a\u00a0by\u0107 mo\u017ce, &#8222;jeszcze wi\u0119cej&#8221;.<\/p>\n<p>Bezpiecze\u0144stwo w liczbie mnogiej<\/p>\n<p>Co zatem czyni\u0107? Na pewno trzeba si\u0119 nieustannie troszczy\u0107 o\u00a0inne, pozamilitarne aspekty narodowego bezpiecze\u0144stwa, od ludno\u015bciowego, zdrowotnego, \u017cywno\u015bciowego, \u015brodowiskowego, energetycznego oraz infrastrukturalnego poczynaj\u0105c. Wsp\u00f3\u0142cze\u015bnie na znaczeniu nabiera ponadto cyberbezpiecze\u0144stwo, czyli ochrona system\u00f3w oraz sieci informatycznych i\u00a0zbior\u00f3w danych przed coraz cz\u0119\u015bciej zdarzaj\u0105cymi si\u0119 atakami cyfrowymi, za kt\u00f3rymi stoj\u0105 raz to wrogie czynniki zagraniczne, kiedy indziej rodzima g\u0142upia chuliganeria.<\/p>\n<p> <img role=\"presentation\" class=\"absolute left-1\/2 top-1\/2 max-h-[80%] max-w-[100px] -translate-x-1\/2 -translate-y-1\/2\" src=\"https:\/\/v.wpimg.pl\/ZXJfd3AudTkrBBIAbg54LGhcRlAxHQUrPgJGH2MAeGJoSQ1eIBI_K2UHAEVuBTY5KQMMXC0RPyoVERQdMgM9ejc\" loading=\"lazy\" decoding=\"async\"\/> <\/p>\n<p>To dobrze, \u017ce akurat pod tym wzgl\u0119dem polityka rz\u0105dowa daje po\u017c\u0105dane skutki dzi\u0119ki systemowym dzia\u0142aniom Ministerstwa Cyfryzacji, chyba najlepiej dzia\u0142aj\u0105cego spo\u015br\u00f3d wszystkich resort\u00f3w. Wed\u0142ug aktualizowanego na bie\u017c\u0105co indeksu mierz\u0105cego gotowo\u015b\u0107 pa\u0144stw do zapobiegania zagro\u017ceniom i\u00a0przeciwdzia\u0142ania incydentom cybernetycznym, kt\u00f3ry jest opracowywany przez uznan\u0105 na tym polu esto\u0144sk\u0105 Akademi\u0119 e-Governance, Polska jest jednym z\u00a0najbardziej bezpiecznych kraj\u00f3w. Narodowy Indeks Cyberbezpiecze\u0144stwa (National Cyber Security Index, NCSI) plasuje nas po\u015br\u00f3d rankingowanych 145\u00a0pa\u0144stw na 13. miejscu. Co ciekawe, z\u00a0grona bogatszych od nas kraj\u00f3w zachodnich jedynie Kanada, Finlandia i\u00a0Belgia nas wyprzedzaj\u0105, zajmuj\u0105c odpowiednio miejsca 2., 4. i\u00a07. Niemcy s\u0105 tu\u017c za nami, a\u00a0USA dopiero na 30. pozycji. Uderzaj\u0105ce w\u00a0tych por\u00f3wnaniach jest wyra\u017ane przodowanie europejskich pa\u0144stw posocjalistycznych z\u00a0Czechami jako prymusem z\u00a0wynikiem 98,33 przy maksimum r\u00f3wnym 100\u00a0punkt\u00f3w. Polska ma ich 92,50.<\/p>\n<p> <img role=\"presentation\" class=\"absolute left-1\/2 top-1\/2 max-h-[80%] max-w-[100px] -translate-x-1\/2 -translate-y-1\/2\" src=\"https:\/\/v.wpimg.pl\/ZXJfd3AudTkrBBIAbg54LGhcRlAxHQUrPgJGH2MAeGJoSQ1eIBI_K2UHAEVuBTY5KQMMXC0RPyoVERQdMgM9ejc\" loading=\"lazy\" decoding=\"async\"\/> <a href=\"https:\/\/www.money.pl\/gospodarka\/prof-grzegorz-kolodko-budzet-lecimy-jak-cma-do-ognia-ale-jeszcze-nie-jest-za-pozno-opinia-7201536263559776a.html\" class=\"teaser-inline\" rel=\"nofollow noopener\" target=\"_blank\">  <img decoding=\"async\" src=\"https:\/\/www.europesays.com\/pl\/wp-content\/uploads\/2026\/09\/NGE2YmE0YSYkUC9eaktsM2cIewQsEmJlMBBjT2oBfH91SnYLLFwrNSBCNkMiQjs3JEUpQzVcYSY1W3YbdB8qLjZCNQw8HysqJ1c9.jpeg\" loading=\"lazy\" class=\"wp-media-image cropped\" alt=\"Prof. Grzegorz W. Ko\u0142odko: Gospodarka p\u0119dzi na \u015bcian\u0119. Jest jeszcze czas, \u017ceby zmieni\u0107 kierunek [OPINIA]\"\/><\/p>\n<p>Prof. Grzegorz W. Ko\u0142odko: Gospodarka p\u0119dzi na \u015bcian\u0119. Jest jeszcze czas, \u017ceby zmieni\u0107 kierunek [OPINIA]<\/p>\n<p><\/a> <\/p>\n<p>Co za\u015b tyczy si\u0119 kluczowych dla naszych tutaj rozwa\u017ca\u0144 kwestii bezpiecze\u0144stwa finansowego i\u00a0militarnego, to, po pierwsze, rz\u0105d i\u00a0jego s\u0142u\u017cby fiskalne powinny czyni\u0107, co tylko mo\u017cliwe, aby poprawi\u0107 dyscyplin\u0119 podatkow\u0105 i\u00a0konsekwentnie \u015bci\u0105ga\u0107 do systemu finans\u00f3w publicznych wszystkie przewidziane prawem nale\u017cno\u015bci.<\/p>\n<p>Po drugie, nale\u017cy wprowadzi\u0107 zmiany regulacyjne sprzyjaj\u0105ce inkorporacji nierejestrowanej dzia\u0142alno\u015bci gospodarczej, tak zwanej szarej strefy, kt\u00f3rej zakres mo\u017cna szacowa\u0107 na oko\u0142o 10\u00a0proc. PKB, do ewidencjonowanej i\u00a0opodatkowanej aktywno\u015bci zarobkowo-dochodowej.<\/p>\n<p> <img role=\"presentation\" class=\"absolute left-1\/2 top-1\/2 max-h-[80%] max-w-[100px] -translate-x-1\/2 -translate-y-1\/2\" src=\"https:\/\/v.wpimg.pl\/ZXJfd3AudTkrBBIAbg54LGhcRlAxHQUrPgJGH2MAeGJoSQ1eIBI_K2UHAEVuBTY5KQMMXC0RPyoVERQdMgM9ejc\" loading=\"lazy\" decoding=\"async\"\/> <\/p>\n<p>Po trzecie, nale\u017cy wprowadzi\u0107 ostry re\u017cim oszcz\u0119dno\u015bciowy w\u00a0rz\u0105dowych i\u00a0samorz\u0105dowych wydatkach bud\u017cetowych. Deregulacyjnego ograniczenia wymagaj\u0105 uprawnienia administracyjne od gminy poprzez powiat i\u00a0wojew\u00f3dztwa po pa\u0144stwo. Ponadto trzeba zmniejszy\u0107 ewidentne i\u00a0kosztowne przerosty administracji rz\u0105dowej i\u00a0samorz\u0105dowej.<\/p>\n<p>Po czwarte, nale\u017cy powr\u00f3ci\u0107 do procesu stopniowego podnoszenia wieku emerytalnego, poczynaj\u0105c od zbyt uprzywilejowanych s\u0142u\u017cb mundurowych. <\/p>\n<p>Po pi\u0105te, nawet je\u015bli pierwsze trzy aspekty dzia\u0142a\u0144 zostan\u0105 w\u0142a\u015bciwie wyegzekwowane, nadal konieczne b\u0119dzie zmniejszenie wydatk\u00f3w bud\u017cetowych. Zrewidowa\u0107 trzeba struktur\u0119 i\u00a0skal\u0119 transfer\u00f3w socjalnych, kt\u00f3rych istotna cz\u0119\u015b\u0107 jest \u017ale zaadresowana i\u00a0nie pe\u0142ni przypisywanych jej funkcji. Trzeba dokona\u0107 systemowego przegl\u0105du ulg i\u00a0zwolnie\u0144 podatkowych oraz rozmaitych nieodp\u0142atnych us\u0142ug publicznych i\u00a0\u015bwiadcze\u0144 rzeczowych. W\u00a0szczeg\u00f3lno\u015bci nale\u017cy zmodyfikowa\u0107 system 800+, w\u00a0ramach kt\u00f3rego trzeba powr\u00f3ci\u0107 do zasady przyznawania \u015bwiadcze\u0144 od drugiego dziecka oraz wprowadzi\u0107 pr\u00f3g dochodowy uprawniaj\u0105cy do korzystania z\u00a0nich. Ponadto nale\u017cy zaniecha\u0107 wyp\u0142at tak zwanych 13. emerytur. W\u00a0sumie po\u017c\u0105dane by\u0142oby ograniczenie skali zagregowanych transfer\u00f3w socjalnych o\u00a0oko\u0142o 2\u00a0proc. PKB.<\/p>\n<p> <img role=\"presentation\" class=\"absolute left-1\/2 top-1\/2 max-h-[80%] max-w-[100px] -translate-x-1\/2 -translate-y-1\/2\" src=\"https:\/\/v.wpimg.pl\/ZXJfd3AudTkrBBIAbg54LGhcRlAxHQUrPgJGH2MAeGJoSQ1eIBI_K2UHAEVuBTY5KQMMXC0RPyoVERQdMgM9ejc\" loading=\"lazy\" decoding=\"async\"\/> <a href=\"https:\/\/www.money.pl\/gospodarka\/prof-kolodko-finanse-publiczne-sa-w-kryzysie-wciaz-nie-jest-za-pozno-na-reakcje-opinia-7268448431298656a.html\" class=\"teaser-inline\" rel=\"nofollow noopener\" target=\"_blank\">  <img decoding=\"async\" src=\"https:\/\/www.europesays.com\/pl\/wp-content\/uploads\/2026\/09\/N2E3YjllYVMkUS9ZQxdsRmcJewMFTmIQMBFjSENdfAp1S3YMBQArQCBDNkQLHjtCJEQpRBwAYVM1WnYcXUMqWzZDNQsVQytfJ1Y9.jpeg\" loading=\"lazy\" class=\"wp-media-image cropped\" alt=\"Prof. Ko\u0142odko: Finanse publiczne s\u0105 w kryzysie. Wci\u0105\u017c nie jest za p\u00f3\u017ano na reakcj\u0119 [OPINIA]\"\/><\/p>\n<p>Prof. Ko\u0142odko: Finanse publiczne s\u0105 w kryzysie. Wci\u0105\u017c nie jest za p\u00f3\u017ano na reakcj\u0119 [OPINIA]<\/p>\n<p><\/a><\/p>\n<p>Militarne rozkie\u0142znanie<\/p>\n<p>Po sz\u00f3ste, nale\u017cy zredukowa\u0107 wydatki obronne do wymaganych ustawowo 3\u00a0proc. PKB. W\u00a0tym przypadku oznacza to zmniejszenie wydatk\u00f3w publicznych, deficytu bud\u017cetowego i\u00a0potrzeb po\u017cyczkowych rz\u0105du tak\u017ce o\u00a0oko\u0142o 2\u00a0proc. PKB. Artyku\u0142 40\u00a0ust\u0119p 1\u00a0ustawy o\u00a0obronie Ojczyzny stanowi, \u017ce &#8222;Na finansowanie potrzeb obronnych Rzeczypospolitej Polskiej przeznacza si\u0119 corocznie wydatki z\u00a0bud\u017cetu pa\u0144stwa w\u00a0wysoko\u015bci (\u2026) co najmniej 3\u00a0proc. Produktu Krajowego Brutto \u2013 w\u00a0roku 2023\u00a0i\u00a0latach kolejnych&#8221;. Wskazane jest, aby &#8222;co najmniej&#8221; by\u0142o w\u00a0praktyce interpretowane jako &#8222;nie wi\u0119cej ni\u017c&#8221;.<\/p>\n<p>Ponadto dobrze by\u0142oby odej\u015b\u0107 od automatycznej indeksacji bud\u017cetu wojskowego polegaj\u0105cej na tym, \u017ce zgodnie z\u00a0artyku\u0142em 40\u00a0ust\u0119pem 2\u00a0ustawy &#8222;Warto\u015b\u0107 Produktu Krajowego Brutto ustala si\u0119 w\u00a0oparciu o\u00a0warto\u015b\u0107 okre\u015blon\u0105 w\u00a0za\u0142o\u017ceniach projektu bud\u017cetu pa\u0144stwa na dany rok i\u00a0dotyczy tego samego roku, na kt\u00f3ry s\u0105 planowane wydatki, o\u00a0kt\u00f3rych mowa w\u00a0ust. 1&#8221; oraz stosowa\u0107 ten\u017ce mechanizm indeksacji, odnosz\u0105c go do rzeczywistej warto\u015bci PKB z\u00a0roku poprzedniego. (Na m\u00f3j wniosek jako wicepremiera i\u00a0ministra finans\u00f3w tak\u0105 zasad\u0119 wdro\u017cono na rok 2003, kiedy to wydatki obronne stanowi\u0142y w\u00a0zupe\u0142no\u015bci wystarczaj\u0105ce dla bezpiecze\u0144stwa narodowego 2\u00a0proc. PKB).<\/p>\n<p>Po si\u00f3dme, w\u00a0ramach ponoszonych wydatk\u00f3w wojskowych warto stosowa\u0107 praktyk\u0119 przeznaczania r\u00f3wnowarto\u015bci 1\u00a0proc. PKB (w realiach 2026\u00a0r. by\u0142oby to oko\u0142o 40\u00a0miliard\u00f3w z\u0142otych) na tak zwane podw\u00f3jne zastosowania, kt\u00f3re mog\u0105 s\u0142u\u017cy\u0107 sektorowi zar\u00f3wno wojskowemu, jak i\u00a0cywilnemu. Jedn\u0105 czwart\u0105 tej jednoprocentowej alokacji, czyli 0,25 proc. PKB, trzeba przeznacza\u0107 na publiczne inwestycje na badania i\u00a0rozw\u00f3j, kt\u00f3re w\u00a0odniesieniu do sektora obronno\u015bci s\u0105 na bardzo niskim poziomie. O\u00a0ile w\u00a0USA wynosi\u0142y one 0,3 proc. PKB, o\u00a0tyle w\u00a0Unii Europejskiej by\u0142o to zaledwie 0,02 proc., a\u00a0w\u00a0Polsce \u017ca\u0142osne 0,01 proc. PKB (dane dla 2023\u00a0r.).<\/p>\n<p>Po \u00f3sme, je\u015bli w\u0142adze b\u0119d\u0105 upiera\u0142y si\u0119 przy wydawaniu a\u017c 5\u00a0proc. PKB na obronno\u015b\u0107, tym bardziej trzeba si\u0119gn\u0105\u0107 do nadmiernych z\u00a0punktu widzenia logiki ekonomicznej pa\u0144stwowych rezerw walutowych zarz\u0105dzanych przez Narodowy Bank Polski. Dobrze by\u0142oby, aby do systemu finans\u00f3w publicznych trafi\u0142a jedna czwarta tego zasobu, oko\u0142o 250\u00a0miliard\u00f3w z\u0142otych, kt\u00f3re w\u00a0trzech transzach po mniej wi\u0119cej 80\u00a0miliard\u00f3w zmniejsza\u0142yby przyrost zad\u0142u\u017cenia pa\u0144stwa w\u00a0kolejnych trzech latach. Jest kilka sposob\u00f3w przeprowadzenia stosownej operacji. Sk\u0105din\u0105d wiem, \u017ce przekonanie o\u00a0zasadno\u015bci takiego posuni\u0119cia podziela tak\u017ce prezes NBP, kt\u00f3ry by\u0142by sk\u0142onny aktywnie uczestniczy\u0107 w\u00a0tym przedsi\u0119wzi\u0119ciu, o\u00a0ile tylko dojdzie do ugody na linii rz\u0105d \u2013 parlament \u2013 prezydent.<\/p>\n<p> <a href=\"https:\/\/www.money.pl\/biznes\/wielka-armia-i-jeszcze-wiekszy-deficyt-zbrojeniowa-goraczka-nam-zaszkodzi-opinia-7298876801013760a.html\" class=\"teaser-inline\" rel=\"nofollow noopener\" target=\"_blank\">  <img decoding=\"async\" src=\"https:\/\/www.europesays.com\/pl\/wp-content\/uploads\/2026\/09\/NWJiODJhYTYrCzl3ZRNsI2hTbS0jSmJ1P0t1ZmVZfG96EWAiIwQrJS8ZIGotGjsnKx4_ajoEYTY6AGAye0cqPjkZIyUzRys6KAwr.jpeg\" loading=\"lazy\" class=\"wp-media-image cropped\" alt=\"Wielka armia i jeszcze wi\u0119kszy deficyt. Zbrojeniowa gor\u0105czka nam zaszkodzi [OPINIA]\"\/><\/p>\n<p>Wielka armia i jeszcze wi\u0119kszy deficyt. Zbrojeniowa gor\u0105czka nam zaszkodzi [OPINIA]<\/p>\n<p><\/a> <\/p>\n<p>Po dziewi\u0105te, nie nale\u017cy miesza\u0107 mego postulatu zaczerpni\u0119cia jednej czwartej biliona z\u0142otych z\u00a0rezerw, co oznacza automatycznie o\u00a0tyle\u017c ich zmniejszenie, z\u00a0propozycjami zawartymi w\u00a0uzgodnionym z\u00a0prezesem NBP projekcie ustawy prezydenta czy te\u017c w\u00a0projekcie z\u0142o\u017conym w\u00a0Sejmie przez grup\u0119 pos\u0142\u00f3w PSL. Realizacja ich postulat\u00f3w zas\u0142ugiwa\u0142aby na poparcie jedynie w\u00a0przypadku korzystnej cenowo sprzeda\u017cy cz\u0119\u015bci zapas\u00f3w z\u0142ota bez ich odkupywania. W\u00a0przypadku ich odkupywania bowiem zysk NBP, podlegaj\u0105cy w\u00a095\u00a0proc. transferowi do bud\u017cetu pa\u0144stwa, pokryty by\u0142by emisj\u0105 inflacyjnego pieni\u0105dza. Je\u015bli operacja na z\u0142ocie zostanie zrealizowana, to uzyskane przez finanse publiczne \u015brodki nie b\u0119d\u0105 zamiast \u015brodk\u00f3w pochodz\u0105cych z\u00a0redukcji rezerw NBP, ale obok nich. Przekazany do bud\u017cetu zysk NBP nie s\u0142u\u017cy\u0142by finansowaniu zbroje\u0144, lecz zmniejszy\u0142by potrzeby po\u017cyczkowe (przyrost d\u0142ugu).<\/p>\n<p>Potrzebne porozumienie<\/p>\n<p>Po dziesi\u0105te, rozwa\u017cy\u0107 warto powo\u0142anie zespo\u0142u kompetentnych polityk\u00f3w, urz\u0119dnik\u00f3w i\u00a0ekspert\u00f3w z\u00a0ramienia prezydenta, rz\u0105du i\u00a0banku centralnego, kt\u00f3ry przygotuje stosowny projekt specjalnej ustawy, kt\u00f3r\u0105 nast\u0119pnie przyjmie Sejm i\u00a0Senat oraz podpisze prezydent. To jest mo\u017cliwe. To jest uzasadnione. To jest po\u017c\u0105dane. To jest jedyne sensowne wyj\u015bcie z\u00a0obecnej patowej sytuacji, skoro przyj\u0119ta przez parlament na wniosek rz\u0105du ustawa zosta\u0142a skutecznie zawetowana przez prezydenta, a\u00a0z\u00a0kolei jego i\u00a0PSL-u propozycje ustawowe nie b\u0119d\u0105 uchwalone, a\u00a0nawet gdyby by\u0142y, to nie by\u0142aby to alternatywa wobec idei wykorzystania rezerw NBP, lecz jej koniunkcja.<\/p>\n<p>Po jedenaste, je\u015bli (nie)uk\u0142adaj\u0105ce si\u0119 strony \u2013 prezydent, obie izby parlamentu, rz\u0105d, bank centralny \u2013 nie potrafi\u0105 wypracowa\u0107 pragmatycznego kompromisu (i nie zakwestionuje go Trybuna\u0142 Konstytucyjny ponownie parali\u017cowany trybem powo\u0142ywania nowych cz\u0142onk\u00f3w), nale\u017cy podnie\u015b\u0107 podatki w\u00a0spos\u00f3b jak najmniej szkodz\u0105cy wzrostowi gospodarczemu, a\u00a0zarazem sprzyjaj\u0105cy sprawiedliwo\u015bci spo\u0142ecznej. W\u00a0szczeg\u00f3lno\u015bci po\u017c\u0105dana jest konsolidacja wszystkich dochod\u00f3w indywidualnych, \u0142\u0105cznie z\u00a0kapita\u0142owymi, i\u00a0poddanie ich powszechnie stosowanej skali progresywnego opodatkowania z\u00a0trzema stawkami.<\/p>\n<p> <a href=\"https:\/\/www.money.pl\/finanse\/euro-a-sprawa-polska-czy-wspolna-waluta-ue-zwiekszylaby-nasze-bezpieczenstwo-opinia-7270990611544256a.html\" class=\"teaser-inline\" rel=\"nofollow noopener\" target=\"_blank\">  <img decoding=\"async\" src=\"https:\/\/www.europesays.com\/pl\/wp-content\/uploads\/2026\/09\/1788687317_487_NjIxMjE3YQsoGjtZakhsHmtCbwMsEWJIPFp3SGoCfFJ5AGIMLF8rGCwIIkQiQTsaKA89RDVfYQs5EWIcdBwqAzoIIQs8HCsHKx0p.jpeg\" loading=\"lazy\" class=\"wp-media-image cropped\" alt=\"Euro a sprawa polska. Czy wsp\u00f3lna waluta UE zwi\u0119kszy\u0142aby nasze bezpiecze\u0144stwo? [OPINIA]\"\/><\/p>\n<p>Euro a sprawa polska. Czy wsp\u00f3lna waluta UE zwi\u0119kszy\u0142aby nasze bezpiecze\u0144stwo? [OPINIA]<\/p>\n<p><\/a> <\/p>\n<p>Po dwunaste, ci\u0119\u017car troski o\u00a0bezpiecze\u0144stwo narodowe musi przenie\u015b\u0107 si\u0119 z\u00a0militari\u00f3w na dyplomacj\u0119. Trzeba rozmawia\u0107, tak\u017ce z\u00a0przeciwnikami, aby jak najmniej by\u0142o rzeczywistej czy domniemanej wrogo\u015bci w\u00a0stosunkach mi\u0119dzynarodowych. <\/p>\n<p>Po trzynaste, je\u015bli w\u00a0obliczu kryzysu polskiej demokracji \u2013 bo z\u00a0tym w\u0142a\u015bnie mamy do czynienia \u2013 nie uda si\u0119 wypracowa\u0107 i\u00a0wdro\u017cy\u0107 stosownej \u015bcie\u017cki hamowania zapa\u015bci finans\u00f3w publicznych, dojdzie do g\u0142\u0119bokiego kryzysu gospodarczego, spo\u0142ecznego i\u00a0politycznego. Koszty \u2013 tak\u017ce finansowe \u2013 jego przezwyci\u0119\u017cania b\u0119d\u0105 w\u00f3wczas znacznie powa\u017cniejsze ani\u017celi te, kt\u00f3re trzeba obecnie ponie\u015b\u0107, aby uciec przed katastrof\u0105.<\/p>\n<p>Raz jeszcze powt\u00f3rz\u0119: &#8222;Do przeprowadzenia tej operacji niezb\u0119dna jest zgodna wola polityczna prezydenta, Sejmu i\u00a0Senatu, rz\u0105du oraz NBP. W\u00a0taki spos\u00f3b mo\u017cna obroni\u0107 Polsk\u0119 przed realnym zagro\u017ceniem, wobec kt\u00f3rego stoi \u2013 rozleg\u0142ym kryzysem spo\u0142eczno-gospodarczym, do kt\u00f3rego prowadzi igranie z\u00a0nier\u00f3wnowag\u0105 finansow\u0105. Sk\u0142\u00f3conym politykom wydaje si\u0119, \u017ce je\u015bli do niego dojdzie, to win\u0119 zrzuc\u0105 na swoich przeciwnik\u00f3w. Ot\u00f3\u017c nie. Wszyscy b\u0119dziecie temu winni; w\u00a0koalicji i\u00a0w\u00a0opozycji, w\u00a0jednym pa\u0142acu i\u00a0drugim. Jeszcze nie jest za p\u00f3\u017ano.&#8221; <\/p>\n<p>Fragment ksi\u0105\u017cki &#8222;Niebezpieczne bezpiecze\u0144stwo&#8221;, Polskie Wydawnictwo Ekonomiczne, 2026<\/p>\n","protected":false},"excerpt":{"rendered":"opinie Przedstawiamy r\u00f3\u017cne punkty widzenia Tekst powsta\u0142 w\u00a0ramach projektu WP Opinie. Przedstawiamy w\u00a0nim zr\u00f3\u017cnicowane spojrzenia komentator\u00f3w i\u00a0lider\u00f3w opinii&hellip;\n","protected":false},"author":2,"featured_media":670849,"comment_status":"","ping_status":"","sticky":false,"template":"","format":"standard","meta":{"footnotes":"","_share_on_mastodon":"0"},"categories":[12],"tags":[32,33,36,37,27,34,35,28,31,25,42,38,40,39,41,29,30,26],"class_list":["post-670848","post","type-post","status-publish","format-standard","has-post-thumbnail","category-polska","tag-breaking-news","tag-breakingnews","tag-featured-news","tag-featurednews","tag-headlines","tag-latest-news","tag-latestnews","tag-naglowki","tag-najwazniejsze-artykuly","tag-news","tag-pl","tag-poland","tag-polish","tag-polska","tag-polski","tag-top-stories","tag-topstories","tag-wiadomosci"],"share_on_mastodon":{"url":"https:\/\/pubeurope.com\/@pl\/117223420537717865","error":""},"_links":{"self":[{"href":"https:\/\/www.europesays.com\/pl\/wp-json\/wp\/v2\/posts\/670848","targetHints":{"allow":["GET"]}}],"collection":[{"href":"https:\/\/www.europesays.com\/pl\/wp-json\/wp\/v2\/posts"}],"about":[{"href":"https:\/\/www.europesays.com\/pl\/wp-json\/wp\/v2\/types\/post"}],"author":[{"embeddable":true,"href":"https:\/\/www.europesays.com\/pl\/wp-json\/wp\/v2\/users\/2"}],"replies":[{"embeddable":true,"href":"https:\/\/www.europesays.com\/pl\/wp-json\/wp\/v2\/comments?post=670848"}],"version-history":[{"count":0,"href":"https:\/\/www.europesays.com\/pl\/wp-json\/wp\/v2\/posts\/670848\/revisions"}],"wp:featuredmedia":[{"embeddable":true,"href":"https:\/\/www.europesays.com\/pl\/wp-json\/wp\/v2\/media\/670849"}],"wp:attachment":[{"href":"https:\/\/www.europesays.com\/pl\/wp-json\/wp\/v2\/media?parent=670848"}],"wp:term":[{"taxonomy":"category","embeddable":true,"href":"https:\/\/www.europesays.com\/pl\/wp-json\/wp\/v2\/categories?post=670848"},{"taxonomy":"post_tag","embeddable":true,"href":"https:\/\/www.europesays.com\/pl\/wp-json\/wp\/v2\/tags?post=670848"}],"curies":[{"name":"wp","href":"https:\/\/api.w.org\/{rel}","templated":true}]}}