{"id":670850,"date":"2026-09-06T09:36:14","date_gmt":"2026-09-06T09:36:14","guid":{"rendered":"https:\/\/www.europesays.com\/pl\/670850\/"},"modified":"2026-09-06T09:36:14","modified_gmt":"2026-09-06T09:36:14","slug":"wyscigowe-porsche-911-gt3-rs-rozbite-na-autostradzie-a2-zdjecia","status":"publish","type":"post","link":"https:\/\/www.europesays.com\/pl\/670850\/","title":{"rendered":"Wy\u015bcigowe Porsche 911 GT3 RS rozbite na autostradzie A2 [ZDJ\u0118CIA]"},"content":{"rendered":"<p>Do gro\u017anie wygl\u0105daj\u0105cej kolizji dosz\u0142o w sobot\u0119 5 wrze\u015bnia na autostradzie A2 w wojew\u00f3dztwie lubuskim, niedaleko granicy z Niemcami w \u015awiecku. Jak poinformowa\u0142a Ochotnicza Stra\u017c Po\u017carna w Boczowie, kt\u00f3ra jako jedna z jednostek pojawi\u0142a si\u0119 na miejscu, przed godz. 17 sportowe Porsche uderzy\u0142o w bariery i zosta\u0142o powa\u017cnie uszkodzone. Przez pewien czas na trasie wyst\u0119powa\u0142y utrudnienia.<\/p>\n<p>Czy warto kupi\u0107 nowe auto na LPG?<\/p>\n<p class=\"ods-o-frame-in-text__paragraph\"><a href=\"https:\/\/www.auto-swiat.pl\/testy\/testy-nowych-samochodow\/renault-captur-12-eco-g-120-test-czy-warto-kupic-nowe-auto-na-lpg\/jddg1q7\" id=\"7496d4a2-3ebc-4559-9468-10c8b788aba8\" rel=\"nofollow noopener\" target=\"_blank\">Paragony ze stacji kusz\u0105, ale s\u0105 warunki <\/a><\/p>\n<p><img class=\"ods-a-photo ods-a-photo--background\" src=\"https:\/\/www.europesays.com\/pl\/wp-content\/uploads\/2026\/09\/4a-k9lBaHR0cHM6Ly9vY2RuLmV1L3B1bHNjbXMvTURBXy8zYzMyMzM3MzU3NzE4ODI5MWMzYmRhOGVjZmQwOWMzMy5qcGeRlQLNA.jpeg\" height=\"338\" width=\"450\" alt=\"Renault Captur 1.2 Eco-G 120 Techno\" loading=\"lazy\" fetchpriority=\"low\" decoding=\"async\"\/>Sportowe Porsche 911 GT3 RS uderzy\u0142o w barier\u0119<a href=\"https:\/\/www.auto-swiat.pl\/\" title=\"Strona G\u0142\u00f3wna\" aria-label=\"Strona G\u0142\u00f3wna\" data-astro-prefetch=\"tap\" class=\"ods-a-logo-main-desktop\" rel=\"nofollow noopener\" target=\"_blank\"><img src=\"https:\/\/cdn.auto-swiat.pl\/img\/Logo_desktop_Auto-Swiat.svg\" class=\"ods-a-logo-main-desktop__image\" alt=\"Logo\" width=\"47\" height=\"60\" fetchpriority=\"high\" decoding=\"sync\" style=\"height:60px\"\/><\/a><\/p>\n<p class=\"ods-m-google-article__text\">Czytaj nas cz\u0119\u015bciej w Google<\/p>\n<p><a href=\"https:\/\/google.com\/preferences\/source?q=auto-swiat.pl\" target=\"_blank\" rel=\"noopener noreferrer nofollow\" aria-label=\"Dodaj w Google\" title=\"Dodaj w Google\" class=\"ods-a-button ods-a-button__primary ods-a-button__default ods-a-button-l\">Dodaj w Google<\/a><\/p>\n<p>\u2014 Samoch\u00f3d prowadzi\u0142 54-letni Polak. Jecha\u0142 sam, by\u0142 trze\u017awy. Straci\u0142 kontrol\u0119 nad autem i uderzy\u0142 w bariery energoch\u0142onne. Nie potrzebowa\u0142 pomocy medycznej \u2014 przekaza\u0142a &#8222;Gazecie Lubuskiej&#8221; sier\u017cant Martyna Litka, rzeczniczka Komendy Powiatowej Policji w Sul\u0119cinie.<\/p>\n<p>Jak wynika ze zdj\u0119\u0107 opublikowanych przez OSP Bocz\u00f3w, jezdnia by\u0142a mokra, a Porsche uderzy\u0142o w barier\u0119 lew\u0105 stron\u0105, na wysoko\u015bci przedniego ko\u0142a. Si\u0142a uderzenia by\u0142a na tyle du\u017ca, \u017ce aktywowa\u0142y si\u0119 poduszki powietrzne.<\/p>\n<p>Charakterystyczne du\u017ce tylne skrzyd\u0142o oraz naklejki na drzwiach pozwalaj\u0105 jednoznacznie zidentyfikowa\u0107 model jako wyczynowe 911 GT3 RS \u2014 samoch\u00f3d stworzony z my\u015bl\u0105 o torze wy\u015bcigowym, ale dopuszczony do ruchu publicznego. W dodatku zosta\u0142 on wyposa\u017cony w dodatkowy pakiet Weissach.<\/p>\n<p>Porsche 911 GT3 RS \u2014 co to za samoch\u00f3d?<\/p>\n<p>Rozbity egzemplarz to model obecnej generacji 992 przed liftingiem. Samoch\u00f3d jest nap\u0119dzany przez wysokoobrotowy, sze\u015bciocylindrowy silnik typu bokser o pojemno\u015bci 4 litr\u00f3w i mocy 525 KM. W optymalnych warunkach przyspieszenie od 0 do 100 km na godz. zajmuje tylko 3,2 s, a pr\u0119dko\u015b\u0107 maksymalna wynosi 296 km na godz. (na si\u00f3dmym biegu).<\/p>\n<p>Wariant RS wyr\u00f3\u017cnia si\u0119 centraln\u0105 ch\u0142odnic\u0105, inspirowan\u0105 rozwi\u0105zaniami z motorsportu. W miejsce trzech ch\u0142odnic, znanych z poprzednich generacji tego modelu, zastosowano jedn\u0105 du\u017c\u0105, umieszczon\u0105 w przedniej cz\u0119\u015bci auta \u2014 tam, gdzie w innych wersjach 911 znajduje si\u0119 baga\u017cnik. W ten spos\u00f3b woln\u0105 przestrze\u0144 po bokach in\u017cynierowie mogli wykorzysta\u0107 na potrzeby element\u00f3w aktywnej aerodynamiki.<\/p>\n<p>Dalszy ci\u0105g artyku\u0142u pod materia\u0142em wideo<\/p>\n<p>Wspomniany pakiet Weissach, kt\u00f3ry mo\u017cna by\u0142o zam\u00f3wi\u0107 za znaczn\u0105 dop\u0142at\u0105, oznacza, \u017ce przednia pokrywa, dach, elementy tylnego skrzyd\u0142a i g\u00f3rne partie obudowy lusterek bocznych maj\u0105 wyko\u0144czenie z w\u0142\u00f3kna w\u0119glowego. Z kolei elementy zawieszenia i klatka bezpiecze\u0144stwa w kabinie powsta\u0142y z kompozytu CFRP. Ponadto montowano tak\u017ce \u0142opatki do r\u0119cznej zmiany bieg\u00f3w PDK w technologii magnetycznej, a na \u017cyczenie oferowano obr\u0119cze k\u00f3\u0142 z magnezu.<\/p>\n<p>W momencie debiutu rynkowego w 2022 r. ceny Porsche 911 GT3 RS startowa\u0142y od ponad 1,2 mln z\u0142. Uszkodzony egzemplarz, widoczny na zdj\u0119ciach, by\u0142 znacznie dro\u017cszy.<\/p>\n<p><img class=\"ods-a-photo ods-a-photo--background\" src=\"https:\/\/www.europesays.com\/pl\/wp-content\/uploads\/2026\/09\/eoZk9lBaHR0cHM6Ly9vY2RuLmV1L3B1bHNjbXMvTURBXy9jNTljOWNlM2MyY2MxZGYwMDJmYTVmZjJlMDdhNmMzMy5qcGeRkwXNB.jpeg\" height=\"499\" width=\"940\" alt=\"Porsche 911 GT3 RS (generacja 992) - zdj. ilustracyjne\" loading=\"lazy\" fetchpriority=\"auto\" decoding=\"auto\" url=\"https:\/\/ocdn.eu\/pulscms\/MDA_\/c59c9ce3c2cc1df002fa5ff2e07a6c33.jpg\" description=\"Porsche 911 GT3 RS (generacja 992) - zdj. ilustracyjne\" author=\"Krzysztof Wojciechowicz\" source=\"Auto \u015awiat\" link=\"\"\/><\/p>\n<p>Auto \u015awiat \/ Krzysztof Wojciechowicz<\/p>\n<p>Porsche 911 GT3 RS (generacja 992) &#8211; zdj. ilustracyjne<\/p>\n","protected":false},"excerpt":{"rendered":"Do gro\u017anie wygl\u0105daj\u0105cej kolizji dosz\u0142o w sobot\u0119 5 wrze\u015bnia na autostradzie A2 w wojew\u00f3dztwie lubuskim, niedaleko granicy z&hellip;\n","protected":false},"author":2,"featured_media":670851,"comment_status":"","ping_status":"","sticky":false,"template":"","format":"standard","meta":{"footnotes":"","_share_on_mastodon":"0"},"categories":[5],"tags":[210,13376,61195,32,33,36,37,27,3431,34,35,28,31,48,25,46,42,38,40,39,41,6881,130119,47,29,30,130120,26],"class_list":["post-670850","post","type-post","status-publish","format-standard","has-post-thumbnail","category-naglowki","tag-aktualnosci","tag-autostrada_a2","tag-bottomfeed_styl","tag-breaking-news","tag-breakingnews","tag-featured-news","tag-featurednews","tag-headlines","tag-kolizja","tag-latest-news","tag-latestnews","tag-naglowki","tag-najwazniejsze-artykuly","tag-nat_styl","tag-news","tag-omp","tag-pl","tag-poland","tag-polish","tag-polska","tag-polski","tag-porsche","tag-porsche_911_gt3","tag-screening_general","tag-top-stories","tag-topstories","tag-uszkodzenie_auta","tag-wiadomosci"],"share_on_mastodon":{"url":"https:\/\/pubeurope.com\/@pl\/117223423077971873","error":""},"_links":{"self":[{"href":"https:\/\/www.europesays.com\/pl\/wp-json\/wp\/v2\/posts\/670850","targetHints":{"allow":["GET"]}}],"collection":[{"href":"https:\/\/www.europesays.com\/pl\/wp-json\/wp\/v2\/posts"}],"about":[{"href":"https:\/\/www.europesays.com\/pl\/wp-json\/wp\/v2\/types\/post"}],"author":[{"embeddable":true,"href":"https:\/\/www.europesays.com\/pl\/wp-json\/wp\/v2\/users\/2"}],"replies":[{"embeddable":true,"href":"https:\/\/www.europesays.com\/pl\/wp-json\/wp\/v2\/comments?post=670850"}],"version-history":[{"count":0,"href":"https:\/\/www.europesays.com\/pl\/wp-json\/wp\/v2\/posts\/670850\/revisions"}],"wp:featuredmedia":[{"embeddable":true,"href":"https:\/\/www.europesays.com\/pl\/wp-json\/wp\/v2\/media\/670851"}],"wp:attachment":[{"href":"https:\/\/www.europesays.com\/pl\/wp-json\/wp\/v2\/media?parent=670850"}],"wp:term":[{"taxonomy":"category","embeddable":true,"href":"https:\/\/www.europesays.com\/pl\/wp-json\/wp\/v2\/categories?post=670850"},{"taxonomy":"post_tag","embeddable":true,"href":"https:\/\/www.europesays.com\/pl\/wp-json\/wp\/v2\/tags?post=670850"}],"curies":[{"name":"wp","href":"https:\/\/api.w.org\/{rel}","templated":true}]}}