{"id":670854,"date":"2026-09-06T09:45:11","date_gmt":"2026-09-06T09:45:11","guid":{"rendered":"https:\/\/www.europesays.com\/pl\/670854\/"},"modified":"2026-09-06T09:45:11","modified_gmt":"2026-09-06T09:45:11","slug":"podlaskie-dla-ciebie-festiwal-tak-bawil-sie-bialystok-na-koncertach-gwiazd-zdjecia","status":"publish","type":"post","link":"https:\/\/www.europesays.com\/pl\/670854\/","title":{"rendered":"Podlaskie Dla Ciebie. Festiwal. Tak bawi\u0142 si\u0119 Bia\u0142ystok na koncertach gwiazd. ZDJ\u0118CIA"},"content":{"rendered":"<p><a class=\"atomsArticleGalleryImage__mainImgLink\" href=\"https:\/\/bialystok.naszemiasto.pl\/podlaskie-dla-ciebie-festiwal-tak-bawil-sie-bialystok-na-koncertach-gwiazd-zdjecia\/gh\/c13p2-29328869\" title=\"Podlaskie. Dla Ciebie Festiwal w Bia&#x142;ymstoku ju&#x17C; za nami. Zobacz na zdj&#x119;ciach, jak bawili si&#x119; uczestnicy.\" data-ec=\"atomsArticleGalleryImage\" data-event-position-el=\"mainImage\" aria-label=\"Zobacz galeri&#x119;\" rel=\"nofollow noopener\" target=\"_blank\"><img decoding=\"async\" loading=\"eager\" fetchpriority=\"high\" class=\"atomsArticleGalleryImage__mainImg\" src=\"https:\/\/www.europesays.com\/pl\/wp-content\/uploads\/2026\/09\/26090511e9_975429755_medium.jpg\" alt=\"Podlaskie. Dla Ciebie Festiwal w Bia&#x142;ymstoku ju&#x17C; za nami. Zobacz na zdj&#x119;ciach, jak bawili si&#x119; uczestnicy.\" width=\"1920\" height=\"1280\"\/><\/a><\/p>\n<p>\n        Podlaskie. Dla Ciebie Festiwal w Bia\u0142ymstoku ju\u017c za nami. Zobacz na zdj\u0119ciach, jak bawili si\u0119 uczestnicy.<\/p>\n<p>          fot. Krzysztof Duszy\u0144ski\/UMWP\n        <\/p>\n<p>Za nami trzecia edycja Podlaskie Dla Ciebie Festiwalu. Na kampusie Politechniki Bia\u0142ostockiej fani muzyki podziwiali znanych polskich wykonawc\u00f3w. Na scenie pojawi\u0142y si\u0119 gwiazdy sceny hip-hopowej i popowej. Zobacz na zdj\u0119ciach, jak wygl\u0105da\u0142a zabawa na bia\u0142ostockiej \u201epolibudzie\u201d.<\/p>\n","protected":false},"excerpt":{"rendered":"Podlaskie. Dla Ciebie Festiwal w Bia\u0142ymstoku ju\u017c za nami. Zobacz na zdj\u0119ciach, jak bawili si\u0119 uczestnicy. fot. Krzysztof&hellip;\n","protected":false},"author":2,"featured_media":670855,"comment_status":"","ping_status":"","sticky":false,"template":"","format":"standard","meta":{"footnotes":"","_share_on_mastodon":"0"},"categories":[51614],"tags":[2151,130125,130121,130126,108401,130124,130122,42,38,40,39,41,130123],"class_list":["post-670854","post","type-post","status-publish","format-standard","has-post-thumbnail","category-bialystok","tag-bialystok","tag-dla-ciebie-bialystok","tag-festiwal-bialystok","tag-kizo-bialystok","tag-koncert-bialystok","tag-mata-bialystok","tag-pezet-bialystok","tag-pl","tag-poland","tag-polish","tag-polska","tag-polski","tag-zalia-bialystok"],"share_on_mastodon":{"url":"https:\/\/pubeurope.com\/@pl\/117223459335991266","error":""},"_links":{"self":[{"href":"https:\/\/www.europesays.com\/pl\/wp-json\/wp\/v2\/posts\/670854","targetHints":{"allow":["GET"]}}],"collection":[{"href":"https:\/\/www.europesays.com\/pl\/wp-json\/wp\/v2\/posts"}],"about":[{"href":"https:\/\/www.europesays.com\/pl\/wp-json\/wp\/v2\/types\/post"}],"author":[{"embeddable":true,"href":"https:\/\/www.europesays.com\/pl\/wp-json\/wp\/v2\/users\/2"}],"replies":[{"embeddable":true,"href":"https:\/\/www.europesays.com\/pl\/wp-json\/wp\/v2\/comments?post=670854"}],"version-history":[{"count":0,"href":"https:\/\/www.europesays.com\/pl\/wp-json\/wp\/v2\/posts\/670854\/revisions"}],"wp:featuredmedia":[{"embeddable":true,"href":"https:\/\/www.europesays.com\/pl\/wp-json\/wp\/v2\/media\/670855"}],"wp:attachment":[{"href":"https:\/\/www.europesays.com\/pl\/wp-json\/wp\/v2\/media?parent=670854"}],"wp:term":[{"taxonomy":"category","embeddable":true,"href":"https:\/\/www.europesays.com\/pl\/wp-json\/wp\/v2\/categories?post=670854"},{"taxonomy":"post_tag","embeddable":true,"href":"https:\/\/www.europesays.com\/pl\/wp-json\/wp\/v2\/tags?post=670854"}],"curies":[{"name":"wp","href":"https:\/\/api.w.org\/{rel}","templated":true}]}}