{"id":670864,"date":"2026-09-06T09:52:12","date_gmt":"2026-09-06T09:52:12","guid":{"rendered":"https:\/\/www.europesays.com\/pl\/670864\/"},"modified":"2026-09-06T09:52:12","modified_gmt":"2026-09-06T09:52:12","slug":"nowa-trasa-rowerowa-w-lodzkiem-rusza-przetarg-na-236-km-drogi-w-19-gminach-mapa-lodz-pl","status":"publish","type":"post","link":"https:\/\/www.europesays.com\/pl\/670864\/","title":{"rendered":"Nowa trasa rowerowa w \u0141\u00f3dzkiem. Rusza przetarg na 236 km drogi w 19 gminach [MAPA]: \u0141\u00d3D\u0179.PL"},"content":{"rendered":"<p>  06.09.2026    11:11  red. <\/p>\n<p itemprop=\"description\"> W \u0141\u00f3dzkiem ma powsta\u0107 nowa trasa rowerowa Velo Warta, a w jej sk\u0142ad wejdzie a\u017c 19 gmin! Og\u0142oszono ju\u017c przetarg na szczeg\u00f3\u0142ow\u0105 koncepcj\u0119 drogi. Powstanie projekt 236-kilometrowej drogi dla rowerzyst\u00f3w z pe\u0142n\u0105 infrastruktur\u0105 wypoczynkow\u0105 i \u0142atwym dojazdem do stacji kolejowych. Dowiedz si\u0119 wi\u0119cej! <\/p>\n<p>Przysz\u0142y wykonawca\u00a0trasy rowerowej Velo Warta\u00a0wytyczy ostateczny przebieg szlaku oraz przygotuje Program Funkcjonalno-U\u017cytkowy (PFU). To najwa\u017cniejszy dokument, kt\u00f3ry w przysz\u0142o\u015bci pozwoli rozpocz\u0105\u0107 budow\u0119. Zadanie to wymaga wyj\u015bcia w teren. Projektanci zbadaj\u0105 geologi\u0119, uwarunkowania \u015brodowiskowe i w\u0142asno\u015b\u0107 dzia\u0142ek. Je\u015bli na trasie Velo Warta pojawi\u0105 si\u0119 przeszkody, wykonawca b\u0119dzie musia\u0142 zaproponowa\u0107 co najmniej dwa alternatywne warianty omini\u0119cia tych przeszk\u00f3d.<\/p>\n<p>Nowa trasa rowerowa w \u0141\u00f3dzkiem dla ka\u017cdego <\/p>\n<p>Velo Warta ma by\u0107 nap\u0119dow\u0105 si\u0142\u0105 turystyki rowerowej w regionie, a jej najwa\u017cniejsze cechy to:<\/p>\n<p data-path-to-node=\"8,0,0\">Powszechna dost\u0119pno\u015b\u0107 \u2013\u00a0trasa ma by\u0107 bezkolizyjna i wygodna dla rower\u00f3w z przyczepkami dzieci\u0119cymi czy ci\u0119\u017ckimi sakwami.<\/p>\n<p data-path-to-node=\"8,1,0\">Blisko\u015bci rzeki\u00a0\u2013 szlak w maksymalnym stopniu wykorzysta istniej\u0105ce wa\u0142y przeciwpowodziowe wzd\u0142u\u017c Warty.<\/p>\n<p data-path-to-node=\"8,2,0\">Integracja z kolej\u0105\u00a0\u2013 droga zostanie poprowadzona tak, aby rowerzy\u015bci mogli \u0142atwo dotrze\u0107 na tras\u0119 poci\u0105giem z \u0141odzi i innych miast (po\u0142\u0105czenie ze stacjami i w\u0119z\u0142ami przesiadkowymi).<\/p>\n<p data-path-to-node=\"8,3,0\">Pe\u0142na infrastruktura\u00a0\u2013\u00a0przy trasie powstan\u0105 wiaty chroni\u0105ce przed deszczem, \u0142awki, toalety, kosze na \u015bmieci oraz automatyczne liczniki rowerzyst\u00f3w.<\/p>\n<p>  Trasa rowerowa Velo Warta w 3D <\/p>\n<p>Zanim na tras\u0119 wjad\u0105 koparki, \u0141odzianie i mieszka\u0144cy regionu zobacz\u0105 kluczowe w\u0119z\u0142y Velo Warty na szczeg\u00f3\u0142owych wizualizacjach 3D (zar\u00f3wno z lotu ptaka, jak i z perspektywy kierownicy roweru). Ca\u0142y 236-kilometrowy projekt zostanie podzielony na poszczeg\u00f3lne gminy, co w przysz\u0142o\u015bci pozwoli na budow\u0119 szlaku etapami.<\/p>\n","protected":false},"excerpt":{"rendered":"06.09.2026 11:11 red. W \u0141\u00f3dzkiem ma powsta\u0107 nowa trasa rowerowa Velo Warta, a w jej sk\u0142ad wejdzie a\u017c&hellip;\n","protected":false},"author":2,"featured_media":670865,"comment_status":"","ping_status":"","sticky":false,"template":"","format":"standard","meta":{"footnotes":"","_share_on_mastodon":"0"},"categories":[51608],"tags":[3652,42,38,40,39,41],"class_list":["post-670864","post","type-post","status-publish","format-standard","has-post-thumbnail","category-lodz","tag-lodz","tag-pl","tag-poland","tag-polish","tag-polska","tag-polski"],"share_on_mastodon":{"url":"https:\/\/pubeurope.com\/@pl\/117223485853748311","error":""},"_links":{"self":[{"href":"https:\/\/www.europesays.com\/pl\/wp-json\/wp\/v2\/posts\/670864","targetHints":{"allow":["GET"]}}],"collection":[{"href":"https:\/\/www.europesays.com\/pl\/wp-json\/wp\/v2\/posts"}],"about":[{"href":"https:\/\/www.europesays.com\/pl\/wp-json\/wp\/v2\/types\/post"}],"author":[{"embeddable":true,"href":"https:\/\/www.europesays.com\/pl\/wp-json\/wp\/v2\/users\/2"}],"replies":[{"embeddable":true,"href":"https:\/\/www.europesays.com\/pl\/wp-json\/wp\/v2\/comments?post=670864"}],"version-history":[{"count":0,"href":"https:\/\/www.europesays.com\/pl\/wp-json\/wp\/v2\/posts\/670864\/revisions"}],"wp:featuredmedia":[{"embeddable":true,"href":"https:\/\/www.europesays.com\/pl\/wp-json\/wp\/v2\/media\/670865"}],"wp:attachment":[{"href":"https:\/\/www.europesays.com\/pl\/wp-json\/wp\/v2\/media?parent=670864"}],"wp:term":[{"taxonomy":"category","embeddable":true,"href":"https:\/\/www.europesays.com\/pl\/wp-json\/wp\/v2\/categories?post=670864"},{"taxonomy":"post_tag","embeddable":true,"href":"https:\/\/www.europesays.com\/pl\/wp-json\/wp\/v2\/tags?post=670864"}],"curies":[{"name":"wp","href":"https:\/\/api.w.org\/{rel}","templated":true}]}}