{"id":670866,"date":"2026-09-06T09:53:25","date_gmt":"2026-09-06T09:53:25","guid":{"rendered":"https:\/\/www.europesays.com\/pl\/670866\/"},"modified":"2026-09-06T09:53:25","modified_gmt":"2026-09-06T09:53:25","slug":"to-juz-dzisiaj-rodzinny-bieg-radia-wroclaw-w-parku-wschodnim-biegacze-rozgrzewaja-sie-przed-startem","status":"publish","type":"post","link":"https:\/\/www.europesays.com\/pl\/670866\/","title":{"rendered":"To ju\u017c dzisiaj! Rodzinny Bieg Radia Wroc\u0142aw w Parku Wschodnim. Biegacze rozgrzewaj\u0105 si\u0119 przed startem"},"content":{"rendered":"\n<p>                <a target=\"_blank\" href=\"http:\/\/www.wykop.pl\/dodaj\/link\/?url=https%3A%2F%2Fwww.radiowroclaw.pl%2Farticles%2Fview%2F163692%2FTo-juz-dzisiaj-Rodzinny-Bieg-Radia-Wroclaw-w-Parku-Wschodnim-Biegacze-rozgrzewaja-sie-przed-startem&amp;title=To+ju%C5%BC+dzisiaj%21+Rodzinny+Bieg+Radia+Wroc%C5%82aw+w+Parku+Wschodnim.+Biegacze+rozgrzewaj%C4%85+si%C4%99+przed+startem&amp;desc=W+Parku+Wschodnim+we+Wroc%C5%82awiu+trwaj%C4%85+przygotowania+do+Biegu+Rodzinnego+Radia+Wroc%C5%82aw+na+Zako%C5%84czenie+Lata.+O+godzinie+11%3A00+uczestnicy+rusz%C4%85+na+rekreacyjn%C4%85+tras%C4%99+o+d%C5%82ugo%C5%9Bci+2%2C8+kilometra.+Dzieci+startuj%C4%85+w+parach+z+doros%C5%82ymi+opiekunami%2C+a+najwa%C5%BCniejsza+jest+oczywi%C5%9Bcie+wsp%C3%B3lna+zabawa.\" rel=\"nofollow noopener\"><img decoding=\"async\" alt=\"Dodaj do Wykop.pl\" src=\"https:\/\/www.radiowroclaw.pl\/nlayout\/layout\/wykop-social.svg\"\/><\/a><\/p>\n<p>    <a href=\"https:\/\/www.europesays.com\/pl\/wp-content\/uploads\/2026\/09\/Sy8gBlCdfP.jpg\" class=\"RWGalleryGroup\" rel=\"RWGallery\" data-fancybox=\"RWGallery\" data-caption=\"Bieg Rodzinny Radia Wroc\u0142aw\" title=\"Bieg Rodzinny Radia Wroc\u0142aw\"><img decoding=\"async\" src=\"https:\/\/www.europesays.com\/pl\/wp-content\/uploads\/2026\/09\/Sy8gBlCdfP.jpg\" class=\"w-100\" alt=\"To ju\u017c dzisiaj! Rodzinny Bieg Radia Wroc\u0142aw w Parku Wschodnim. Biegacze rozgrzewaj\u0105 si\u0119 przed startem \u2013 Bieg Rodzinny Radia Wroc\u0142aw\"\/><\/a>Bieg Rodzinny Radia Wroc\u0142aw<\/p>\n<p>fot. Krzysztof Milewski<\/p>\n<p>W Parku Wschodnim we Wroc\u0142awiu trwaj\u0105 przygotowania do Biegu Rodzinnego Radia Wroc\u0142aw na Zako\u0144czenie Lata. O godzinie 11:00 uczestnicy rusz\u0105 na rekreacyjn\u0105 tras\u0119 o d\u0142ugo\u015bci 2,8 kilometra. Dzieci startuj\u0105 w parach z doros\u0142ymi opiekunami, a najwa\u017cniejsza jest oczywi\u015bcie wsp\u00f3lna zabawa.<\/p>\n<p style=\"text-align: justify;\">W Parku Wschodnim we Wroc\u0142awiu trwaj\u0105 ostatnie przygotowania do Biegu Rodzinnego Radia Wroc\u0142aw na Zako\u0144czenie Lata. Uczestnicy szykuj\u0105 si\u0119 do wsp\u00f3lnego startu, kt\u00f3ry zaplanowano na godzin\u0119 11:00.<\/p>\n<p style=\"text-align: justify;\">To rekreacyjny bieg na dystansie 2,8 kilometra, w kt\u00f3rym dzieci startuj\u0105 w parze z doros\u0142ym opiekunem. Nie chodzi tu przede wszystkim o wynik, ale o wsp\u00f3ln\u0105 aktywno\u015b\u0107, dobr\u0105 zabaw\u0119 i rodzinne sp\u0119dzenie czasu na \u015bwie\u017cym powietrzu.<\/p>\n<p style=\"text-align: justify;\">Start i meta znajduj\u0105 si\u0119 przy \u015bcie\u017cce biegowej Radia Wroc\u0142aw w Parku Wschodnim, przy ulicy Krakowskiej. Na uczestnik\u00f3w czekaj\u0105 mi\u0119dzy innymi pami\u0105tkowe medale, upominki dla dzieci, pocz\u0119stunek i sportowa atmosfera.<\/p>\n<p>            <a name=\"Gallery\"\/><\/p>\n<p>                                                                <a class=\"RWGalleryGroup\" rel=\"RWGallery nofollow noopener\" data-fancybox=\"RWGallery\" data-caption=\"Bieg Rodzinny Radia Wroc\u0142aw \/fot. Krzysztof Milewski\" title=\"Bieg Rodzinny Radia Wroc\u0142aw \/fot. Krzysztof Milewski\" href=\"https:\/\/www.radiowroclaw.pl\/img\/articles\/163692\/To-juz-dzisiaj-Rodzinny-Bieg-Radia-Wroclaw-w-Parku-Wschodnim-Biegacze-rozgrzewaja-sie-przed-startem-5-6a9d26be3ceef-i4.jpg\" target=\"_blank\">&#13;<\/p>\n<p>                                        <img decoding=\"async\" src=\"https:\/\/www.europesays.com\/pl\/wp-content\/uploads\/2026\/09\/To-juz-dzisiaj-Rodzinny-Bieg-Radia-Wroclaw-w-Parku-Wschodnim-Biegacze-rozgrzewaja-sie-przed-startem-.jpeg\" class=\"img-cover\" alt=\"To ju\u017c dzisiaj! Rodzinny Bieg Radia Wroc\u0142aw w Parku Wschodnim. Biegacze rozgrzewaj\u0105 si\u0119 przed startem - 4\"\/>                                    &#13;<br \/>\n                                <\/a><\/p>\n<p>        <a name=\"Comments\"\/><br \/>\n    \ufeff<\/p>\n<p>\t\t\t\t<a name=\"Comments\"\/><\/p>\n<p>\t\t\t\t\tDodaj\u0105c komentarz do artyku\u0142u akceptujesz<br \/>\n\t\t\t\t\t<a class=\"fw-bold\" href=\"https:\/\/www.radiowroclaw.pl\/articles\/view\/97405\" title=\"regulamin strony\" rel=\"nofollow noopener\" target=\"_blank\">regulamin strony<\/a>.<br \/>\n\t\t\t\t\tRadio Wroc\u0142aw nie odpowiada za tre\u015b\u0107 komentarzy.<\/p>\n","protected":false},"excerpt":{"rendered":"Bieg Rodzinny Radia Wroc\u0142aw fot. Krzysztof Milewski W Parku Wschodnim we Wroc\u0142awiu trwaj\u0105 przygotowania do Biegu Rodzinnego Radia&hellip;\n","protected":false},"author":2,"featured_media":670867,"comment_status":"","ping_status":"","sticky":false,"template":"","format":"standard","meta":{"footnotes":"","_share_on_mastodon":"0"},"categories":[51607],"tags":[47438,68805,29051,52664,89176,42,38,40,39,41,62295,52404,88738,130128,44412,130129,43260,31600,1853,130127],"class_list":["post-670866","post","type-post","status-publish","format-standard","has-post-thumbnail","category-wroclaw","tag-bieg","tag-biegacze","tag-dzisiaj","tag-juz","tag-parku","tag-pl","tag-poland","tag-polish","tag-polska","tag-polski","tag-przed","tag-radia","tag-rodzinny","tag-rozgrzewaja","tag-sie","tag-startem","tag-to","tag-w","tag-wroclaw","tag-wschodnim"],"share_on_mastodon":{"url":"https:\/\/pubeurope.com\/@pl\/117223491104756336","error":""},"_links":{"self":[{"href":"https:\/\/www.europesays.com\/pl\/wp-json\/wp\/v2\/posts\/670866","targetHints":{"allow":["GET"]}}],"collection":[{"href":"https:\/\/www.europesays.com\/pl\/wp-json\/wp\/v2\/posts"}],"about":[{"href":"https:\/\/www.europesays.com\/pl\/wp-json\/wp\/v2\/types\/post"}],"author":[{"embeddable":true,"href":"https:\/\/www.europesays.com\/pl\/wp-json\/wp\/v2\/users\/2"}],"replies":[{"embeddable":true,"href":"https:\/\/www.europesays.com\/pl\/wp-json\/wp\/v2\/comments?post=670866"}],"version-history":[{"count":0,"href":"https:\/\/www.europesays.com\/pl\/wp-json\/wp\/v2\/posts\/670866\/revisions"}],"wp:featuredmedia":[{"embeddable":true,"href":"https:\/\/www.europesays.com\/pl\/wp-json\/wp\/v2\/media\/670867"}],"wp:attachment":[{"href":"https:\/\/www.europesays.com\/pl\/wp-json\/wp\/v2\/media?parent=670866"}],"wp:term":[{"taxonomy":"category","embeddable":true,"href":"https:\/\/www.europesays.com\/pl\/wp-json\/wp\/v2\/categories?post=670866"},{"taxonomy":"post_tag","embeddable":true,"href":"https:\/\/www.europesays.com\/pl\/wp-json\/wp\/v2\/tags?post=670866"}],"curies":[{"name":"wp","href":"https:\/\/api.w.org\/{rel}","templated":true}]}}