{"id":670868,"date":"2026-09-06T09:54:50","date_gmt":"2026-09-06T09:54:50","guid":{"rendered":"https:\/\/www.europesays.com\/pl\/670868\/"},"modified":"2026-09-06T09:54:50","modified_gmt":"2026-09-06T09:54:50","slug":"kongres-kobiet-w-krakowie-piatkowska-z-poparciem-parlamentarzystek","status":"publish","type":"post","link":"https:\/\/www.europesays.com\/pl\/670868\/","title":{"rendered":"Kongres Kobiet w Krakowie. Pi\u0105tkowska z poparciem parlamentarzystek"},"content":{"rendered":"<p>            Kobiety o kobietach<\/p>\n<p>XVIII Kongres Kobiet odbywa si\u0119 5 i 6 wrze\u015bnia w Centrum Kongresowym ICE Krak\u00f3w. W programie znalaz\u0142y si\u0119 debaty dotycz\u0105ce m.in. praw kobiet, polityki, gospodarki, edukacji, zdrowia, bezpiecze\u0144stwa i sytuacji kobiet na rynku pracy.<\/p>\n<p>W sobot\u0119 zaplanowano m.in. dyskusje \u201eCzy \u015bwiat zwariowa\u0142?\u201d, \u201eKto si\u0119 (ci\u0105gle) boi gender?\u201d oraz \u201eJak gra\u0107, by wygra\u0107 przysz\u0142o\u015b\u0107?\u201d. W kolejnych sesjach uczestniczki rozmawiaj\u0105 m.in. o ekonomii, geopolityce, zdrowiu kobiet i edukacji.<\/p>\n<p>Program kongresu obejmuje r\u00f3wnie\u017c wydarzenia poza ICE Krak\u00f3w. W niedziel\u0119 na Plantach odb\u0119dzie si\u0119 performans Marty Tomaszewskiej \u201eGorszycielka\u201d, a w Teatrze im. Juliusza S\u0142owackiego zaplanowano oprowadzanie po Kurtynie Kobiet.<\/p>\n<p>W programie znalaz\u0142y si\u0119 tak\u017ce wydarzenia w MOCAK-u, Galerii Bunkier Sztuki oraz inne wystawy i spotkania po\u015bwi\u0119cone kobietom, sztuce i historii.<\/p>\n<p>Monika Pi\u0105tkowska z poparciem kobiet<\/p>\n<p>W kongresie bierze udzia\u0142 sanator Monika Pi\u0105tkowska, kandydatka na prezydenta Krakowa. W sobot\u0119 zorganizowa\u0142a spotkanie, w czasie kt\u00f3rego poparcia udzieli\u0142y jej m.in. europos\u0142anka Kamila Gasiuk-Pihowicz, sekretarz stanu w Ministerstwie Edukacji Narodowej Katarzyna Lubnauer oraz pos\u0142anki Dorota Marek, Iwona Karolewska, Aleksandra Kot, Sylwia Bielawska i El\u017cbieta Polak.<\/p>\n<p>Podczas spotkania parlamentarzystki wskazywa\u0142y na do\u015bwiadczenie Pi\u0105tkowskiej w samorz\u0105dzie, zarz\u0105dzaniu, finansach i przygotowywaniu strategii rozwojowych. Podkre\u015bla\u0142y tak\u017ce jej zdolno\u015b\u0107 do budowania relacji z administracj\u0105 centraln\u0105 i innymi instytucjami.<\/p>\n<p>Pi\u0105tkowska m\u00f3wi o finansach i rozwoju Krakowa<\/p>\n<p>Kamila Gasiuk-Pihowicz zwr\u00f3ci\u0142a uwag\u0119 na rozpoczynaj\u0105ce si\u0119 negocjacje dotycz\u0105ce bud\u017cetu Unii Europejskiej na lata 2028\u20132034. Jej zdaniem do\u015bwiadczenie Pi\u0105tkowskiej mo\u017ce pom\u00f3c Krakowowi w pozyskiwaniu \u015brodk\u00f3w na inwestycje.<\/p>\n<p>Katarzyna Lubnauer m\u00f3wi\u0142a natomiast o sytuacji finansowej miasta. \u2013 Krak\u00f3w to du\u017ce, bogate miasto, ale to miasto z du\u017cymi problemami finansowymi. Potrzebujemy osoby, kt\u00f3ra wie, jak zarz\u0105dza\u0107 pieni\u0119dzmi i jak sobie radzi\u0107 w trudnych sytuacjach \u2013 powiedzia\u0142a.<\/p>\n<p>                  <img decoding=\"async\" loading=\"lazy\" width=\"744\" height=\"418\" src=\"https:\/\/www.europesays.com\/pl\/wp-content\/uploads\/2026\/09\/0b8454af7391fea1f146e3b6afdb9c3a.jpg.webp\" alt=\"Katarzyna Lubnauer\"\/><\/p>\n<p>Katarzyna Lubnauer<\/p>\n<p>Trzy wyzwania dla Krakowa<\/p>\n<p>Pi\u0105tkowska wskaza\u0142a trzy najwa\u017cniejsze, jej zdaniem, wyzwania stoj\u0105ce przed Krakowem: zad\u0142u\u017cenie miasta, strategi\u0119 jego rozwoju oraz przygotowanie planu og\u00f3lnego.<\/p>\n<p>Kandydatka podkre\u015bla\u0142a r\u00f3wnie\u017c znaczenie wsp\u00f3\u0142pracy. \u2013 Fundamentaln\u0105 rzecz\u0105 w pracy gospodarza miasta jest umiej\u0119tno\u015b\u0107 budowania relacji, wsp\u00f3\u0142pracy, determinacja i dowo\u017cenie temat\u00f3w \u2013 m\u00f3wi\u0142a. Jej zdaniem Krak\u00f3w powinien wsp\u00f3\u0142pracowa\u0107 z administracj\u0105 centraln\u0105, samorz\u0105dami, Parlamentem Europejskim, biznesem i ekspertami.<\/p>\n<p>                  <img decoding=\"async\" loading=\"lazy\" width=\"744\" height=\"418\" src=\"https:\/\/www.europesays.com\/pl\/wp-content\/uploads\/2026\/09\/3ae7a35132388fedb2ca196d2c26a9a9.jpg.webp\" alt=\"Monika Pi\u0105tkowska \"\/><\/p>\n<p>Monika Pi\u0105tkowska <\/p>\n<p>Kobiety i bezpiecze\u0144stwo ekonomiczne<\/p>\n<p>Podczas spotkania Pi\u0105tkowska m\u00f3wi\u0142a tak\u017ce o sytuacji kobiet na krakowskim rynku pracy. Zwraca\u0142a uwag\u0119 na ryzyko zwi\u0105zane z redukcj\u0105 zatrudnienia w du\u017cych mi\u0119dzynarodowych firmach i potrzeb\u0119 tworzenia wysoko wyspecjalizowanych miejsc pracy.<\/p>\n<p>Jej zdaniem miasto powinno wsp\u00f3\u0142pracowa\u0107 w tym zakresie z uczelniami i du\u017cymi pracodawcami. Zapowiedzia\u0142a r\u00f3wnie\u017c, \u017ce jeszcze przed wyborami przedstawi plan z konkretnymi postulatami dotycz\u0105cymi krakowskich kobiet.<\/p>\n<p>Na kongresie tak\u017ce rozmowa o Krakowie<\/p>\n<p>W programie XVIII Kongresu Kobiet znalaz\u0142a si\u0119 r\u00f3wnie\u017c debata \u201eKrak\u00f3w we w\u0142adzy kobiet?\u201d. W sobot\u0119 zaplanowano rozmow\u0119 z Dari\u0105 Gosek-Popio\u0142ek, Monik\u0105 Pi\u0105tkowsk\u0105, Aleksandr\u0105 Owc\u0105 i Mart\u0105 Ratuszy\u0144sk\u0105.<\/p>\n<p>W niedziel\u0119 odb\u0119dzie si\u0119 natomiast sesja \u201ePolityka, przyw\u00f3dztwo, feminizm\u201d, w kt\u00f3rej r\u00f3wnie\u017c we\u017amie udzia\u0142 Pi\u0105tkowska. W\u015br\u00f3d uczestniczek s\u0105 Ma\u0142gorzata Kidawa-B\u0142o\u0144ska, Anita Kucharska-Dziedzic, Dorota \u0141oboda, Jolanta Niezgodzka i Aleksandra Uzna\u0144ska-Wi\u015bniewska.<\/p>\n","protected":false},"excerpt":{"rendered":"Kobiety o kobietach XVIII Kongres Kobiet odbywa si\u0119 5 i 6 wrze\u015bnia w Centrum Kongresowym ICE Krak\u00f3w. W&hellip;\n","protected":false},"author":2,"featured_media":670869,"comment_status":"","ping_status":"","sticky":false,"template":"","format":"standard","meta":{"footnotes":"","_share_on_mastodon":"0"},"categories":[51606],"tags":[1304,42,38,40,39,41],"class_list":["post-670868","post","type-post","status-publish","format-standard","has-post-thumbnail","category-krakow","tag-krakow","tag-pl","tag-poland","tag-polish","tag-polska","tag-polski"],"share_on_mastodon":{"url":"https:\/\/pubeurope.com\/@pl\/117223498751452183","error":""},"_links":{"self":[{"href":"https:\/\/www.europesays.com\/pl\/wp-json\/wp\/v2\/posts\/670868","targetHints":{"allow":["GET"]}}],"collection":[{"href":"https:\/\/www.europesays.com\/pl\/wp-json\/wp\/v2\/posts"}],"about":[{"href":"https:\/\/www.europesays.com\/pl\/wp-json\/wp\/v2\/types\/post"}],"author":[{"embeddable":true,"href":"https:\/\/www.europesays.com\/pl\/wp-json\/wp\/v2\/users\/2"}],"replies":[{"embeddable":true,"href":"https:\/\/www.europesays.com\/pl\/wp-json\/wp\/v2\/comments?post=670868"}],"version-history":[{"count":0,"href":"https:\/\/www.europesays.com\/pl\/wp-json\/wp\/v2\/posts\/670868\/revisions"}],"wp:featuredmedia":[{"embeddable":true,"href":"https:\/\/www.europesays.com\/pl\/wp-json\/wp\/v2\/media\/670869"}],"wp:attachment":[{"href":"https:\/\/www.europesays.com\/pl\/wp-json\/wp\/v2\/media?parent=670868"}],"wp:term":[{"taxonomy":"category","embeddable":true,"href":"https:\/\/www.europesays.com\/pl\/wp-json\/wp\/v2\/categories?post=670868"},{"taxonomy":"post_tag","embeddable":true,"href":"https:\/\/www.europesays.com\/pl\/wp-json\/wp\/v2\/tags?post=670868"}],"curies":[{"name":"wp","href":"https:\/\/api.w.org\/{rel}","templated":true}]}}