{"id":670870,"date":"2026-09-06T09:56:15","date_gmt":"2026-09-06T09:56:15","guid":{"rendered":"https:\/\/www.europesays.com\/pl\/670870\/"},"modified":"2026-09-06T09:56:15","modified_gmt":"2026-09-06T09:56:15","slug":"politico-manewry-na-polnocnym-atlantyku-po-raz-pierwszy-bez-udzialu-sil-usa-uczestniczyla-polska","status":"publish","type":"post","link":"https:\/\/www.europesays.com\/pl\/670870\/","title":{"rendered":"Politico: manewry na p\u00f3\u0142nocnym Atlantyku po raz pierwszy bez udzia\u0142u si\u0142 USA; uczestniczy\u0142a Polska"},"content":{"rendered":"<p>        <a href=\"https:\/\/www.energydays.pl\/2026\/pl\/rejestracja,3787.html?utm_source=wnp.pl&amp;utm_medium=display&amp;utm_campaign=energydays2026\" target=\"_blank\" class=\"f26-box-post\" slot=\"banner-2\" rel=\"nofollow noopener\"><\/p>\n<p>                <img decoding=\"async\" src=\"https:\/\/pliki.wnp.pl\/d\/57\/05\/17\/570517.svg\" alt=\"ligth futureminingexpo logo\"\/><br \/>\n                <img decoding=\"async\" src=\"https:\/\/pliki.wnp.pl\/d\/57\/05\/17\/570517.svg\" alt=\"dark futureminingexpo logo\"\/><\/p>\n<p>                Kluczowe wydarzenie dla sektora energii w Polsce<\/p>\n<p>30 wrze\u015bnia &#8211; 1 pa\u017adziernika 2026 \u2022 Katowice \u2022 Mi\u0119dzynarodowe Centrum Kongresowe<\/p>\n<p>\n                Zarejestruj si\u0119\n            <\/p>\n<p>        <\/a><\/p>\n<p>        <a href=\"https:\/\/www.futureminingexpo.pl\/2026\/pl\/rejestracja,3454.html?utm_source=wnp.pl&amp;utm_medium=display&amp;utm_campaign=futureminingexpo2026\" target=\"_blank\" class=\"f26-box-post\" slot=\"banner-1\" rel=\"nofollow noopener\"><\/p>\n<p>                <img decoding=\"async\" src=\"https:\/\/pliki.wnp.pl\/d\/56\/77\/49\/567749.svg\" alt=\"ligth futureminingexpo logo\"\/><br \/>\n                <img decoding=\"async\" src=\"https:\/\/pliki.wnp.pl\/d\/56\/77\/49\/567749.svg\" alt=\"dark futureminingexpo logo\"\/><\/p>\n<p>                Targi g\u00f3rnictwa przysz\u0142o\u015bci \u2022 Nowy rozdzia\u0142 dla sektora wydobywczego<\/p>\n<p>\n                  09-11 wrze\u015bnia 2026 \u2022 Katowice \u2022 Mi\u0119dzynarodowe Centrum Kongresowe\n                <\/p>\n<p>\n                Zarejestruj si\u0119\n            <\/p>\n<p>        <\/a><\/p>\n<p>Jak oceni\u0142 portal Politico, brak si\u0142 USA jest znacz\u0105c\u0105 zmian\u0105 w przypadku \u0107wicze\u0144, w kt\u00f3rych przez dziesi\u0119ciolecia kluczow\u0105 rol\u0119 odgrywali Amerykanie. Tym razem si\u0142y Sojuszu by\u0142y dowodzone przez francuskiego kontradmira\u0142a Nicolasa Molitora, a wi\u0119ksz\u0105 rol\u0119 przej\u0119li europejscy cz\u0142onkowie NATO i Kanada.<\/p>\n<p>W manewrach uczestniczy\u0142y m.in. niemieckie samoloty rozpoznawcze, kanadyjskie okr\u0119ty wojenne i belgijskie my\u015bliwce. Si\u0142y sojusznicze \u0107wiczy\u0142y m.in. wykrywanie i \u015bledzenie rosyjskich okr\u0119t\u00f3w podwodnych.<\/p>\n<p>&#8211; Widzimy, jak Europa i Kanada przejmuj\u0105 inicjatyw\u0119, i widzimy to dos\u0142ownie tutaj, na Islandii &#8211; powiedzia\u0142 Politico dyrektor generalny ds. obrony w islandzkim MSZ Jonas Allansson.<\/p>\n<p>Amerykanie nie wycofali si\u0119 ca\u0142kowicie z przedsi\u0119wzi\u0119cia. Personel US Navy pomaga\u0142 w planowaniu \u0107wicze\u0144, a ameryka\u0144skie ekipy budowlane pracuj\u0105 przy rozbudowie infrastruktury wojskowej na lotnisku w Keflaviku. W przeciwie\u0144stwie do poprzednich edycji, w samych manewrach na morzu i w powietrzu zabrak\u0142o jednak ameryka\u0144skich okr\u0119t\u00f3w i samolot\u00f3w.<\/p>\n<p>Politico zwr\u00f3ci\u0142o uwag\u0119, \u017ce jeszcze dwa lata temu w \u0107wiczeniach kluczow\u0105 rol\u0119 odgrywa\u0142y dwa okr\u0119ty desantowe US Navy z \u017co\u0142nierzami piechoty morskiej i samolotami. Obecnie znaczna cz\u0119\u015b\u0107 ameryka\u0144skich si\u0142 morskich jest zaanga\u017cowana na Bliskim Wschodzie i Karaibach, a na p\u00f3\u0142nocnym Atlantyku wi\u0119ksz\u0105 odpowiedzialno\u015b\u0107 przejmuj\u0105 Kanada i europejscy sojusznicy.<\/p>\n<p>W Northern Viking 2026 uczestniczy\u0142a r\u00f3wnie\u017c Polska. Dow\u00f3dztwo Operacyjne Rodzaj\u00f3w Si\u0142 Zbrojnych informowa\u0142o, \u017ce w manewrach bra\u0142 udzia\u0142 polski niszczyciel min ORP Mewa oraz \u017co\u0142nierze Polskiego Kontyngentu Wojskowego KORMORAN 2026.<\/p>\n<p>\u0106wiczenia rozpocz\u0119\u0142y si\u0119 22 sierpnia w pobli\u017cu Islandii. Region ma kluczowe znaczenie dla NATO ze wzgl\u0119du na tzw. luk\u0119 GIUK &#8211; obszar mi\u0119dzy Grenlandi\u0105, Islandi\u0105 i Wielk\u0105 Brytani\u0105, przez kt\u00f3ry rosyjskie okr\u0119ty podwodne, w tym jednostki o nap\u0119dzie atomowym, mog\u0105 przedostawa\u0107 si\u0119 z baz na P\u00f3\u0142wyspie Kolskim na p\u00f3\u0142nocny Atlantyk.<\/p>\n<p>Wed\u0142ug rozm\u00f3wc\u00f3w Politico w NATO, kontrola tego obszaru ma znaczenie dla bezpiecze\u0144stwa obu stron Atlantyku. Je\u015bli bowiem rosyjskie okr\u0119ty podwodne przedosta\u0142yby si\u0119 przez luk\u0119 GIUK, uzyska\u0142yby wi\u0119ksz\u0105 swobod\u0119 dzia\u0142ania na Atlantyku i mo\u017cliwo\u015b\u0107 zagro\u017cenia bazom zar\u00f3wno w Europie, jak i Ameryce P\u00f3\u0142nocnej.<\/p>\n<p>Politico oceni\u0142o, \u017ce nieobecno\u015b\u0107 ameryka\u0144skich si\u0142 wpisuje si\u0119 w tendencj\u0119 do stopniowego ograniczania przez administracj\u0119 prezydenta Donalda Trumpa zaanga\u017cowania USA w Europie i przekazywania wi\u0119kszej odpowiedzialno\u015bci europejskim sojusznikom i Kanadzie. Jednocze\u015bnie napi\u0119cia wok\u00f3\u0142 Arktyki wzros\u0142y po wysuwanych przez Trumpa roszczeniach wobec Grenlandii oraz gro\u017abach ograniczenia obecno\u015bci ameryka\u0144skich wojsk w Europie.<\/p>\n<p>Z Brukseli Jowita Kiwnik Pargana<\/p>\n<p><img decoding=\"async\" loading=\"lazy\" style=\"max-width: 80px;\" src=\"https:\/\/www.europesays.com\/pl\/wp-content\/uploads\/2026\/09\/1788688575_425_081834.png\"\/><\/p>\n","protected":false},"excerpt":{"rendered":"Kluczowe wydarzenie dla sektora energii w Polsce 30 wrze\u015bnia &#8211; 1 pa\u017adziernika 2026 \u2022 Katowice \u2022 Mi\u0119dzynarodowe Centrum&hellip;\n","protected":false},"author":2,"featured_media":670871,"comment_status":"","ping_status":"","sticky":false,"template":"","format":"standard","meta":{"footnotes":"","_share_on_mastodon":"0"},"categories":[12],"tags":[42,38,40,39,41],"class_list":["post-670870","post","type-post","status-publish","format-standard","has-post-thumbnail","category-polska","tag-pl","tag-poland","tag-polish","tag-polska","tag-polski"],"share_on_mastodon":{"url":"https:\/\/pubeurope.com\/@pl\/117223501941254007","error":""},"_links":{"self":[{"href":"https:\/\/www.europesays.com\/pl\/wp-json\/wp\/v2\/posts\/670870","targetHints":{"allow":["GET"]}}],"collection":[{"href":"https:\/\/www.europesays.com\/pl\/wp-json\/wp\/v2\/posts"}],"about":[{"href":"https:\/\/www.europesays.com\/pl\/wp-json\/wp\/v2\/types\/post"}],"author":[{"embeddable":true,"href":"https:\/\/www.europesays.com\/pl\/wp-json\/wp\/v2\/users\/2"}],"replies":[{"embeddable":true,"href":"https:\/\/www.europesays.com\/pl\/wp-json\/wp\/v2\/comments?post=670870"}],"version-history":[{"count":0,"href":"https:\/\/www.europesays.com\/pl\/wp-json\/wp\/v2\/posts\/670870\/revisions"}],"wp:featuredmedia":[{"embeddable":true,"href":"https:\/\/www.europesays.com\/pl\/wp-json\/wp\/v2\/media\/670871"}],"wp:attachment":[{"href":"https:\/\/www.europesays.com\/pl\/wp-json\/wp\/v2\/media?parent=670870"}],"wp:term":[{"taxonomy":"category","embeddable":true,"href":"https:\/\/www.europesays.com\/pl\/wp-json\/wp\/v2\/categories?post=670870"},{"taxonomy":"post_tag","embeddable":true,"href":"https:\/\/www.europesays.com\/pl\/wp-json\/wp\/v2\/tags?post=670870"}],"curies":[{"name":"wp","href":"https:\/\/api.w.org\/{rel}","templated":true}]}}