{"id":670874,"date":"2026-09-06T09:58:12","date_gmt":"2026-09-06T09:58:12","guid":{"rendered":"https:\/\/www.europesays.com\/pl\/670874\/"},"modified":"2026-09-06T09:58:12","modified_gmt":"2026-09-06T09:58:12","slug":"informator-stolicy-egzotyczny-krajobraz-w-scislym-centrum-stolicy-metamorfoza-ronda-de-gaullea","status":"publish","type":"post","link":"https:\/\/www.europesays.com\/pl\/670874\/","title":{"rendered":"Informator Stolicy &#8211; Egzotyczny krajobraz w \u015bcis\u0142ym centrum stolicy: metamorfoza Ronda de Gaulle\u2019a"},"content":{"rendered":"<p style=\"text-align:justify\">Zgodnie z przyj\u0119tym harmonogramem roboty budowlane wystartowa\u0142y w pi\u0105tek, 4 wrze\u015bnia, a ich ostateczne zako\u0144czenie planowane jest na listopad bie\u017c\u0105cego roku. Mimo prowadzonych dzia\u0142a\u0144 w \u015bcis\u0142ym centrum miasta kierowcy mog\u0105 liczy\u0107 na zachowanie pe\u0142nej przejezdno\u015bci skrzy\u017cowania, cho\u0107 specyfika prac w tej historycznej cz\u0119\u015bci stolicy wymaga zachowania szczeg\u00f3lnej ostro\u017cno\u015bci ze wzgl\u0119du na mo\u017cliwo\u015b\u0107 natrafienia na podziemne niespodzianki. Obecnie centralna wyspa stanowi w du\u017cej mierze monotonn\u0105, szar\u0105 przestrze\u0144, dlatego drogowcy i in\u017cynierowie rozkuj\u0105 blisko 500 metr\u00f3w kwadratowych niepotrzebnego betonu. Nienaruszone pozostan\u0105 jedynie specjalne zatoki postojowe, z kt\u00f3rych w sytuacjach awaryjnych b\u0119d\u0105 mog\u0142y korzysta\u0107 s\u0142u\u017cby ratunkowe oraz policja.<\/p>\n<p style=\"text-align:justify\">Metamorfoza ronda nieprzypadkowo nawi\u0105zuje do motywu egzotycznego, poniewa\u017c ca\u0142a koncepcja przestrzenna zosta\u0142a szczeg\u00f3\u0142owo skonsultowana z autork\u0105 s\u0142ynnej instalacji, Joann\u0105 Rajkowsk\u0105.\u00a0<\/p>\n<p style=\"text-align:justify\">By\u0142a to wizja tropik\u00f3w w centrum Warszawy. Dobrali\u015bmy odpowiednie gatunki ro\u015blin, zaplanowali\u015bmy aran\u017cacj\u0119 terenu. I tak te\u017c usypiemy sztuczne wzniesienia, kt\u00f3re obsadzimy ostnic\u0105 i werben\u0105. Na pozosta\u0142ej cz\u0119\u015bci terenu posadzimy kocimi\u0119tk\u0119 i sza\u0142wi\u0119. \u0141\u0105cznie 7 tys. bylin i ro\u015blin cebulowych, kt\u00f3re b\u0119d\u0105 imitowa\u0107 wyspy na oceanie\u2013 przekazuje ZDM w komunikacie.\u00a0<\/p>\n<p style=\"text-align:justify\">Inwestycja wpisuje si\u0119 w szersz\u0105 strategi\u0119 miasta polegaj\u0105c\u0105 na konsekwentnym ograniczaniu tzw. miejskiej wyspy ciep\u0142a oraz zwi\u0119kszaniu retencji wody w aglomeracji. Usuwanie nadmiaru betonu i asfaltu poprawia mikroklimat, skutecznie redukuje ha\u0142as oraz zatrzymuje py\u0142y zawieszone w powietrzu, co bezpo\u015brednio przek\u0142ada si\u0119 na wy\u017cszy komfort \u017cycia mieszka\u0144c\u00f3w i spacerowicz\u00f3w. Dzia\u0142ania te stanowi\u0105 kontynuacj\u0119 szeroko zakrojonego projektu Nowe Centrum Warszawy.\u00a0<\/p>\n<p style=\"text-align:justify\">\u00a0<\/p>\n<p>fot. ZDM\u00a0<\/p>\n","protected":false},"excerpt":{"rendered":"Zgodnie z przyj\u0119tym harmonogramem roboty budowlane wystartowa\u0142y w pi\u0105tek, 4 wrze\u015bnia, a ich ostateczne zako\u0144czenie planowane jest na&hellip;\n","protected":false},"author":2,"featured_media":670875,"comment_status":"","ping_status":"","sticky":false,"template":"","format":"standard","meta":{"footnotes":"","_share_on_mastodon":"0"},"categories":[51605],"tags":[54791,130131,122737,130132,54135,3846,64305,69411,130130,42,38,40,39,41,54165,105095,435,64306],"class_list":["post-670874","post","type-post","status-publish","format-standard","has-post-thumbnail","category-warszawa","tag-alicja-jaryczewska","tag-drzewa-i-byliny","tag-ekologia-warszawa","tag-estetyka-przestrzeni-publicznej","tag-inwestycje-miejskie","tag-metamorfoza","tag-nasadzenia-zieleni","tag-nowe-centrum-warszawy","tag-palma-przy-rondzie-gen-charlesa-de-gaullea","tag-pl","tag-poland","tag-polish","tag-polska","tag-polski","tag-prace-budowlane","tag-rondo-de-gaullea","tag-warszawa","tag-zielen-miejska"],"share_on_mastodon":{"url":"https:\/\/pubeurope.com\/@pl\/117223509649816571","error":""},"_links":{"self":[{"href":"https:\/\/www.europesays.com\/pl\/wp-json\/wp\/v2\/posts\/670874","targetHints":{"allow":["GET"]}}],"collection":[{"href":"https:\/\/www.europesays.com\/pl\/wp-json\/wp\/v2\/posts"}],"about":[{"href":"https:\/\/www.europesays.com\/pl\/wp-json\/wp\/v2\/types\/post"}],"author":[{"embeddable":true,"href":"https:\/\/www.europesays.com\/pl\/wp-json\/wp\/v2\/users\/2"}],"replies":[{"embeddable":true,"href":"https:\/\/www.europesays.com\/pl\/wp-json\/wp\/v2\/comments?post=670874"}],"version-history":[{"count":0,"href":"https:\/\/www.europesays.com\/pl\/wp-json\/wp\/v2\/posts\/670874\/revisions"}],"wp:featuredmedia":[{"embeddable":true,"href":"https:\/\/www.europesays.com\/pl\/wp-json\/wp\/v2\/media\/670875"}],"wp:attachment":[{"href":"https:\/\/www.europesays.com\/pl\/wp-json\/wp\/v2\/media?parent=670874"}],"wp:term":[{"taxonomy":"category","embeddable":true,"href":"https:\/\/www.europesays.com\/pl\/wp-json\/wp\/v2\/categories?post=670874"},{"taxonomy":"post_tag","embeddable":true,"href":"https:\/\/www.europesays.com\/pl\/wp-json\/wp\/v2\/tags?post=670874"}],"curies":[{"name":"wp","href":"https:\/\/api.w.org\/{rel}","templated":true}]}}