{"id":670878,"date":"2026-09-06T10:00:12","date_gmt":"2026-09-06T10:00:12","guid":{"rendered":"https:\/\/www.europesays.com\/pl\/670878\/"},"modified":"2026-09-06T10:00:12","modified_gmt":"2026-09-06T10:00:12","slug":"spektakularny-wyczyn-polki-w-diamentowej-lidze-najlepsza-w-historii","status":"publish","type":"post","link":"https:\/\/www.europesays.com\/pl\/670878\/","title":{"rendered":"Spektakularny wyczyn Polki w Diamentowej Lidze. Najlepsza w historii"},"content":{"rendered":"<p>Sezon lekkoatletyczny wielkimi krokami zbli\u017ca si\u0119 do ko\u0144ca. W pi\u0105tek i sobot\u0119 w Brukseli odbywa\u0142 si\u0119 fina\u0142owy mityng Diamentowej Ligi. Odbywa\u0142 si\u0119 on w Brukseli, a Polacy po mistrzostwach Europy nadal b\u0142yszczeli form\u0105.<\/p>\n<p>Dalszy ci\u0105g artyku\u0142u pod materia\u0142em wideoW pi\u0105tek ze \u015bwietnej strony pokaza\u0142 si\u0119 <a href=\"https:\/\/przegladsportowy.onet.pl\/lekkoatletyka\/spektakularny-sukces-w-diamentowej-lidze-zrobil-to-jako-drugi-polak-w-historii\/ftzklhd\" id=\"39e601b9-7e3d-4152-bfd5-232eac0ebb4b\" rel=\"nofollow noopener\" target=\"_blank\">Mateusz Ko\u0142odziejski, kt\u00f3ry okaza\u0142 si\u0119 najlepszy w rywalizacji w skoku wzwy\u017c<\/a>. Sta\u0142 si\u0119 jednocze\u015bnie drugim Polakiem po Piotrze Ma\u0142achowski, kt\u00f3ry wygra\u0142 w Diamentowej Lidze. W sobot\u0119 do tego grona do\u0142\u0105czy\u0142a jeszcze Klaudia Kazimierska.<a href=\"https:\/\/przegladsportowy.onet.pl\/\" title=\"Strona g\u0142\u00f3wna serwisu\" aria-label=\"Strona g\u0142\u00f3wna serwisu\" data-astro-prefetch=\"tap\" class=\"ods-a-logo-main-desktop\" rel=\"nofollow noopener\" target=\"_blank\"><img src=\"https:\/\/cdn.przegladsportowy.onet.pl\/img\/Logo_desktop_Onet.svg\" class=\"ods-a-logo-main-desktop__image\" alt=\"Logo\" width=\"107\" height=\"60\" fetchpriority=\"high\" decoding=\"sync\" style=\"height:60px\"\/><\/a><\/p>\n<p class=\"ods-m-google-article__text\">Czytaj nas cz\u0119\u015bciej w Google<\/p>\n<p><a href=\"https:\/\/google.com\/preferences\/source?q=przegladsportowy.onet.pl\" target=\"_blank\" rel=\"noopener noreferrer nofollow\" aria-label=\"Dodaj w Google\" title=\"Dodaj w Google\" class=\"ods-a-button ods-a-button__primary ods-a-button__default ods-a-button-l\">Dodaj w Google<\/a>Wielki wyczyn polskiej lekkoatletkiPolska <a href=\"https:\/\/przegladsportowy.onet.pl\/lekkoatletyka\/zyciowa-forma-polki-nowy-rekord-kraju-najlepszy-w-tym-roku-czas-swiata\/xwrhlgd\" id=\"b9e0ce0d-e941-4f43-8674-d6758c307864\" rel=\"nofollow noopener\" target=\"_blank\">biegaczka wygra\u0142a fina\u0142 w biegu na 1500 m<\/a> z najlepszym w tym roku czasem na \u015bwiecie (3.54,05) i poprawi\u0142a tym samym rekord Polski. Wcze\u015bniej dokona\u0142a tego 23 sierpnia podczas Memoria\u0142u Kamili Skolimowskiej w Chorzowie. Wtedy uzyska\u0142a wynik 3.55,59.<\/p>\n<p>Jednak to nie wszystko. Jak wyliczy\u0142 Athletics News, Kazimierska, wygrywaj\u0105c w sobot\u0119, zaliczy\u0142a najlepiej punktowany wyst\u0119p w historii polskiej lekkoatletyki w konkurencjach biegowych. Jej wyst\u0119p wart by\u0142 a\u017c 1254 pkt. Wyprzedzi\u0142a o cztery &#8222;oczka&#8221; Natali\u0119 Bukowieck\u0105 i jej rekord Polski w biegu na 400 m (48,90).<\/p>\n<p>Co ciekawe, najwi\u0119cej wartym wynikiem jest rekord \u015bwiata Anity W\u0142odarczyk z 2016 r. Wynosi on 82,98 m (1303 pkt). Trzykrotna mistrzyni olimpijska ustanowi\u0142a go podczas Memoria\u0142u Kamili Skolimowskiej, kt\u00f3ry wtedy odbywa\u0142 si\u0119 na PGE Narodowym.<\/p>\n","protected":false},"excerpt":{"rendered":"Sezon lekkoatletyczny wielkimi krokami zbli\u017ca si\u0119 do ko\u0144ca. W pi\u0105tek i sobot\u0119 w Brukseli odbywa\u0142 si\u0119 fina\u0142owy mityng&hellip;\n","protected":false},"author":2,"featured_media":670879,"comment_status":"","ping_status":"","sticky":false,"template":"","format":"standard","meta":{"footnotes":"","_share_on_mastodon":"0"},"categories":[24],"tags":[61195,61378,242,522,48,46,42,38,40,39,41,47,127,126,130],"class_list":["post-670878","post","type-post","status-publish","format-standard","has-post-thumbnail","category-sport","tag-bottomfeed_styl","tag-diamentowa_liga","tag-klaudia_kazimierska","tag-lekkoatletyka","tag-nat_styl","tag-omp","tag-pl","tag-poland","tag-polish","tag-polska","tag-polski","tag-screening_general","tag-sport","tag-sports","tag-wiadomosci_sportowe"],"share_on_mastodon":{"url":"https:\/\/pubeurope.com\/@pl\/117223518724700486","error":""},"_links":{"self":[{"href":"https:\/\/www.europesays.com\/pl\/wp-json\/wp\/v2\/posts\/670878","targetHints":{"allow":["GET"]}}],"collection":[{"href":"https:\/\/www.europesays.com\/pl\/wp-json\/wp\/v2\/posts"}],"about":[{"href":"https:\/\/www.europesays.com\/pl\/wp-json\/wp\/v2\/types\/post"}],"author":[{"embeddable":true,"href":"https:\/\/www.europesays.com\/pl\/wp-json\/wp\/v2\/users\/2"}],"replies":[{"embeddable":true,"href":"https:\/\/www.europesays.com\/pl\/wp-json\/wp\/v2\/comments?post=670878"}],"version-history":[{"count":0,"href":"https:\/\/www.europesays.com\/pl\/wp-json\/wp\/v2\/posts\/670878\/revisions"}],"wp:featuredmedia":[{"embeddable":true,"href":"https:\/\/www.europesays.com\/pl\/wp-json\/wp\/v2\/media\/670879"}],"wp:attachment":[{"href":"https:\/\/www.europesays.com\/pl\/wp-json\/wp\/v2\/media?parent=670878"}],"wp:term":[{"taxonomy":"category","embeddable":true,"href":"https:\/\/www.europesays.com\/pl\/wp-json\/wp\/v2\/categories?post=670878"},{"taxonomy":"post_tag","embeddable":true,"href":"https:\/\/www.europesays.com\/pl\/wp-json\/wp\/v2\/tags?post=670878"}],"curies":[{"name":"wp","href":"https:\/\/api.w.org\/{rel}","templated":true}]}}