{"id":670882,"date":"2026-09-06T10:02:17","date_gmt":"2026-09-06T10:02:17","guid":{"rendered":"https:\/\/www.europesays.com\/pl\/670882\/"},"modified":"2026-09-06T10:02:17","modified_gmt":"2026-09-06T10:02:17","slug":"lenovo-project-aeroblade-to-wizja-smuklego-laptopa-wyposazonego-w-aktywne-chlodzenie-ale-bez-wentylatorow","status":"publish","type":"post","link":"https:\/\/www.europesays.com\/pl\/670882\/","title":{"rendered":"Lenovo Project AeroBlade to wizja smuk\u0142ego laptopa, wyposa\u017conego w aktywne ch\u0142odzenie&#8230; ale bez wentylator\u00f3w"},"content":{"rendered":"<p><img decoding=\"async\" class=\"teaserfoto\" src=\"https:\/\/www.europesays.com\/pl\/wp-content\/uploads\/2026\/09\/52242.png\" alt=\"Lenovo Project AeroBlade to wizja smuk\u0142ego laptopa, wyposa\u017conego w aktywne ch\u0142odzenie... ale bez wentylator\u00f3w\"\/>Obecnie trwaj\u0105 targi IFA w Berlinie, kt\u00f3re s\u0105 jednym z miejsc, gdzie producenci pokazuj\u0105 nie tylko nowo\u015bci rynkowe, ale r\u00f3wnie\u017c koncepty urz\u0105dze\u0144, kt\u00f3re w niedalekiej przysz\u0142o\u015bci mog\u0105 trafi\u0107 do masowej produkcji. Jedn\u0105 z firm, kt\u00f3ra cz\u0119sto wykorzystuje targi do prezentacji nowych pomys\u0142\u00f3w jest Lenovo. W Berlinie firma zaprezentowa\u0142a notebooka o roboczej nazwie Project AeroBlade, kt\u00f3ry ma szans\u0119 po\u0142\u0105czy\u0107 aktywny system ch\u0142odzenia z ekstremalnie szczup\u0142\u0105 obudow\u0105.<\/p>\n<p>Lenovo Project AeroBlade to ciekawy koncept notebooka, kt\u00f3ry posiada aktywny system ch\u0142odzenia&#8230; ale bez korzystania z wentylator\u00f3w. Sprz\u0119t wykorzystuje p\u00f3\u0142przewodnikowe ch\u0142odzenie AirJet, przygotowane we wsp\u00f3\u0142pracy z firm\u0105 Frore Systems.<\/p>\n<p><a class=\"colorbox\" href=\"https:\/\/www.purepc.pl\/image\/news\/2026\/09\/05_lenovo_project_aeroblade_to_wizja_smuklego_laptopa_wyposazonego_w_aktywne_chlodzenie_ale_bez_wentylatorow_0_b.png\" rel=\"nofollow noopener\" target=\"_blank\"><img decoding=\"async\" src=\"https:\/\/www.europesays.com\/pl\/wp-content\/uploads\/2026\/09\/05_lenovo_project_aeroblade_to_wizja_smuklego_laptopa_wyposazonego_w_aktywne_chlodzenie_ale_bez_went.png\" alt=\"Lenovo Project AeroBlade to wizja smuk\u0142ego laptopa, wyposa\u017conego w aktywne ch\u0142odzenie... ale bez wentylator\u00f3w [1]\"\/><\/a><\/p>\n<p><a title=\"Lenovo IdeaPad Vibe to nowy notebook, kt\u00f3ry przygotowywany jest jako odpowied\u017a na Apple MacBook Neo\" href=\"https:\/\/www.purepc.pl\/lenovo-ideapad-vibe-alternatywa-dla-macbook-neo\" rel=\"nofollow noopener\" target=\"_blank\">Lenovo IdeaPad Vibe to nowy notebook, kt\u00f3ry przygotowywany jest jako odpowied\u017a na Apple MacBook Neo<\/a><\/p>\n<p>Obecnie, je\u015bli mamy do czynienia z ekstremalnie smuk\u0142ym laptopem (grubo\u015b\u0107 oko\u0142o 10 mm lub nawet mniej), to jest on wyposa\u017cony w pasywny system ch\u0142odzenia (dobrym przyk\u0142adem s\u0105 chocia\u017cby laptopy Apple MacBook Air czy Neo). Takie ch\u0142odzenie cechuje si\u0119 idealn\u0105 kultur\u0105 pracy, poniewa\u017c nie ma wentylator\u00f3w (wi\u0119c dzia\u0142ania ch\u0142odzenia nie s\u0142ycha\u0107), jednak z drugiej strony ogranicza maksymaln\u0105 wydajno\u015b\u0107 procesora i uk\u0142adu graficznego. <a href=\"https:\/\/www.purepc.pl\/tagi\/lenovo\" rel=\"nofollow noopener\" target=\"_blank\">Lenovo<\/a> podczas targ\u00f3w IFA 2026 prezentuje z kolei rozwi\u0105zanie, kt\u00f3re ma po\u0142\u0105czy\u0107 wysok\u0105 wydajno\u015b\u0107 ch\u0142odzenia z idealn\u0105 kultur\u0105 pracy i og\u00f3ln\u0105 smuk\u0142o\u015bci\u0105 obudowy.<\/p>\n<p><a class=\"colorbox\" href=\"https:\/\/www.purepc.pl\/image\/news\/2026\/09\/05_lenovo_project_aeroblade_to_wizja_smuklego_laptopa_wyposazonego_w_aktywne_chlodzenie_ale_bez_wentylatorow_1_b.png\" rel=\"nofollow noopener\" target=\"_blank\"><img decoding=\"async\" src=\"https:\/\/www.europesays.com\/pl\/wp-content\/uploads\/2026\/09\/1788688933_937_05_lenovo_project_aeroblade_to_wizja_smuklego_laptopa_wyposazonego_w_aktywne_chlodzenie_ale_bez_went.png\" alt=\"Lenovo Project AeroBlade to wizja smuk\u0142ego laptopa, wyposa\u017conego w aktywne ch\u0142odzenie... ale bez wentylator\u00f3w [2]\"\/><\/a><\/p>\n<p><a title=\"Lenovo Project Swan to najnowszy projekt notebooka z serii ThinkBook. Jego g\u0142\u00f3wn\u0105 cech\u0105 ma by\u0107 elastyczny ekran OLED\" href=\"https:\/\/www.purepc.pl\/lenovo-project-swan-elastyczny-ekran-oled\" rel=\"nofollow noopener\" target=\"_blank\">Lenovo Project Swan to najnowszy projekt notebooka z serii ThinkBook. Jego g\u0142\u00f3wn\u0105 cech\u0105 ma by\u0107 elastyczny ekran OLED<\/a><\/p>\n<p>Tym pomys\u0142em jest Lenovo Project AeroBlade, kt\u00f3ry wykorzystuje system ch\u0142odzenia o nazwie Active Flow. Bazuje on na wykorzystaniu technologii ch\u0142odzenia p\u00f3\u0142przewodnikowego AirJet firmy Frore Systems. Projekt zak\u0142ada wykorzystanie modu\u0142\u00f3w p\u00f3\u0142przewodnikowych z szybko oscyluj\u0105cymi membranami, kt\u00f3re generuj\u0105 przep\u0142yw powietrza, umo\u017cliwiaj\u0105c wypychanie ciep\u0142ego strumienia powietrza poza obudow\u0119 notebooka. Mamy zatem do czynienia z aktywnie pracuj\u0105cym systemem ch\u0142odzenia, kt\u00f3ry jednocze\u015bnie pozbawiony jest klasycznych wentylator\u00f3w. Wed\u0142ug deklaracji producenta, wydajno\u015b\u0107 takiego systemu jest por\u00f3wnywalna ze standardowym wariantem, bazuj\u0105cym na wentylatorach. Z drugiej jednak strony niemal w pe\u0142ni eliminuje ha\u0142as, kt\u00f3ry m\u00f3g\u0142by by\u0107 generowany przez wentylatory. Wed\u0142ug Lenovo, taki system ma r\u00f3wnie\u017c znacznie efektywniej radzi\u0107 sobie z wnikaniem kurzu do wn\u0119trza laptopa, a tak\u017ce zmniejsza sam\u0105 z\u0142o\u017cono\u015b\u0107 takiej konstrukcji.<\/p>\n<p><a class=\"colorbox\" href=\"https:\/\/www.purepc.pl\/image\/news\/2026\/09\/05_lenovo_project_aeroblade_to_wizja_smuklego_laptopa_wyposazonego_w_aktywne_chlodzenie_ale_bez_wentylatorow_2_b.png\" rel=\"nofollow noopener\" target=\"_blank\"><img decoding=\"async\" src=\"https:\/\/www.europesays.com\/pl\/wp-content\/uploads\/2026\/09\/1788688934_686_05_lenovo_project_aeroblade_to_wizja_smuklego_laptopa_wyposazonego_w_aktywne_chlodzenie_ale_bez_went.png\" alt=\"Lenovo Project AeroBlade to wizja smuk\u0142ego laptopa, wyposa\u017conego w aktywne ch\u0142odzenie... ale bez wentylator\u00f3w [3]\"\/><\/a><\/p>\n<p>Projekt zademonstrowano na przyk\u0142adzie laptopa Lenovo ThinkBook, kt\u00f3ry wyposa\u017cono w 8-rdzeniowy procesor Intel Core Ultra z rodziny <a href=\"https:\/\/www.purepc.pl\/tagi\/lunar-lake\" rel=\"nofollow noopener\" target=\"_blank\">Lunar Lake<\/a> (jest to zatem wariant z wbudowan\u0105 pami\u0119ci\u0105 RAM tu\u017c przy uk\u0142adzie CPU). Notebook oferuje ponadto 14-calowy wy\u015bwietlacz <a href=\"https:\/\/www.purepc.pl\/tagi\/oled\" rel=\"nofollow noopener\" target=\"_blank\">OLED<\/a>. Co najwa\u017cniejsze, grubo\u015b\u0107 jest mniejsza ni\u017c 10 mm, a waga to zaledwie 830 gram\u00f3w (obudowa wykonana jest z po\u0142\u0105czonego stopu aluminium oraz magnezu). Nie brakuje tutaj tak\u017ce port\u00f3w Thunderbolt 4 czy bezprzewodowej \u0142\u0105czno\u015bci Wi-Fi 7. Przysz\u0142o\u015b\u0107 poka\u017ce, czy taki koncept trafi do sprzeda\u017cy w formie finalnego projektu laptopa. Pomys\u0142 jednak w teorii wydaje si\u0119 bardzo ciekawy.<\/p>\n<p class=\"center\">\n<p><a class=\"colorbox\" href=\"https:\/\/www.purepc.pl\/image\/news\/2026\/09\/05_lenovo_project_aeroblade_to_wizja_smuklego_laptopa_wyposazonego_w_aktywne_chlodzenie_ale_bez_wentylatorow_3_b.png\" rel=\"nofollow noopener\" target=\"_blank\"><img decoding=\"async\" src=\"https:\/\/www.europesays.com\/pl\/wp-content\/uploads\/2026\/09\/1788688934_307_05_lenovo_project_aeroblade_to_wizja_smuklego_laptopa_wyposazonego_w_aktywne_chlodzenie_ale_bez_went.png\" alt=\"Lenovo Project AeroBlade to wizja smuk\u0142ego laptopa, wyposa\u017conego w aktywne ch\u0142odzenie... ale bez wentylator\u00f3w [4]\"\/><\/a><\/p>\n<p><a class=\"colorbox\" href=\"https:\/\/www.purepc.pl\/image\/news\/2026\/09\/05_lenovo_project_aeroblade_to_wizja_smuklego_laptopa_wyposazonego_w_aktywne_chlodzenie_ale_bez_wentylatorow_4_b.png\" rel=\"nofollow noopener\" target=\"_blank\"><img decoding=\"async\" src=\"https:\/\/www.europesays.com\/pl\/wp-content\/uploads\/2026\/09\/1788688935_539_05_lenovo_project_aeroblade_to_wizja_smuklego_laptopa_wyposazonego_w_aktywne_chlodzenie_ale_bez_went.png\" alt=\"Lenovo Project AeroBlade to wizja smuk\u0142ego laptopa, wyposa\u017conego w aktywne ch\u0142odzenie... ale bez wentylator\u00f3w [5]\"\/><\/a><\/p>\n<p><a class=\"colorbox\" href=\"https:\/\/www.purepc.pl\/image\/news\/2026\/09\/05_lenovo_project_aeroblade_to_wizja_smuklego_laptopa_wyposazonego_w_aktywne_chlodzenie_ale_bez_wentylatorow_5_b.png\" rel=\"nofollow noopener\" target=\"_blank\"><img decoding=\"async\" src=\"https:\/\/www.europesays.com\/pl\/wp-content\/uploads\/2026\/09\/1788688935_445_05_lenovo_project_aeroblade_to_wizja_smuklego_laptopa_wyposazonego_w_aktywne_chlodzenie_ale_bez_went.png\" alt=\"Lenovo Project AeroBlade to wizja smuk\u0142ego laptopa, wyposa\u017conego w aktywne ch\u0142odzenie... ale bez wentylator\u00f3w [6]\"\/><\/a><\/p>\n<p><a class=\"colorbox\" href=\"https:\/\/www.purepc.pl\/image\/news\/2026\/09\/05_lenovo_project_aeroblade_to_wizja_smuklego_laptopa_wyposazonego_w_aktywne_chlodzenie_ale_bez_wentylatorow_6_b.png\" rel=\"nofollow noopener\" target=\"_blank\"><img decoding=\"async\" src=\"https:\/\/www.europesays.com\/pl\/wp-content\/uploads\/2026\/09\/1788688936_953_05_lenovo_project_aeroblade_to_wizja_smuklego_laptopa_wyposazonego_w_aktywne_chlodzenie_ale_bez_went.png\" alt=\"Lenovo Project AeroBlade to wizja smuk\u0142ego laptopa, wyposa\u017conego w aktywne ch\u0142odzenie... ale bez wentylator\u00f3w [7]\"\/><\/a><\/p>\n<p><a class=\"colorbox\" href=\"https:\/\/www.purepc.pl\/image\/news\/2026\/09\/05_lenovo_project_aeroblade_to_wizja_smuklego_laptopa_wyposazonego_w_aktywne_chlodzenie_ale_bez_wentylatorow_7_b.png\" rel=\"nofollow noopener\" target=\"_blank\"><img decoding=\"async\" src=\"https:\/\/www.europesays.com\/pl\/wp-content\/uploads\/2026\/09\/1788688937_793_05_lenovo_project_aeroblade_to_wizja_smuklego_laptopa_wyposazonego_w_aktywne_chlodzenie_ale_bez_went.png\" alt=\"Lenovo Project AeroBlade to wizja smuk\u0142ego laptopa, wyposa\u017conego w aktywne ch\u0142odzenie... ale bez wentylator\u00f3w [8]\"\/><\/a><\/p>\n<p>\u0179r\u00f3d\u0142o: Lenovo<\/p>\n","protected":false},"excerpt":{"rendered":"Obecnie trwaj\u0105 targi IFA w Berlinie, kt\u00f3re s\u0105 jednym z miejsc, gdzie producenci pokazuj\u0105 nie tylko nowo\u015bci rynkowe,&hellip;\n","protected":false},"author":2,"featured_media":670883,"comment_status":"","ping_status":"","sticky":false,"template":"","format":"standard","meta":{"footnotes":"","_share_on_mastodon":"0"},"categories":[20],"tags":[130133,129769,37257,5161,3132,130134,130135,120,118,119,13813,1968,42,38,40,39,41,116,114,115,121,117,130136],"class_list":["post-670882","post","type-post","status-publish","format-standard","has-post-thumbnail","category-nauka-i-technika","tag-frore-systems","tag-ifa-2026","tag-koncept","tag-laptop","tag-lenovo","tag-lenovo-project-aeroblade","tag-lenovo-thinkbook","tag-nauka","tag-nauka-i-technika","tag-naukatechnika","tag-notebook","tag-notebooki","tag-pl","tag-poland","tag-polish","tag-polska","tag-polski","tag-science","tag-science-and-technology","tag-sciencetechnology","tag-technika","tag-technology","tag-thinkbook"],"share_on_mastodon":{"url":"https:\/\/pubeurope.com\/@pl\/117223526180802627","error":""},"_links":{"self":[{"href":"https:\/\/www.europesays.com\/pl\/wp-json\/wp\/v2\/posts\/670882","targetHints":{"allow":["GET"]}}],"collection":[{"href":"https:\/\/www.europesays.com\/pl\/wp-json\/wp\/v2\/posts"}],"about":[{"href":"https:\/\/www.europesays.com\/pl\/wp-json\/wp\/v2\/types\/post"}],"author":[{"embeddable":true,"href":"https:\/\/www.europesays.com\/pl\/wp-json\/wp\/v2\/users\/2"}],"replies":[{"embeddable":true,"href":"https:\/\/www.europesays.com\/pl\/wp-json\/wp\/v2\/comments?post=670882"}],"version-history":[{"count":0,"href":"https:\/\/www.europesays.com\/pl\/wp-json\/wp\/v2\/posts\/670882\/revisions"}],"wp:featuredmedia":[{"embeddable":true,"href":"https:\/\/www.europesays.com\/pl\/wp-json\/wp\/v2\/media\/670883"}],"wp:attachment":[{"href":"https:\/\/www.europesays.com\/pl\/wp-json\/wp\/v2\/media?parent=670882"}],"wp:term":[{"taxonomy":"category","embeddable":true,"href":"https:\/\/www.europesays.com\/pl\/wp-json\/wp\/v2\/categories?post=670882"},{"taxonomy":"post_tag","embeddable":true,"href":"https:\/\/www.europesays.com\/pl\/wp-json\/wp\/v2\/tags?post=670882"}],"curies":[{"name":"wp","href":"https:\/\/api.w.org\/{rel}","templated":true}]}}