{"id":670888,"date":"2026-09-06T10:05:19","date_gmt":"2026-09-06T10:05:19","guid":{"rendered":"https:\/\/www.europesays.com\/pl\/670888\/"},"modified":"2026-09-06T10:05:19","modified_gmt":"2026-09-06T10:05:19","slug":"szymon-holownia-w-rzadzie-tak-to-widza-polacy","status":"publish","type":"post","link":"https:\/\/www.europesays.com\/pl\/670888\/","title":{"rendered":"Szymon Ho\u0142ownia w rz\u0105dzie. Tak to widz\u0105 Polacy"},"content":{"rendered":"<p>W badaniu SW Research dla &#8222;Rzeczpospolitej&#8221; 53,2 proc. respondent\u00f3w odpowiedzia\u0142o, \u017ce nie chce wej\u015bcia Szymona Ho\u0142owni do rz\u0105du Donalda Tuska. Za takim scenariuszem opowiedzia\u0142o si\u0119 23,6 proc. badanych, a niewiele mniej, bo 23,2 proc., nie ma zdania. W ankiecie udzia\u0142 wzi\u0119\u0142o 800 internaut\u00f3w.<\/p>\n<p>    <img decoding=\"async\" src=\"https:\/\/www.europesays.com\/pl\/wp-content\/uploads\/2026\/09\/YjZhZDBmdgs7Cix3bRZ7HnhSeC0rT3VIL0pgZm1ca1pqEGxzd0I_AzYNKCEyAncNKB0qJTUddxo2Rzs0K0IvW3UMMzcyATgTdQ03.jpeg\" width=\"1200\" height=\"675\" loading=\"eager\" fetchpriority=\"high\" class=\"wp-media-image\" alt=\"Donald Tusk, Szymon Ho\u0142ownia&#10;\"\/>Polacy nie widz\u0105 Szymona Ho\u0142owni w rz\u0105dzie Donalda Tuska &#8211; tak wynika z sonda\u017cu SW Research dla &#8222;Rzeczpospolitej&#8221;<\/p>\n<p>\u0179r\u00f3d\u0142o zdj\u0119\u0107: \u00a9 PAP | Radek Pietruszka<\/p>\n<p>  <img loading=\"lazy\" decoding=\"async\" src=\"https:\/\/www.europesays.com\/pl\/wp-content\/uploads\/2026\/09\/1788689119_372_ZDNkNTAydSUvCThnbgJ4MGxRbD0oW3ZmO0l0dm5Najx6W2EyKBU_NisbIXomCy80Lxw-ejEVdSU-AmEicFY-LT0bIjU4Vj8pLA4q.jpeg\"  alt=\"Barbara Kwiatkowska\" height=\"40\" width=\"40\" class=\"rounded-full select-none text-[--color-gray-700] bg-[--bg-content] wp-author-avatar\"\/>58 komentarzy  Udost\u0119pnij na Facebooku    Udost\u0119pnij na X   Udost\u0119pnij na WhatsApp   Kopiuj link <\/p>\n","protected":false},"excerpt":{"rendered":"W badaniu SW Research dla &#8222;Rzeczpospolitej&#8221; 53,2 proc. respondent\u00f3w odpowiedzia\u0142o, \u017ce nie chce wej\u015bcia Szymona Ho\u0142owni do rz\u0105du&hellip;\n","protected":false},"author":2,"featured_media":670889,"comment_status":"","ping_status":"","sticky":false,"template":"","format":"standard","meta":{"footnotes":"","_share_on_mastodon":"0"},"categories":[12],"tags":[32,33,36,37,27,34,35,28,31,25,42,38,40,39,41,29,30,26],"class_list":["post-670888","post","type-post","status-publish","format-standard","has-post-thumbnail","category-polska","tag-breaking-news","tag-breakingnews","tag-featured-news","tag-featurednews","tag-headlines","tag-latest-news","tag-latestnews","tag-naglowki","tag-najwazniejsze-artykuly","tag-news","tag-pl","tag-poland","tag-polish","tag-polska","tag-polski","tag-top-stories","tag-topstories","tag-wiadomosci"],"share_on_mastodon":{"url":"https:\/\/pubeurope.com\/@pl\/117223538291430616","error":""},"_links":{"self":[{"href":"https:\/\/www.europesays.com\/pl\/wp-json\/wp\/v2\/posts\/670888","targetHints":{"allow":["GET"]}}],"collection":[{"href":"https:\/\/www.europesays.com\/pl\/wp-json\/wp\/v2\/posts"}],"about":[{"href":"https:\/\/www.europesays.com\/pl\/wp-json\/wp\/v2\/types\/post"}],"author":[{"embeddable":true,"href":"https:\/\/www.europesays.com\/pl\/wp-json\/wp\/v2\/users\/2"}],"replies":[{"embeddable":true,"href":"https:\/\/www.europesays.com\/pl\/wp-json\/wp\/v2\/comments?post=670888"}],"version-history":[{"count":0,"href":"https:\/\/www.europesays.com\/pl\/wp-json\/wp\/v2\/posts\/670888\/revisions"}],"wp:featuredmedia":[{"embeddable":true,"href":"https:\/\/www.europesays.com\/pl\/wp-json\/wp\/v2\/media\/670889"}],"wp:attachment":[{"href":"https:\/\/www.europesays.com\/pl\/wp-json\/wp\/v2\/media?parent=670888"}],"wp:term":[{"taxonomy":"category","embeddable":true,"href":"https:\/\/www.europesays.com\/pl\/wp-json\/wp\/v2\/categories?post=670888"},{"taxonomy":"post_tag","embeddable":true,"href":"https:\/\/www.europesays.com\/pl\/wp-json\/wp\/v2\/tags?post=670888"}],"curies":[{"name":"wp","href":"https:\/\/api.w.org\/{rel}","templated":true}]}}