{"id":670890,"date":"2026-09-06T10:06:12","date_gmt":"2026-09-06T10:06:12","guid":{"rendered":"https:\/\/www.europesays.com\/pl\/670890\/"},"modified":"2026-09-06T10:06:12","modified_gmt":"2026-09-06T10:06:12","slug":"wplyw-trumpa-na-polske-polacy-ocenili","status":"publish","type":"post","link":"https:\/\/www.europesays.com\/pl\/670890\/","title":{"rendered":"Wp\u0142yw Trumpa na Polsk\u0119. Polacy ocenili"},"content":{"rendered":"<p>Ponad po\u0142owa Polak\u00f3w negatywnie ocenia wp\u0142yw prezydentury Donalda Trumpa na bezpiecze\u0144stwo i interesy Polski \u2014 wynika z sonda\u017cu United Surveys by IBRiS dla Wirtualnej Polski. Oceny silnie dziel\u0105 sympatyk\u00f3w obozu rz\u0105dz\u0105cego i opozycji.<\/p>\n<p>    <img decoding=\"async\" src=\"https:\/\/www.europesays.com\/pl\/wp-content\/uploads\/2026\/09\/ODVhZWQxYCU3CixkfgNtMHRSeD44WmNmI0pgdX5JfXRmEGxgZFcpLToNKDIhF2EjJB0qNiYIYTQ6RzsnOFc5dXkMMyQhFC49eQ03.jpeg\" width=\"1200\" height=\"675\" loading=\"eager\" fetchpriority=\"high\" class=\"wp-media-image\" alt=\" \"\/> Wp\u0142yw Trumpa na Polsk\u0119. Polacy ocenili<\/p>\n<p>\u0179r\u00f3d\u0142o zdj\u0119\u0107: \u00a9 East News | Mark Schiefelbein<\/p>\n<p>  <img loading=\"lazy\" decoding=\"async\" src=\"https:\/\/www.europesays.com\/pl\/wp-content\/uploads\/2026\/09\/1788689172_503_MTQ0ZGU5YjUwUix0ek5vIHMKeC48F2F2JBJgZXoBfSxlAHUhPFkoJjRANWkyRzgkMEcqaSVZYjUhWXUxZBopPSJANiYsGig5M1U-.jpeg\"  alt=\"Anna Kozi\u0144ska\" height=\"40\" width=\"40\" class=\"rounded-full select-none text-[--color-gray-700] bg-[--bg-content] wp-author-avatar\"\/>67 komentarzy  Udost\u0119pnij na Facebooku    Udost\u0119pnij na X   Udost\u0119pnij na WhatsApp   Kopiuj link <\/p>\n","protected":false},"excerpt":{"rendered":"Ponad po\u0142owa Polak\u00f3w negatywnie ocenia wp\u0142yw prezydentury Donalda Trumpa na bezpiecze\u0144stwo i interesy Polski \u2014 wynika z sonda\u017cu&hellip;\n","protected":false},"author":2,"featured_media":670891,"comment_status":"","ping_status":"","sticky":false,"template":"","format":"standard","meta":{"footnotes":"","_share_on_mastodon":"0"},"categories":[5],"tags":[32,33,36,37,27,34,35,28,31,25,42,38,40,39,41,29,30,26],"class_list":["post-670890","post","type-post","status-publish","format-standard","has-post-thumbnail","category-naglowki","tag-breaking-news","tag-breakingnews","tag-featured-news","tag-featurednews","tag-headlines","tag-latest-news","tag-latestnews","tag-naglowki","tag-najwazniejsze-artykuly","tag-news","tag-pl","tag-poland","tag-polish","tag-polska","tag-polski","tag-top-stories","tag-topstories","tag-wiadomosci"],"share_on_mastodon":{"url":"https:\/\/pubeurope.com\/@pl\/117223541156507261","error":""},"_links":{"self":[{"href":"https:\/\/www.europesays.com\/pl\/wp-json\/wp\/v2\/posts\/670890","targetHints":{"allow":["GET"]}}],"collection":[{"href":"https:\/\/www.europesays.com\/pl\/wp-json\/wp\/v2\/posts"}],"about":[{"href":"https:\/\/www.europesays.com\/pl\/wp-json\/wp\/v2\/types\/post"}],"author":[{"embeddable":true,"href":"https:\/\/www.europesays.com\/pl\/wp-json\/wp\/v2\/users\/2"}],"replies":[{"embeddable":true,"href":"https:\/\/www.europesays.com\/pl\/wp-json\/wp\/v2\/comments?post=670890"}],"version-history":[{"count":0,"href":"https:\/\/www.europesays.com\/pl\/wp-json\/wp\/v2\/posts\/670890\/revisions"}],"wp:featuredmedia":[{"embeddable":true,"href":"https:\/\/www.europesays.com\/pl\/wp-json\/wp\/v2\/media\/670891"}],"wp:attachment":[{"href":"https:\/\/www.europesays.com\/pl\/wp-json\/wp\/v2\/media?parent=670890"}],"wp:term":[{"taxonomy":"category","embeddable":true,"href":"https:\/\/www.europesays.com\/pl\/wp-json\/wp\/v2\/categories?post=670890"},{"taxonomy":"post_tag","embeddable":true,"href":"https:\/\/www.europesays.com\/pl\/wp-json\/wp\/v2\/tags?post=670890"}],"curies":[{"name":"wp","href":"https:\/\/api.w.org\/{rel}","templated":true}]}}