{"id":670898,"date":"2026-09-06T10:15:16","date_gmt":"2026-09-06T10:15:16","guid":{"rendered":"https:\/\/www.europesays.com\/pl\/670898\/"},"modified":"2026-09-06T10:15:16","modified_gmt":"2026-09-06T10:15:16","slug":"abramczyk-polonia-bydgoszcz-h-skrzydlewska-orzel-lodz-na-zywo-wynik-i-relacja-live-06-09-2026","status":"publish","type":"post","link":"https:\/\/www.europesays.com\/pl\/670898\/","title":{"rendered":"Abramczyk Polonia Bydgoszcz &#8211; H. Skrzydlewska Orze\u0142 \u0141\u00f3d\u017a na \u017cywo. Wynik i relacja LIVE (06.09.2026)"},"content":{"rendered":"<p>\t\t\t\t        <img loading=\"lazy\" decoding=\"async\" src=\"https:\/\/www.europesays.com\/pl\/wp-content\/uploads\/2026\/09\/transmisja-55521-1787928767-list_item_1000_107760.jpg\" alt=\"Abramczyk Polonia Bydgoszcz - H. Skrzydlewska Orze\u0142 \u0141\u00f3d\u017a na \u017cywo. Wynik i relacja LIVE, 06.09.2026\" width=\"900\" height=\"600\"\/><\/p>\n<p>Abramczyk Polonia Bydgoszcz &#8211; H. Skrzydlewska Orze\u0142 \u0141\u00f3d\u017a na \u017cywo. Wynik i relacja LIVE, 06.09.2026<\/p>\n<p style=\"text-align: justify;\">Mecz Abramczyk Polonia Bydgoszcz &#8211; H. Skrzydlewska Orze\u0142 \u0141\u00f3d\u017a odb\u0119dzie si\u0119 w niedziel\u0119, 6 wrze\u015bnia 2026 roku o godz. 15:15 w meczu <a href=\"https:\/\/www.podkarpacielive.pl\/metalkas-2-ekstraliga\" rel=\"nofollow noopener\" target=\"_blank\">Metalkas 2. Ekstraliga<\/a> &#8211; faza play-off. Aktualny wynik oraz najwa\u017cniejsze dost\u0119pne informacje ze spotkania znajdziesz na PodkarpacieLIVE.<\/p>\n<p>Gdzie \u015bledzi\u0107 wynik meczu Abramczyk Polonia Bydgoszcz &#8211; H. Skrzydlewska Orze\u0142 \u0141\u00f3d\u017a?<\/p>\n<p style=\"text-align: justify;\">Kibice szukaj\u0105cy wyniku meczu Abramczyk Polonia Bydgoszcz &#8211; H. Skrzydlewska Orze\u0142 \u0141\u00f3d\u017a mog\u0105 skorzysta\u0107 z centrum meczowego PodkarpacieLIVE. To w\u0142a\u015bnie tam publikowany b\u0119dzie aktualny wynik oraz dost\u0119pne informacje ze spotkania.<\/p>\n<p style=\"text-align: justify;\">Na stronie meczu znajdziesz wynik online, a w miar\u0119 nap\u0142ywu danych tak\u017ce przebieg spotkania. Dzi\u0119ki temu relacja na \u017cywo z Abramczyk Polonia Bydgoszcz &#8211; H. Skrzydlewska Orze\u0142 \u0141\u00f3d\u017a jest zebrana w jednym miejscu.<\/p>\n<p style=\"text-align: justify;\">Zanim zabrzmi pierwszy gwizdek, warto przejrze\u0107 ostatnie mecze obu dru\u017cyn. Forma i bilans sezonu pomagaj\u0105 oceni\u0107, w jakiej dyspozycji wchodz\u0105 w to starcie.<\/p>\n<p><a href=\"https:\/\/www.podkarpacielive.pl\/statystyki\/1206,abramczyk-polonia-bydgoszcz?sezon=20\" class=\"rlive-teamcard__link\" rel=\"nofollow noopener\" target=\"_blank\"><img src=\"https:\/\/www.europesays.com\/pl\/wp-content\/uploads\/2026\/09\/polonia bygoszcz_1776707679.png\" alt=\"\" class=\"team-hero-preview__crest\" width=\"40\" height=\"40\" loading=\"lazy\" decoding=\"async\"\/><\/a>FormaTrwa seria: 10 mecz\u00f3w bez pora\u017cki<\/p>\n<p class=\"team-hero-preview__form-summary\">9 wygranych \u00b7 1 remis \u00b7 0 pora\u017cek<\/p>\n<p class=\"team-hero-preview__winpct team-hero-preview__winpct--high\">Zdobyli 21 z 22 mo\u017cliwych punkt\u00f3w w ostatnich 10 meczach \u00b7 90% wygranych<\/p>\n<p><a href=\"https:\/\/www.podkarpacielive.pl\/statystyki\/1208,h-skrzydlewska-orzel-lodz?sezon=20\" class=\"rlive-teamcard__link\" rel=\"nofollow noopener\" target=\"_blank\"><img src=\"https:\/\/www.europesays.com\/pl\/wp-content\/uploads\/2026\/09\/orzel lodz_1777723663.png\" alt=\"\" class=\"team-hero-preview__crest\" width=\"40\" height=\"40\" loading=\"lazy\" decoding=\"async\"\/><\/a>Forma<\/p>\n<p class=\"team-hero-preview__form-summary\">4 wygrane \u00b7 1 remis \u00b7 5 pora\u017cek<\/p>\n<p class=\"team-hero-preview__winpct team-hero-preview__winpct--mid\">Zdobyli 10 z 23 mo\u017cliwych punkt\u00f3w w ostatnich 10 meczach \u00b7 40% wygranych<\/p>\n<p style=\"text-align: justify;\">Przed pierwszym gwizdkiem warto sprawdzi\u0107 ostatnie wyniki obu dru\u017cyn. Zestawienie formy pokazuje bilans spotka\u0144 oraz liczb\u0119 zdobytych i straconych bramek.<\/p>\n<p style=\"text-align: justify;\">Dla Abramczyk Polonia Bydgoszcz i H. Skrzydlewska Orze\u0142 \u0141\u00f3d\u017a seria W\/R\/P oraz bilans sezonu daj\u0105 szybki kontekst tabelaryczny. Po starcie meczu decyduje ju\u017c aktualny wynik publikowany w centrum meczowym.<\/p>\n<p style=\"text-align: justify;\">Przejd\u017a do strony spotkania, aby \u015bledzi\u0107 wynik na \u017cywo meczu Abramczyk Polonia Bydgoszcz &#8211; H. Skrzydlewska Orze\u0142 \u0141\u00f3d\u017a.<\/p>\n<p style=\"text-align: center; margin: 18px 0;\"><a href=\"https:\/\/www.podkarpacielive.pl\/mecz\/156308,abramczyk-polonia-bydgoszcz-vs-h-skrzydlewska-orzel-lodz\" style=\"display:inline-block;background:#318223;color:#fff;font-weight:700;text-decoration:none;padding:12px 22px;border-radius:4px;\" rel=\"nofollow noopener\" target=\"_blank\">\u015aled\u017a wynik i relacj\u0119 na \u017cywo<\/a><\/p>\n<p>Stopka meczowa #156308<\/p>\n<p style=\"text-align: justify;\">\u015aled\u017a wynik na \u017cywo i sprawdzaj dost\u0119pne informacje dotycz\u0105ce meczu Abramczyk Polonia Bydgoszcz &#8211; H. Skrzydlewska Orze\u0142 \u0141\u00f3d\u017a.<\/p>\n<p style=\"text-align: justify;\">Centrum meczowe zostaje otwarte tak\u017ce po ko\u0144cowym gwizdku, gdy potrzebujesz szybkiego wyniku ko\u0144cowego.<\/p>\n<p style=\"text-align: justify;\">Sprawd\u017a r\u00f3wnie\u017c: <a href=\"https:\/\/www.podkarpacielive.pl\/wyniki-na-zywo\" rel=\"nofollow noopener\" target=\"_blank\">wyniki na \u017cywo<\/a>, <a href=\"https:\/\/www.podkarpacielive.pl\/transmisje\" rel=\"nofollow noopener\" target=\"_blank\">transmisje na \u017cywo<\/a> oraz <a href=\"https:\/\/www.podkarpacielive.pl\/mecze-dzisiaj\" rel=\"nofollow noopener\" target=\"_blank\">mecze dzisiaj<\/a>.<\/p>\n","protected":false},"excerpt":{"rendered":"Abramczyk Polonia Bydgoszcz &#8211; H. Skrzydlewska Orze\u0142 \u0141\u00f3d\u017a na \u017cywo. Wynik i relacja LIVE, 06.09.2026 Mecz Abramczyk Polonia&hellip;\n","protected":false},"author":2,"featured_media":670899,"comment_status":"","ping_status":"","sticky":false,"template":"","format":"standard","meta":{"footnotes":"","_share_on_mastodon":"0"},"categories":[51613],"tags":[51458,70056,70057,70055,7132,70060,2449,30321,269,42,8135,70059,38,40,39,41,57780,1838,131,127,70061,6743,14763,63331,57619,26654,24505,70058,174],"class_list":["post-670898","post","type-post","status-publish","format-standard","has-post-thumbnail","category-bydgoszcz","tag-2-liga","tag-3-liga-grupa-iv","tag-4-liga-podkarpacka","tag-asseco-resovia","tag-bydgoszcz","tag-developres-rzeszow","tag-koszykowka","tag-miasto-szkla-krosno","tag-pilka-nozna","tag-pl","tag-podkarpacie","tag-podkarpacki-sport","tag-poland","tag-polish","tag-polska","tag-polski","tag-relacje-live","tag-siarka-tarnobrzeg","tag-siatkowka","tag-sport","tag-spr-stal-mielec","tag-stal-mielec","tag-stal-rzeszow","tag-transmisje-na-zywo","tag-wilki-krosno","tag-wisloka-debica","tag-wyniki-na-zywo","tag-wyniki-pilka-podkarpacie","tag-zuzel"],"share_on_mastodon":{"url":"https:\/\/pubeurope.com\/@pl\/117223576932042972","error":""},"_links":{"self":[{"href":"https:\/\/www.europesays.com\/pl\/wp-json\/wp\/v2\/posts\/670898","targetHints":{"allow":["GET"]}}],"collection":[{"href":"https:\/\/www.europesays.com\/pl\/wp-json\/wp\/v2\/posts"}],"about":[{"href":"https:\/\/www.europesays.com\/pl\/wp-json\/wp\/v2\/types\/post"}],"author":[{"embeddable":true,"href":"https:\/\/www.europesays.com\/pl\/wp-json\/wp\/v2\/users\/2"}],"replies":[{"embeddable":true,"href":"https:\/\/www.europesays.com\/pl\/wp-json\/wp\/v2\/comments?post=670898"}],"version-history":[{"count":0,"href":"https:\/\/www.europesays.com\/pl\/wp-json\/wp\/v2\/posts\/670898\/revisions"}],"wp:featuredmedia":[{"embeddable":true,"href":"https:\/\/www.europesays.com\/pl\/wp-json\/wp\/v2\/media\/670899"}],"wp:attachment":[{"href":"https:\/\/www.europesays.com\/pl\/wp-json\/wp\/v2\/media?parent=670898"}],"wp:term":[{"taxonomy":"category","embeddable":true,"href":"https:\/\/www.europesays.com\/pl\/wp-json\/wp\/v2\/categories?post=670898"},{"taxonomy":"post_tag","embeddable":true,"href":"https:\/\/www.europesays.com\/pl\/wp-json\/wp\/v2\/tags?post=670898"}],"curies":[{"name":"wp","href":"https:\/\/api.w.org\/{rel}","templated":true}]}}