{"id":670900,"date":"2026-09-06T10:16:15","date_gmt":"2026-09-06T10:16:15","guid":{"rendered":"https:\/\/www.europesays.com\/pl\/670900\/"},"modified":"2026-09-06T10:16:15","modified_gmt":"2026-09-06T10:16:15","slug":"motor-lublin-stracil-zwyciestwo-w-doliczonym-czasie-legia-odwrocila-losy-meczu","status":"publish","type":"post","link":"https:\/\/www.europesays.com\/pl\/670900\/","title":{"rendered":"Motor Lublin straci\u0142 zwyci\u0119stwo w doliczonym czasie. Legia odwr\u00f3ci\u0142a losy meczu"},"content":{"rendered":"<p>                                    Wyr\u00f3wnana pierwsza po\u0142owa<\/p>\n<p data-start=\"399\" data-end=\"547\">Pocz\u0105tek spotkania up\u0142yn\u0105\u0142 pod znakiem ostro\u017cnej gry obu dru\u017cyn. Nie brakowa\u0142o pojedynk\u00f3w i fauli, ale klarownych sytuacji bramkowych by\u0142o niewiele.<\/p>\n<p data-start=\"549\" data-end=\"778\">Motor m\u00f3g\u0142 obj\u0105\u0107 prowadzenie w 30. minucie. Fabio Ronaldo dwukrotnie pr\u00f3bowa\u0142 pokona\u0107 Otto Hindricha, jednak bramkarz Legii skutecznie interweniowa\u0142. Go\u015bcie odpowiedzieli uderzeniem Jana Kuchty, kt\u00f3ry nie trafi\u0142 w \u015bwiat\u0142o bramki.<\/p>\n<p data-start=\"780\" data-end=\"964\">Pod koniec pierwszej po\u0142owy s\u0119dzia Jaros\u0142aw Przyby\u0142 podyktowa\u0142 rzut karny dla Legii. Jedenastk\u0119 wykorzysta\u0142 Rafa\u0142 Augustyniak i warszawski zesp\u00f3\u0142 schodzi\u0142 do szatni z prowadzeniem 1:0.<\/p>\n<p>Dublet Karola Czubaka<\/p>\n<p data-start=\"992\" data-end=\"1185\">Po zmianie stron Motor ruszy\u0142 do odrabiania strat. W 65. minucie Ivo Rodrigues zagra\u0142 do Kamila Lukoszka, a ten do\u015brodkowa\u0142 w pole karne. Akcj\u0119 skutecznym strza\u0142em g\u0142ow\u0105 zako\u0144czy\u0142 Karol Czubak.<\/p>\n<p data-start=\"1187\" data-end=\"1341\">Zaledwie trzy minuty p\u00f3\u017aniej gospodarze obj\u0119li prowadzenie. Mbaye Jacques Ndiaye precyzyjnie poda\u0142 do Czubaka, kt\u00f3ry po raz drugi pokona\u0142 bramkarza Legii.<\/p>\n<p data-start=\"1343\" data-end=\"1578\">Motor utrzymywa\u0142 wynik 2:1 do doliczonego czasu gry. W\u00f3wczas bohaterem go\u015bci zosta\u0142 Jakub \u017bew\u0142akow. Rezerwowy napastnik wyr\u00f3wna\u0142 w 95. minucie, a pi\u0119\u0107 minut p\u00f3\u017aniej ponownie trafi\u0142 do siatki, ustalaj\u0105c wynik spotkania na 3:2 dla Legii.<\/p>\n<p>Jedna zmiana w sk\u0142adzie Motoru<\/p>\n<p data-start=\"1615\" data-end=\"1822\">W wyj\u015bciowej jedenastce gospodarzy nast\u0105pi\u0142a jedna zmiana w por\u00f3wnaniu z wtorkowym meczem przeciwko Legii w STS Pucharze Polski. Od pierwszej minuty wyst\u0105pi\u0142 Mbaye Jacques Ndiaye, kt\u00f3ry zast\u0105pi\u0142 Makana A\u00efko.<\/p>\n<p data-start=\"1824\" data-end=\"1910\">Po raz pierwszy w kadrze meczowej Motoru znalaz\u0142 si\u0119 r\u00f3wnie\u017c nowy zawodnik Rony Lopes.<\/p>\n<p data-start=\"1912\" data-end=\"2016\">Spotkanie rozegrano przy komplecie publiczno\u015bci. Na trybunach Motor Lublin Areny zasiad\u0142o 15 200 widz\u00f3w.<\/p>\n<p>\u201eStadiony Bez Barier\u201d na lubelskiej arenie<\/p>\n<p data-start=\"2065\" data-end=\"2274\">Podczas 7. kolejki PKO Bank Polski Ekstraklasy odby\u0142a si\u0119 \u00f3sma edycja akcji \u201eStadiony Bez Barier\u201d. Na muraw\u0119 wniesiono baner z nazw\u0105 projektu, natomiast meczow\u0105 eskort\u0119 utworzy\u0142y osoby z niepe\u0142nosprawno\u015bciami.<\/p>\n<p data-start=\"2276\" data-end=\"2419\">Motor Lublin \u2013 Legia Warszawa 2:3 (0:1)<br data-start=\"2319\" data-end=\"2322\"\/>Bramki: Karol Czubak 65\u2019, 68\u2019 \u2013 Rafa\u0142 Augustyniak 45\u2019 (rzut karny), Jakub \u017bew\u0142akow 90+5\u2019, 90+10\u2019.<\/p>\n<p data-start=\"2421\" data-end=\"2608\">Motor Lublin: Tratnik \u2013 Lukoszek (90+3\u2019 Santos), Bereszy\u0144ski (90+3\u2019 Barto\u0161), Plavoti\u0107, Luberecki \u2013 Meyer (61\u2019 Bourhane) \u2013 \u0141\u0119gowski (90+2\u2019 Simon), Rodrigues \u2013 Ndiaye, Ronaldo \u2013 Czubak.<\/p>\n<p data-start=\"2610\" data-end=\"2813\">Legia Warszawa: Hindrich \u2013 Pi\u0105tkowski, Augustyniak, Arseni\u0107 (80\u2019 Reca) \u2013 Chodyna, Sevcik (65\u2019 Arreiol), Urba\u0144ski (65\u2019 Adamski), Kapustka, Vinagre \u2013 Kuchta (71\u2019 Zjawi\u0144ski), Szczepaniak (71\u2019 \u017bew\u0142akow).<\/p>\n<p data-start=\"2815\" data-end=\"2918\">\u017b\u00f3\u0142te kartki: \u0141\u0119gowski \u2013 Kapustka.<br data-start=\"2853\" data-end=\"2856\"\/>S\u0119dzia: Jaros\u0142aw Przyby\u0142.<br data-start=\"2885\" data-end=\"2888\"\/>Frekwencja: 15 200 widz\u00f3w.<\/p>\n<p>\u0179r\u00f3d\u0142o: motorlublin.eu<\/p>\n<p>\n                                    <a href=\"https:\/\/www.google.com\/preferences\/source?q=lublin112.pl\" target=\"_blank\" rel=\"noopener noreferrer nofollow\" onclick=\"if (!window.__cfRLUnblockHandlers) return false; gtag(&#039;event&#039;, &#039;google_preferred_source_click&#039;, {&#010;                                           &#039;link_url&#039;: this.href,&#010;                                           &#039;link_text&#039;: &#039;Ustaw lublin112.pl jako preferowane \u017ar\u00f3d\u0142o&#039;&#010;                                       });\" style=\"text-align:center;display:block;\" data-cf-modified-a4b1502f17037395421058ad-=\"\"><br \/>\n                                        <img decoding=\"async\" src=\"https:\/\/www.europesays.com\/pl\/wp-content\/uploads\/2026\/09\/1788689775_459_lublin112-google-source.webp\" alt=\"Ustaw lublin112.pl jako preferowane \u017ar\u00f3d\u0142o w Google\" style=\"max-width: 70%;\"\/><br \/>\n                                    <\/a><br \/>\n                                    <\/p>\n","protected":false},"excerpt":{"rendered":"Wyr\u00f3wnana pierwsza po\u0142owa Pocz\u0105tek spotkania up\u0142yn\u0105\u0142 pod znakiem ostro\u017cnej gry obu dru\u017cyn. Nie brakowa\u0142o pojedynk\u00f3w i fauli, ale&hellip;\n","protected":false},"author":2,"featured_media":670901,"comment_status":"","ping_status":"","sticky":false,"template":"","format":"standard","meta":{"footnotes":"","_share_on_mastodon":"0"},"categories":[51612],"tags":[40239,20220,713,1081,3364,64111,269,2573,42,38,40,39,41,130139],"class_list":["post-670900","post","type-post","status-publish","format-standard","has-post-thumbnail","category-lublin","tag-jakub-zewlakow","tag-karol-czubak","tag-legia-warszawa","tag-lublin","tag-motor-lublin","tag-motor-lublin-arena","tag-pilka-nozna","tag-pko-bp-ekstraklasa","tag-pl","tag-poland","tag-polish","tag-polska","tag-polski","tag-stadion-bez-barier"],"share_on_mastodon":{"url":"https:\/\/pubeurope.com\/@pl\/117223581276033272","error":""},"_links":{"self":[{"href":"https:\/\/www.europesays.com\/pl\/wp-json\/wp\/v2\/posts\/670900","targetHints":{"allow":["GET"]}}],"collection":[{"href":"https:\/\/www.europesays.com\/pl\/wp-json\/wp\/v2\/posts"}],"about":[{"href":"https:\/\/www.europesays.com\/pl\/wp-json\/wp\/v2\/types\/post"}],"author":[{"embeddable":true,"href":"https:\/\/www.europesays.com\/pl\/wp-json\/wp\/v2\/users\/2"}],"replies":[{"embeddable":true,"href":"https:\/\/www.europesays.com\/pl\/wp-json\/wp\/v2\/comments?post=670900"}],"version-history":[{"count":0,"href":"https:\/\/www.europesays.com\/pl\/wp-json\/wp\/v2\/posts\/670900\/revisions"}],"wp:featuredmedia":[{"embeddable":true,"href":"https:\/\/www.europesays.com\/pl\/wp-json\/wp\/v2\/media\/670901"}],"wp:attachment":[{"href":"https:\/\/www.europesays.com\/pl\/wp-json\/wp\/v2\/media?parent=670900"}],"wp:term":[{"taxonomy":"category","embeddable":true,"href":"https:\/\/www.europesays.com\/pl\/wp-json\/wp\/v2\/categories?post=670900"},{"taxonomy":"post_tag","embeddable":true,"href":"https:\/\/www.europesays.com\/pl\/wp-json\/wp\/v2\/tags?post=670900"}],"curies":[{"name":"wp","href":"https:\/\/api.w.org\/{rel}","templated":true}]}}