{"id":670908,"date":"2026-09-06T10:20:21","date_gmt":"2026-09-06T10:20:21","guid":{"rendered":"https:\/\/www.europesays.com\/pl\/670908\/"},"modified":"2026-09-06T10:20:21","modified_gmt":"2026-09-06T10:20:21","slug":"czy-beda-wylaczenia-pradu-w-lodzi-aktualizacja-6-09","status":"publish","type":"post","link":"https:\/\/www.europesays.com\/pl\/670908\/","title":{"rendered":"Czy b\u0119d\u0105 wy\u0142\u0105czenia pr\u0105du w \u0141odzi? Aktualizacja 6.09"},"content":{"rendered":"<p><img decoding=\"async\" loading=\"eager\" fetchpriority=\"high\" class=\"atomsArticleGalleryImage__mainImg\" src=\"https:\/\/www.europesays.com\/pl\/wp-content\/uploads\/2026\/09\/1788690021_853_il20251121_950412077_medium.jpg\" alt=\"Wy&#x142;&#x105;czenia pr&#x105;du w &#x141;odzi. Gdzie mo&#x17C;e zabrakn&#x105;&#x107; pr&#x105;du 6.09?\" width=\"1920\" height=\"1278\"\/><\/p>\n<p>\n        Wy\u0142\u0105czenia pr\u0105du w \u0141odzi. Gdzie mo\u017ce zabrakn\u0105\u0107 pr\u0105du 6.09?<\/p>\n<p>          fot. hxdyl\/iStock\n        <\/p>\n<p>Gdzie planowane s\u0105 wy\u0142\u0105czenia pr\u0105du w \u0141odzi 6.09? Warto wiedzie\u0107, kiedy nast\u0105pi\u0105 braki w dostawie pr\u0105du w twoim mie\u015bcie. Przyczyn\u0105 wy\u0142\u0105czenia pr\u0105du s\u0105 najcz\u0119\u015bciej remonty, modernizacja sieci lub budowy. Dobrze jest przygotowa\u0107 si\u0119 na tego typu sytuacj\u0119 w \u0141odzi. Przedstawiamy spis miejsc, gdzie mo\u017cliwe s\u0105 wy\u0142\u0105czenia pr\u0105du 6.09. Warto znale\u017a\u0107 sobie zaj\u0119cie na ten czas, kt\u00f3re nie wymaga u\u017cycia energii elektrycznej.<\/p>\n","protected":false},"excerpt":{"rendered":"Wy\u0142\u0105czenia pr\u0105du w \u0141odzi. Gdzie mo\u017ce zabrakn\u0105\u0107 pr\u0105du 6.09? fot. hxdyl\/iStock Gdzie planowane s\u0105 wy\u0142\u0105czenia pr\u0105du w \u0141odzi&hellip;\n","protected":false},"author":2,"featured_media":670909,"comment_status":"","ping_status":"","sticky":false,"template":"","format":"standard","meta":{"footnotes":"","_share_on_mastodon":"0"},"categories":[51608],"tags":[89859,5318,3652,42,38,40,39,41],"class_list":["post-670908","post","type-post","status-publish","format-standard","has-post-thumbnail","category-lodz","tag-braki-pradu","tag-energia-elektryczna","tag-lodz","tag-pl","tag-poland","tag-polish","tag-polska","tag-polski"],"share_on_mastodon":{"url":"https:\/\/pubeurope.com\/@pl\/117223597113553592","error":""},"_links":{"self":[{"href":"https:\/\/www.europesays.com\/pl\/wp-json\/wp\/v2\/posts\/670908","targetHints":{"allow":["GET"]}}],"collection":[{"href":"https:\/\/www.europesays.com\/pl\/wp-json\/wp\/v2\/posts"}],"about":[{"href":"https:\/\/www.europesays.com\/pl\/wp-json\/wp\/v2\/types\/post"}],"author":[{"embeddable":true,"href":"https:\/\/www.europesays.com\/pl\/wp-json\/wp\/v2\/users\/2"}],"replies":[{"embeddable":true,"href":"https:\/\/www.europesays.com\/pl\/wp-json\/wp\/v2\/comments?post=670908"}],"version-history":[{"count":0,"href":"https:\/\/www.europesays.com\/pl\/wp-json\/wp\/v2\/posts\/670908\/revisions"}],"wp:featuredmedia":[{"embeddable":true,"href":"https:\/\/www.europesays.com\/pl\/wp-json\/wp\/v2\/media\/670909"}],"wp:attachment":[{"href":"https:\/\/www.europesays.com\/pl\/wp-json\/wp\/v2\/media?parent=670908"}],"wp:term":[{"taxonomy":"category","embeddable":true,"href":"https:\/\/www.europesays.com\/pl\/wp-json\/wp\/v2\/categories?post=670908"},{"taxonomy":"post_tag","embeddable":true,"href":"https:\/\/www.europesays.com\/pl\/wp-json\/wp\/v2\/tags?post=670908"}],"curies":[{"name":"wp","href":"https:\/\/api.w.org\/{rel}","templated":true}]}}