{"id":670912,"date":"2026-09-06T10:24:13","date_gmt":"2026-09-06T10:24:13","guid":{"rendered":"https:\/\/www.europesays.com\/pl\/670912\/"},"modified":"2026-09-06T10:24:13","modified_gmt":"2026-09-06T10:24:13","slug":"polska-chce-ograniczyc-zasady-ochrony-migrantow-inicjatywa-na-forum-ue-kresy","status":"publish","type":"post","link":"https:\/\/www.europesays.com\/pl\/670912\/","title":{"rendered":"Polska chce ograniczy\u0107 zasady ochrony migrant\u00f3w. Inicjatywa na forum UE \u00bb Kresy"},"content":{"rendered":"<p>Polska chce rozpocz\u0105\u0107 dyskusj\u0119 nad interpretacj\u0105 przepis\u00f3w Konwencji Genewskiej dotycz\u0105cych ochrony mi\u0119dzynarodowej. Propozycja zak\u0142ada obj\u0119cie wyj\u0105tkiem os\u00f3b, kt\u00f3re w zorganizowanych grupach, z u\u017cyciem przemocy lub niszcz\u0105c zabezpieczenia, nielegalnie forsuj\u0105 granic\u0119. Sprawa ma by\u0107 omawiana przez ministr\u00f3w spraw wewn\u0119trznych pa\u0144stw UE, a nast\u0119pnie podczas Rady Europejskiej w pa\u017adzierniku.<\/p>\n<p>W najbli\u017cszych miesi\u0105cach na forum Unii Europejskiej ma zosta\u0107 om\u00f3wiona polska propozycja dotycz\u0105ca interpretacji przepis\u00f3w Konwencji Genewskiej o statusie uchod\u017ac\u00f3w. Polska chce, aby osoby uczestnicz\u0105ce w zorganizowanym i agresywnym forsowaniu granicy w okre\u015blonych przypadkach nie mog\u0142y korzysta\u0107 z ochrony mi\u0119dzynarodowej.<\/p>\n<p>Jak poda\u0142o RMF FM, inicjatywa dotyczy art. 33 ust. 2 Konwencji Genewskiej. Przepis przewiduje wyj\u0105tek od zasady zakazuj\u0105cej wydalania lub zawracania uchod\u017acy. Z ochrony wynikaj\u0105cej z tego zakazu nie mo\u017ce korzysta\u0107 osoba, wobec kt\u00f3rej istniej\u0105 podstawy, by uzna\u0107 j\u0105 za zagro\u017cenie dla bezpiecze\u0144stwa pa\u0144stwa, w kt\u00f3rym przebywa. Wyj\u0105tek dotyczy tak\u017ce osoby prawomocnie skazanej za szczeg\u00f3lnie powa\u017cne przest\u0119pstwo, kt\u00f3ra stanowi zagro\u017cenie dla spo\u0142ecze\u0144stwa.<\/p>\n<p>Polska chce, aby zakres tego przepisu by\u0142 interpretowany r\u00f3wnie\u017c w kontek\u015bcie zorganizowanego i agresywnego forsowania granicy. W okre\u015blonych sytuacjach uczestnicy takich dzia\u0142a\u0144 mogliby zosta\u0107 pozbawieni mo\u017cliwo\u015bci powo\u0142ywania si\u0119 na ochron\u0119 mi\u0119dzynarodow\u0105.<\/p>\n<p>\u201eChodzi o pozbawienie prawa do ochrony mi\u0119dzynarodowej os\u00f3b, kt\u00f3re nielegalnie przekraczaj\u0105 granic\u0119 w zorganizowanych grupach, z u\u017cyciem przemocy albo niszcz\u0105c zabezpieczenia graniczne\u201d \u2014 powiedzia\u0142 RMF FM wiceminister spraw wewn\u0119trznych i administracji Maciej Duszczyk.<\/p>\n<p>Czytaj te\u017c: <a title=\"Nielegalni imigranci, \u017ar. ndla.no (kadrowane)\" href=\"https:\/\/kresy.pl\/wydarzenia\/regiony\/polska-regiony\/pakt-migracyjny-wszedl-w-zycie-polska-dostala-tylko-polroczne-zwolnienie\/\" rel=\"bookmark nofollow noopener\" target=\"_blank\">Pakt migracyjny wszed\u0142 w \u017cycie. Polska dosta\u0142a tylko p\u00f3\u0142roczne zwolnienie<\/a><\/p>\n<p>Sprawa ma trafi\u0107 na unijn\u0105 agend\u0119 w pa\u017adzierniku<\/p>\n<p>Na pocz\u0105tku pa\u017adziernika propozycja Polski ma zosta\u0107 om\u00f3wiona podczas posiedzenia ministr\u00f3w spraw wewn\u0119trznych pa\u0144stw UE. Kolejnym etapem ma by\u0107 dyskusja na forum Rady Europejskiej zaplanowana na 15\u201316 pa\u017adziernika.<\/p>\n<p>Impulsem do przedstawienia inicjatywy by\u0142a nadzwyczajna wideokonferencja ministr\u00f3w spraw wewn\u0119trznych UE z pocz\u0105tku sierpnia, zorganizowana po wydarzeniach w hiszpa\u0144skiej Ceucie. W\u00f3wczas dosz\u0142o do masowego nap\u0142ywu migrant\u00f3w pr\u00f3buj\u0105cych przedosta\u0107 si\u0119 z Maroka na terytorium Hiszpanii. Cz\u0119\u015b\u0107 os\u00f3b pr\u00f3bowa\u0142a forsowa\u0107 granic\u0119 w spos\u00f3b zorganizowany.<\/p>\n<p>Po tych wydarzeniach 22 przyw\u00f3dc\u00f3w pa\u0144stw UE zaapelowa\u0142o o wsp\u00f3ln\u0105 odpowied\u017a na sytuacj\u0119.<\/p>\n<p>Polska chce, aby proponowany kierunek interpretacji art. 33 ust. 2 Konwencji Genewskiej zosta\u0142 przedyskutowany na poziomie ca\u0142ej Unii Europejskiej. W przypadku przyj\u0119cia takiego podej\u015bcia osoby bior\u0105ce udzia\u0142 w okre\u015blonych formach agresywnego forsowania granicy nie mog\u0142yby powo\u0142ywa\u0107 si\u0119 na ochron\u0119 mi\u0119dzynarodow\u0105.<\/p>\n<p>\t\t\t<a href=\"https:\/\/kresy.pl\/przekaz-darowizne\/\" rel=\"nofollow noopener\" target=\"_blank\"><img decoding=\"async\" src=\"https:\/\/www.europesays.com\/pl\/wp-content\/uploads\/2026\/09\/1788690252_112_oxfordBanner.png\" alt=\"Jeste\u015bmy najbardziej rzetelnymi mediami w Polsce\"\/><\/a><\/p>\n<p>\t\t\t<a href=\"https:\/\/kresy.pl\/przekaz-darowizne\/\" rel=\"nofollow noopener\" target=\"_blank\"><img decoding=\"async\" src=\"https:\/\/www.europesays.com\/pl\/wp-content\/uploads\/2026\/09\/1788690253_902_oxfordBanner-mobile.png\" alt=\"Jeste\u015bmy najbardziej rzetelnymi mediami w Polsce\"\/><\/a><\/p>\n<p>Kresy.pl\/<a href=\"https:\/\/www.rmf24.pl\/fakty\/polityka\/news-ue-zmieni-interpretacje-przepisow-ws-uchodzcow-to-polska-ini,nIdn,1016560\" rel=\"nofollow noopener\" target=\"_blank\">RMF FM<\/a><\/p>\n","protected":false},"excerpt":{"rendered":"Polska chce rozpocz\u0105\u0107 dyskusj\u0119 nad interpretacj\u0105 przepis\u00f3w Konwencji Genewskiej dotycz\u0105cych ochrony mi\u0119dzynarodowej. Propozycja zak\u0142ada obj\u0119cie wyj\u0105tkiem os\u00f3b, kt\u00f3re&hellip;\n","protected":false},"author":2,"featured_media":670913,"comment_status":"","ping_status":"","sticky":false,"template":"","format":"standard","meta":{"footnotes":"","_share_on_mastodon":"0"},"categories":[12],"tags":[117267,42,38,40,100132,39,41,104],"class_list":["post-670912","post","type-post","status-publish","format-standard","has-post-thumbnail","category-polska","tag-nielegalni-imigranci","tag-pl","tag-poland","tag-polish","tag-polityka-migracyjna","tag-polska","tag-polski","tag-unia-europejska"],"share_on_mastodon":{"url":"https:\/\/pubeurope.com\/@pl\/117223612940489039","error":""},"_links":{"self":[{"href":"https:\/\/www.europesays.com\/pl\/wp-json\/wp\/v2\/posts\/670912","targetHints":{"allow":["GET"]}}],"collection":[{"href":"https:\/\/www.europesays.com\/pl\/wp-json\/wp\/v2\/posts"}],"about":[{"href":"https:\/\/www.europesays.com\/pl\/wp-json\/wp\/v2\/types\/post"}],"author":[{"embeddable":true,"href":"https:\/\/www.europesays.com\/pl\/wp-json\/wp\/v2\/users\/2"}],"replies":[{"embeddable":true,"href":"https:\/\/www.europesays.com\/pl\/wp-json\/wp\/v2\/comments?post=670912"}],"version-history":[{"count":0,"href":"https:\/\/www.europesays.com\/pl\/wp-json\/wp\/v2\/posts\/670912\/revisions"}],"wp:featuredmedia":[{"embeddable":true,"href":"https:\/\/www.europesays.com\/pl\/wp-json\/wp\/v2\/media\/670913"}],"wp:attachment":[{"href":"https:\/\/www.europesays.com\/pl\/wp-json\/wp\/v2\/media?parent=670912"}],"wp:term":[{"taxonomy":"category","embeddable":true,"href":"https:\/\/www.europesays.com\/pl\/wp-json\/wp\/v2\/categories?post=670912"},{"taxonomy":"post_tag","embeddable":true,"href":"https:\/\/www.europesays.com\/pl\/wp-json\/wp\/v2\/tags?post=670912"}],"curies":[{"name":"wp","href":"https:\/\/api.w.org\/{rel}","templated":true}]}}