{"id":670914,"date":"2026-09-06T10:25:17","date_gmt":"2026-09-06T10:25:17","guid":{"rendered":"https:\/\/www.europesays.com\/pl\/670914\/"},"modified":"2026-09-06T10:25:17","modified_gmt":"2026-09-06T10:25:17","slug":"edyta-gorniak-rezygnuje-ze-wspolpracy-z-telewizja-polska","status":"publish","type":"post","link":"https:\/\/www.europesays.com\/pl\/670914\/","title":{"rendered":"Edyta G\u00f3rniak rezygnuje ze wsp\u00f3\u0142pracy z Telewizja Polsk\u0105"},"content":{"rendered":"\n<p>&#13;<br \/>\nEdyta G\u00f3rniak by\u0142a jedn\u0105 z\u00a0gwiazd fina\u0142owego koncertu trasy &#8222;Lata z\u00a0Radiem i\u00a0Telewizj\u0105 Polsk\u0105&#8221;. Koncert odby\u0142 si\u0119 w\u00a0sobot\u0119 (5 wrze\u015bnia) w\u00a0Bia\u0142ych B\u0142otach (woj. kujawsko-pomorskie). &#13;\n<\/p>\n<p>&#13;<br \/>\nArtystka nie\u00a0by\u0142a zadowolona ze\u00a0swojego wyst\u0119pu. We\u00a0wpisie, kt\u00f3ry zamie\u015bci\u0142a na\u00a0Instagramie, nie\u00a0kry\u0142a \u017calu do\u00a0produkcji TVP. Poinformowa\u0142a r\u00f3wnie\u017c, co\u00a0dalej z\u00a0jej wsp\u00f3\u0142prac\u0105 z\u00a0publicznym nadawc\u0105. &#13;\n<\/p>\n<p>Edyta G\u00f3rniak rezygnuje ze\u00a0wsp\u00f3\u0142pracy z\u00a0TVP<\/p>\n<p>&#13;<br \/>\n&#8222;Drodzy Widzowie, S\u0142uchacze i\u00a0wieloletni Fani, po\u00a036 latach wsp\u00f3\u0142pracy z\u00a0Telewizj\u0105 Polsk\u0105 doczeka\u0142am si\u0119, \u017ce\u00a0produkcja zamykaj\u0105cego tras\u0119 letni\u0105 koncertu w\u00a0Bia\u0142ych B\u0142otach \u2013\u00a0zapomnia\u0142a w\u0142\u0105czy\u0107 na\u00a0anten\u0119 m\u00f3j mikrofon. O\u00a0innych zaniedbaniach nawet nie\u00a0wspomn\u0119. Zdegradowa\u0142a jako\u015b\u0107 mojej pracy, stara\u0144 i\u00a0przygotowa\u0144, kt\u00f3re podj\u0119\u0142am mimo przezi\u0119bienia&#8221; \u2013\u00a0napisa\u0142a Edyta G\u00f3rniak. &#13;\n<\/p>\n<p>&#13;<br \/>\n&#8222;Jest mi tak przykro, \u017ce\u00a0nie potrafi\u0119 nawet tego wyrazi\u0107 (!). Jestem w\u00a0szoku i\u00a0po tym, co\u00a0dzia\u0142o si\u0119 za\u00a0kulisami, a\u00a0tak\u017ce na\u00a0scenie i\u00a0na antenie, oficjalnie rezygnuj\u0119 z\u00a0najbli\u017cszych zaprosze\u0144 od\u00a0Telewizji Polskiej. Na\u00a0tak\u0105 ilo\u015b\u0107 zaniedba\u0144 i\u00a0brak profesjonalizmu \u2013\u00a0nigdy nie\u00a0b\u0119dzie mojej zgody&#8221; \u2013\u00a0o\u015bwiadczy\u0142a piosenkarka. &#13;\n<\/p>\n<p>&#13;<br \/>\n<img decoding=\"async\" src=\"https:\/\/www.europesays.com\/pl\/wp-content\/uploads\/2026\/09\/0bced0414dda8f0261568f90274d.jpeg\" alt=\"Wpis Edyty G\u00f3rniak\" width=\"360\" height=\"633\" style=\"aspect-ratio: 4\u00a0\/ 7;\" data-width=\"487\" data-height=\"856\" data-schema=\"DORZECZY\" loading=\"lazy\"\/><br \/>&#13;\n<\/p>\n<p>&#13;<br \/>\nTelewizja Polska nie\u00a0odnios\u0142a si\u0119 dotychczas do\u00a0o\u015bwiadczenia artystki. TVP opublikowa\u0142a za\u00a0to\u00a0na Instagramie fragment wyst\u0119pu G\u00f3rniak, a\u00a0konkretnie wykonania utworu &#8222;I\u00a0Will Survive&#8221;. Nie\u00a0spodoba\u0142o si\u0119 to\u00a0samej zainteresowanej. &#8222;BEZNADZIEJA. A\u00a0utw\u00f3r z\u00a0mojego repertuaru, kt\u00f3ry dzi\u015b wykonali\u015bmy, poszed\u0142 do\u00a0kosza. Dzi\u0119kuj\u0119 Telewizji Polskiej&#8221; \u2013\u00a0skomentowa\u0142a. &#13;\n<\/p>\n<p>&#13;<br \/>\n&#8222;Niewa\u017cne, co\u00a0za\u015bpiewasz. Wa\u017cne, \u017ce\u00a0Ty \u015bpiewasz. Najlepsza, nasze dobro narodowe!&#8221;; &#8222;Dla nas i\u00a0tak jeste\u015b najpi\u0119kniejszym g\u0142osem w\u00a0Polsce, niezale\u017cnie od\u00a0warunk\u00f3w. Ale\u00a0jak najbardziej rozumiem Twoje roz\u017calenie, bo\u00a0wiemy, jak profesjonalnie podchodzisz do\u00a0swoich wyst\u0119p\u00f3w. \u015aciskam&#8221;; &#8222;A\u00a0mi przypomnia\u0142a\u015b tym utworem, \u017ce\u00a0ze\u00a0wszystkiego mo\u017cemy si\u0119 podnie\u015b\u0107. Wykonanie jest prawdziwe i\u00a0to najwa\u017cniejsze&#8221; \u2013\u00a0pocieszali artystk\u0119 jej fani. &#13;\n<\/p>\n<p>&#13;<br \/>\n   Czytaj te\u017c:<br \/><a href=\"https:\/\/rozrywka.dorzeczy.pl\/muzyka\/929395\/burza-po-wystepie-blanki-w-tvp-to-striptiz-czy-koncert.html\" rel=\"follow nofollow noopener\" data-schema=\"DORZECZY\" data-image=\"https:\/\/img.dorzeczy.pl\/_thumb\/64\/db\/52752c4ed9cf990763a7396cd224.jpeg\" target=\"_blank\">Jej wyst\u0119p w\u00a0TVP wywo\u0142a\u0142 burz\u0119. &#8222;To\u00a0striptiz czy\u00a0koncert?&#8221;<\/a>   Czytaj te\u017c:<br \/><a href=\"https:\/\/rozrywka.dorzeczy.pl\/film-i-telewizja\/938377\/sylwester-polsatu-zmienia-miejsce-stacja-postawila-na-wroclaw.html\" rel=\"follow nofollow noopener\" data-schema=\"DORZECZY\" data-image=\"https:\/\/img.dorzeczy.pl\/_thumb\/63\/83\/260e851113b85afd49e1c31fdd9e.jpeg\" target=\"_blank\">Polsat szykuje sylwestra w\u00a0nowym miejscu. Takiego koncertu nie\u00a0by\u0142o od\u00a010 lat<\/a>&#13;<\/p>\n","protected":false},"excerpt":{"rendered":"&#13; Edyta G\u00f3rniak by\u0142a jedn\u0105 z\u00a0gwiazd fina\u0142owego koncertu trasy &#8222;Lata z\u00a0Radiem i\u00a0Telewizj\u0105 Polsk\u0105&#8221;. Koncert odby\u0142 si\u0119 w\u00a0sobot\u0119 (5&hellip;\n","protected":false},"author":2,"featured_media":670915,"comment_status":"","ping_status":"","sticky":false,"template":"","format":"standard","meta":{"footnotes":"","_share_on_mastodon":"0"},"categories":[12],"tags":[662,98,23063,288,291,2921,88963,1252,42,38,40,39,41,506],"class_list":["post-670914","post","type-post","status-publish","format-standard","has-post-thumbnail","category-polska","tag-dawid-sienkowski","tag-dorzeczy","tag-edyta-gorniak","tag-film-i-telewizja","tag-historia","tag-koncert","tag-lato-z-radiem-i-telewizja-polska","tag-muzyka","tag-pl","tag-poland","tag-polish","tag-polska","tag-polski","tag-tvp"],"share_on_mastodon":{"url":"https:\/\/pubeurope.com\/@pl\/117223615617572286","error":""},"_links":{"self":[{"href":"https:\/\/www.europesays.com\/pl\/wp-json\/wp\/v2\/posts\/670914","targetHints":{"allow":["GET"]}}],"collection":[{"href":"https:\/\/www.europesays.com\/pl\/wp-json\/wp\/v2\/posts"}],"about":[{"href":"https:\/\/www.europesays.com\/pl\/wp-json\/wp\/v2\/types\/post"}],"author":[{"embeddable":true,"href":"https:\/\/www.europesays.com\/pl\/wp-json\/wp\/v2\/users\/2"}],"replies":[{"embeddable":true,"href":"https:\/\/www.europesays.com\/pl\/wp-json\/wp\/v2\/comments?post=670914"}],"version-history":[{"count":0,"href":"https:\/\/www.europesays.com\/pl\/wp-json\/wp\/v2\/posts\/670914\/revisions"}],"wp:featuredmedia":[{"embeddable":true,"href":"https:\/\/www.europesays.com\/pl\/wp-json\/wp\/v2\/media\/670915"}],"wp:attachment":[{"href":"https:\/\/www.europesays.com\/pl\/wp-json\/wp\/v2\/media?parent=670914"}],"wp:term":[{"taxonomy":"category","embeddable":true,"href":"https:\/\/www.europesays.com\/pl\/wp-json\/wp\/v2\/categories?post=670914"},{"taxonomy":"post_tag","embeddable":true,"href":"https:\/\/www.europesays.com\/pl\/wp-json\/wp\/v2\/tags?post=670914"}],"curies":[{"name":"wp","href":"https:\/\/api.w.org\/{rel}","templated":true}]}}