{"id":670916,"date":"2026-09-06T10:26:16","date_gmt":"2026-09-06T10:26:16","guid":{"rendered":"https:\/\/www.europesays.com\/pl\/670916\/"},"modified":"2026-09-06T10:26:16","modified_gmt":"2026-09-06T10:26:16","slug":"jaki-poziom-smogu-notowany-jest-obecnie-w-warszawie-sprawdz-wyniki-z-6-09-2026","status":"publish","type":"post","link":"https:\/\/www.europesays.com\/pl\/670916\/","title":{"rendered":"Jaki poziom smogu notowany jest obecnie w Warszawie? Sprawd\u017a wyniki z 6.09.2026"},"content":{"rendered":"<p><img decoding=\"async\" loading=\"eager\" fetchpriority=\"high\" class=\"atomsArticleGalleryImage__mainImg\" src=\"https:\/\/www.europesays.com\/pl\/wp-content\/uploads\/2026\/09\/1788690376_218_il20251203_951545825_medium.jpg\" alt=\"Przed wyj&#x15B;ciem z domu upewnij si&#x119;, jaka jest jako&#x15B;&#x107; powietrza w Warszawie\" width=\"1600\" height=\"1032\"\/><\/p>\n<p>\n        Przed wyj\u015bciem z domu upewnij si\u0119, jaka jest jako\u015b\u0107 powietrza w Warszawie<\/p>\n<p>          fot. Piotr Krzy\u017canowski\n        <\/p>\n<p>Smog Warszawa: 6.09.2026. Ile wynosi PM10 i PM2.5? Sprawd\u017a, czy zdrowe b\u0119dzie przebywanie na zewn\u0105trz w niedziel\u0119. Dzi\u0119ki podawanym przez nas informacjom, sprawdzisz r\u00f3wnie\u017c stan powietrza w Warszawie w poprzednich dniach. Zawroty g\u0142owy to cz\u0119sty objaw zbyt d\u0142ugiego wdychania zanieczyszczonego powietrza.<\/p>\n","protected":false},"excerpt":{"rendered":"Przed wyj\u015bciem z domu upewnij si\u0119, jaka jest jako\u015b\u0107 powietrza w Warszawie fot. Piotr Krzy\u017canowski Smog Warszawa: 6.09.2026.&hellip;\n","protected":false},"author":2,"featured_media":670917,"comment_status":"","ping_status":"","sticky":false,"template":"","format":"standard","meta":{"footnotes":"","_share_on_mastodon":"0"},"categories":[51605],"tags":[42,78,38,40,39,41,101818,435,43824],"class_list":["post-670916","post","type-post","status-publish","format-standard","has-post-thumbnail","category-warszawa","tag-pl","tag-pogoda","tag-poland","tag-polish","tag-polska","tag-polski","tag-smog-warszawa","tag-warszawa","tag-zanieczyszczenie-powietrza"],"share_on_mastodon":{"url":"https:\/\/pubeurope.com\/@pl\/117223619751426060","error":""},"_links":{"self":[{"href":"https:\/\/www.europesays.com\/pl\/wp-json\/wp\/v2\/posts\/670916","targetHints":{"allow":["GET"]}}],"collection":[{"href":"https:\/\/www.europesays.com\/pl\/wp-json\/wp\/v2\/posts"}],"about":[{"href":"https:\/\/www.europesays.com\/pl\/wp-json\/wp\/v2\/types\/post"}],"author":[{"embeddable":true,"href":"https:\/\/www.europesays.com\/pl\/wp-json\/wp\/v2\/users\/2"}],"replies":[{"embeddable":true,"href":"https:\/\/www.europesays.com\/pl\/wp-json\/wp\/v2\/comments?post=670916"}],"version-history":[{"count":0,"href":"https:\/\/www.europesays.com\/pl\/wp-json\/wp\/v2\/posts\/670916\/revisions"}],"wp:featuredmedia":[{"embeddable":true,"href":"https:\/\/www.europesays.com\/pl\/wp-json\/wp\/v2\/media\/670917"}],"wp:attachment":[{"href":"https:\/\/www.europesays.com\/pl\/wp-json\/wp\/v2\/media?parent=670916"}],"wp:term":[{"taxonomy":"category","embeddable":true,"href":"https:\/\/www.europesays.com\/pl\/wp-json\/wp\/v2\/categories?post=670916"},{"taxonomy":"post_tag","embeddable":true,"href":"https:\/\/www.europesays.com\/pl\/wp-json\/wp\/v2\/tags?post=670916"}],"curies":[{"name":"wp","href":"https:\/\/api.w.org\/{rel}","templated":true}]}}