{"id":670918,"date":"2026-09-06T10:29:12","date_gmt":"2026-09-06T10:29:12","guid":{"rendered":"https:\/\/www.europesays.com\/pl\/670918\/"},"modified":"2026-09-06T10:29:12","modified_gmt":"2026-09-06T10:29:12","slug":"czy-lewandowski-ma-prawo-wybierac-sobie-mecze-reprezentacji-opinia","status":"publish","type":"post","link":"https:\/\/www.europesays.com\/pl\/670918\/","title":{"rendered":"Czy Lewandowski ma prawo wybiera\u0107 sobie mecze reprezentacji? [OPINIA]"},"content":{"rendered":"\n<p class=\"contentpart contentpart--default contentpart--text\" data-position=\"0\">Niekt\u00f3re spotkania MLS wygl\u0105daj\u0105 jak szkolne mecze w podstaw\u00f3wce, gdy klasa gra na klas\u0119. Jest du\u017co entuzjazmu, radosnego futbolu, nieodpowiedzialno\u015bci w defensywie, chaosu i dzieci\u0119cych b\u0142\u0119d\u00f3w. I \u2013 jak to na podw\u00f3rku bywa \u2013 pada du\u017co goli. Ich znaczenia nie nale\u017cy przecenia\u0107, bo cz\u0119\u015b\u0107 z nich jest zdobywana bardzo \u0142atwo, jakby to by\u0142a gierka treningowa.<\/p>\n<p class=\"contentpart contentpart--default contentpart--text\" data-position=\"1\"><a href=\"https:\/\/sportowefakty.wp.pl\/pilka-nozna\/1272226\/szalony-mecz-w-toronto-gol-lewandowskiego-nie-dal-zwyciestwa\" rel=\"nofollow noopener\" target=\"blank\">W meczu Toronto FC z Fire pad\u0142o a\u017c osiem bramek, a kapitalny mecz zaliczy\u0142 zawodnik z numerem 9 na czerwonej koszulce.<\/a> Nie tylko ustrzeli\u0142 hat-tricka, ale by\u0142 gro\u017any niemal w ka\u017cdej akcji ofensywnej swojego zespo\u0142u. Silny, szybki, z piekielnie mocnym uderzeniem. Znakomity! Nie nazywa si\u0119 jednak <a href=\"https:\/\/sportowefakty.wp.pl\/pilka-nozna\/robert-lewandowski\" rel=\"nofollow noopener\" target=\"_blank\">Robert Lewandowski<\/a>\u00a0tylko Josh Sargent i gra dla Toronto. Wybrano go &#8211; ca\u0142kiem s\u0142usznie &#8211; graczem meczu.<\/p>\n<p>  <img decoding=\"async\" src=\"https:\/\/v.wpimg.pl\/X3dwLnN2d1IFFTpdYUl6R0ZNbgcnEHQREVV2TGEGbUtRT2MdOlZ2RBQUKABgQjQcDRotCStBd1IAAWMeIlM7VgwYIAorQAdEFFk_GCkQJQ\" alt=\"\" width=\"45\" height=\"58\" loading=\"lazy\"\/>  <\/p>\n<p class=\"contentpart contentpart--default contentpart--text\" data-position=\"2\">Druga &#8222;dziewi\u0105tka&#8221; na boisku, tym razem w bia\u0142ej koszulce, te\u017c strzeli\u0142a gola. Ale gol Lewandowskiego &#8211; cho\u0107 po pi\u0119knej akcji zespo\u0142owej &#8211; nale\u017ca\u0142 do tych, kt\u00f3re po prostu wypada strzeli\u0107. Polak pokona\u0142 bramkarza z pi\u0119ciu metr\u00f3w i chwa\u0142a mu za to, ale te\u017c nie r\u00f3bmy z tego zagadnienia. Dru\u017cyna z Toronto by\u0142a beznadziejna w defensywie. Ta z Chicago niewiele lepsza, wi\u0119c mecz sko\u0144czy\u0142 si\u0119 hokejowym wynikiem 4:4.<\/p>\n<p class=\"contentpart contentpart--default contentpart--text\" data-position=\"3\">ZOBACZ WIDEO: #dziejesiewsporcie: Wiek to tylko liczba! Tak\u0105 bramk\u0119 strzeli\u0142 40-latek<\/p>\n<p class=\"contentpart contentpart--default contentpart--text\" data-position=\"5\">B\u0105d\u017amy szczerzy: jak na razie przygoda Roberta w Chicago nie wygl\u0105da tak dobrze, jak wygl\u0105da\u0107 mia\u0142a. &#8222;Lewy&#8221; niby co\u015b tam gra, we wszystkich 12 meczach strzeli\u0142 sze\u015b\u0107 bramek (pi\u0119\u0107 w MLS i jedn\u0105 w Leagues Cup), czyli dramatu nie ma. No, ale sza\u0142u te\u017c nie ma.<\/p>\n<p class=\"contentpart contentpart--default contentpart--text\" data-position=\"6\">Kibice &#8222;Stra\u017cak\u00f3w&#8221; zaczynaj\u0105 narzeka\u0107, bo Fire kupowa\u0142o Roberta jako &#8211; czy si\u0119 komu\u015b to okre\u015blenie podoba czy nie &#8211; &#8222;wice Messiego&#8221;. Polak dosta\u0142 drug\u0105 pod wzgl\u0119dem wysoko\u015bci pensj\u0119 w MLS i mia\u0142 &#8222;dowozi\u0107&#8221; wyniki prawie tak samo jak Messi. Niestety Robert &#8222;wice Messim&#8221; jest &#8211; p\u00f3ki co &#8211; jedynie pod wzgl\u0119dem p\u0142acy w MLS. Ca\u0142a reszta obok genialnego Argenty\u0144czyka nawet nie sta\u0142a.<\/p>\n<p>  <img decoding=\"async\" src=\"https:\/\/v.wpimg.pl\/X3dwLnN2d1IFFTpdYUl6R0ZNbgcnEHQREVV2TGEGbUtRT2MdOlZ2RBQUKABgQjQcDRotCStBd1IAAWMeIlM7VgwYIAorQAdEFFk_GCkQJQ\" alt=\"\" width=\"45\" height=\"58\" loading=\"lazy\"\/>  <\/p>\n<p class=\"contentpart contentpart--default contentpart--text\" data-position=\"7\">Raptem tydzie\u0144 temu Leo wbi\u0142 cztery gole w jednym meczu, przeciwko CF Montreal! I cho\u0107 ostatecznie zaliczono mu &#8222;tylko&#8221; hat-tricka (pierwsz\u0105 bramk\u0119 &#8211; zdobyt\u0105 po rykoszecie &#8211; uznano za samob\u00f3jcz\u0105), to robi to ogromne wra\u017cenie. A przecie\u017c Messi ma za sob\u0105 wyczerpuj\u0105cy mundial, w kt\u00f3rym Argentyna dosz\u0142a a\u017c do fina\u0142u oraz traumatyczne prze\u017cycia zwi\u0105zane z niedawn\u0105 \u015bmierci\u0105 i pogrzebem ojca. Leo zaskakuj\u0105co szybko wr\u00f3ci\u0142 do kapitalnej formy. W pojedynk\u0119 wygrywa mecze dla Interu Miami sam\u0105 pi\u0142karsk\u0105 jako\u015bci\u0105.<\/p>\n<p class=\"contentpart contentpart--default contentpart--text\" data-position=\"8\">Tymczasem, obserwuj\u0105c mecze <a href=\"https:\/\/sportowefakty.wp.pl\/pilka-nozna\/chicago-fire\" rel=\"nofollow noopener\" target=\"_blank\">Chicago Fire<\/a>, trzeba uczciwie powiedzie\u0107, \u017ce te gole Roberta s\u0105\u2026 wym\u0119czone. Naprawd\u0119. Niekt\u00f3re z nich wcale nie s\u0105 efektem dobrych wyst\u0119p\u00f3w Polaka, a jedynie skutkiem b\u0142ysku snajperskiego nosa, kt\u00f3rego Robert zawsze mia\u0142 i tak mu ju\u017c zostanie.<\/p>\n<p class=\"contentpart contentpart--default contentpart--text\" data-position=\"9\">W wielu spotkaniach Fire gra toczy si\u0119 poza Polkiem, jakby by\u0142 obok meczu i nie jest to na pewno kwestia niech\u0119ci partner\u00f3w do Lewandowskiego. Nie, to nie jest zamierzone.<\/p>\n<p>  <img decoding=\"async\" src=\"https:\/\/v.wpimg.pl\/X3dwLnN2d1IFFTpdYUl6R0ZNbgcnEHQREVV2TGEGbUtRT2MdOlZ2RBQUKABgQjQcDRotCStBd1IAAWMeIlM7VgwYIAorQAdEFFk_GCkQJQ\" alt=\"\" width=\"45\" height=\"58\" loading=\"lazy\"\/>  <\/p>\n<p class=\"contentpart contentpart--default contentpart--text\" data-position=\"10\">Faktem jest natomiast, \u017ce dru\u017cyna z Chicago jest dziwnie zbudowana. To zesp\u00f3\u0142 kompletnie niezbalansowany, bez wysokiej jako\u015bci pi\u0142karskiej na skrzyd\u0142ach i w drugiej linii, z zawodnikami w sk\u0142adzie, kt\u00f3rzy nie znale\u017aliby zatrudnienia np. w polskiej Ekstraklasie.<\/p>\n<p class=\"contentpart contentpart--default contentpart--text\" data-position=\"11\">To w pewien spos\u00f3b t\u0142umaczy du\u017c\u0105 bezradno\u015b\u0107 Lewandowskiego w wielu spotkaniach. Ale te\u017c nie usprawiedliwia wszystkiego. Bo pod wzgl\u0119dem sportowym wy\u015brubowana &#8211; jak na warunki MLS &#8211; ga\u017ca Roberta (16 mln dolar\u00f3w za sezon plus nawet do 4 mln w bonusach) kompletnie si\u0119 nie broni. Na dzisiaj projekt jest przep\u0142acony, to oczywiste.<\/p>\n<p class=\"contentpart contentpart--default contentpart--text\" data-position=\"12\">Ale te\u017c oczywiste jest, \u017ce oczekiwania wobec Lewandowskiego by\u0142y zbyt du\u017ce. Nierealistyczne. Kupowanie Polaka jako &#8222;wice Messiego&#8221; z nadziej\u0105, \u017ce Robert b\u0119dzie robi\u0142 na boisku tak\u0105 r\u00f3\u017cnic\u0119 jak Leo w Interze Miami, by\u0142o naiwno\u015bci\u0105, grubym nieporozumieniem albo nieznajomo\u015bci\u0105 tematu. Bo je\u015bli kto\u015b my\u015bla\u0142, \u017ce kupuje &#8222;game changera&#8221;, to znaczy, \u017ce nie ogl\u0105da\u0142 poprzedniego sezonu Roberta w barwach FC Barcelony.<\/p>\n<p>  <img decoding=\"async\" src=\"https:\/\/v.wpimg.pl\/X3dwLnN2d1IFFTpdYUl6R0ZNbgcnEHQREVV2TGEGbUtRT2MdOlZ2RBQUKABgQjQcDRotCStBd1IAAWMeIlM7VgwYIAorQAdEFFk_GCkQJQ\" alt=\"\" width=\"45\" height=\"58\" loading=\"lazy\"\/>  <\/p>\n<p class=\"contentpart contentpart--default contentpart--text\" data-position=\"13\">&#8222;Lewy&#8221; co prawda nadal mo\u017ce by\u0107 \u015bwietnym egzekutorem, lisem pola karnego, skutecznym napastnikiem, ale sam mecz\u00f3w nie wygra. Wi\u0119c pod wzgl\u0119dem rozdmuchanych oczekiwa\u0144 Amerykanie s\u0105 sami sobie winni. Nie mo\u017cna sprowadza\u0107 38-letniego pi\u0142karza w 2026 roku i liczy\u0107, \u017ce b\u0119dzie w takiej formie jak w 2020, gdy wygrywa\u0142 Lig\u0119 Mistrz\u00f3w z Bayernem. To umys\u0142owa aberracja.<\/p>\n<p class=\"contentpart contentpart--default contentpart--text\" data-position=\"14\">Skoro Amerykanie tego nie wiedzieli wcze\u015bniej, to \u017ale o nich \u015bwiadczy. Sami si\u0119 oszukali. Zrobili zakupy w niew\u0142a\u015bciwym sklepie. A reklamacji tutaj si\u0119 nie przyjmuje. &#8222;Lewy&#8221; ma dwuletni, wypasiony kontrakt w Fire i raczej sam z niego nie zrezygnuje.<\/p>\n<p class=\"contentpart contentpart--default contentpart--text\" data-position=\"15\">Niestety, im gorzej idzie Robertowi w klubie, tym gorzej tak\u017ce dla reprezentacji Polski. Bo &#8222;Lewy&#8221; czuje presj\u0119 w Ameryce. Sam ma \u015bwiadomo\u015b\u0107, \u017ce &#8222;nie dowozi&#8221; na miar\u0119 swojej p\u0142acy i na miar\u0119 pok\u0142adanych w nim oczekiwa\u0144. B\u0119dzie wi\u0119c si\u0119 stara\u0142 zrobi\u0107 co tylko si\u0119 da, by nie rozczarowa\u0107 obecnego pracodawcy i kibic\u00f3w z Chicago.<\/p>\n<p>  <img decoding=\"async\" src=\"https:\/\/v.wpimg.pl\/X3dwLnN2d1IFFTpdYUl6R0ZNbgcnEHQREVV2TGEGbUtRT2MdOlZ2RBQUKABgQjQcDRotCStBd1IAAWMeIlM7VgwYIAorQAdEFFk_GCkQJQ\" alt=\"\" width=\"45\" height=\"58\" loading=\"lazy\"\/>  <\/p>\n<p class=\"contentpart contentpart--default contentpart--text\" data-position=\"16\">Jak si\u0119 zatem zachowa wobec dylematu: co wybra\u0107 reprezentacj\u0119 czy obowi\u0105zki klubowe? By\u0107 na ca\u0142ym najbli\u017cszym zgrupowaniu kadry, czyli od 21 wrze\u015bnia do 5 pa\u017adziernika czy te\u017c wyjecha\u0107 wcze\u015bniej i zd\u0105\u017cy\u0107 przynajmniej na zaleg\u0142y mecz z Vancouver Whitecaps (7 pa\u017adziernika)?<\/p>\n<p class=\"contentpart contentpart--default contentpart--text\" data-position=\"17\">Oznacza\u0142oby to, \u017ce &#8222;Lewy&#8221; nie b\u0119dzie do dyspozycji selekcjonera Jana Urbana na drugi mecz Polski z Bo\u015bni\u0105 (5 pa\u017adziernika). To i tak by\u0142oby rozwi\u0105zaniem z gatunku &#8222;panu Bogu \u015bwieczk\u0119, a i diab\u0142u ogarek&#8221;, bo Polak w takim wypadku i tak opu\u015bci\u0142by ligowe spotkanie MLS Charlotte \u2013 Fire (27 wrze\u015bnia). W tym ostatnim meczu m\u00f3g\u0142by zagra\u0107 wy\u0142\u0105cznie wtedy, gdyby publicznie og\u0142osi\u0142, \u017ce rezygnuje z wyst\u0119p\u00f3w w reprezentacji lub \u017ce czasowo je zawiesza.<\/p>\n<p class=\"contentpart contentpart--default contentpart--text\" data-position=\"18\">Niestety, Robert zwleka z decyzj\u0105 i do dzisiaj nie zadeklarowa\u0142, jakie ma priorytety. Zostawi\u0142 sobie bufor komfortu, \u017ceby poczeka\u0107 z takimi deklaracjami do ostatniej chwili. Tyle \u017ce d\u0142u\u017cej czeka\u0107 si\u0119 nie da, bo niebawem trzeba wysy\u0142a\u0107 powo\u0142ania na Lig\u0119 Narod\u00f3w, wi\u0119c decyzj\u0119 Lewandowskiego i tak szybko poznamy.<\/p>\n<p class=\"contentpart contentpart--default contentpart--text\" data-position=\"19\">W tzw. mi\u0119dzyczasie ju\u017c si\u0119 ko\u0142o tematu zd\u0105\u017cy\u0142o w Polsce zagotowa\u0107. &#8222;Super Express&#8221; poda\u0142 informacj\u0119, \u017ce napastnik Chicago Fire co prawda nie zamierza rezygnowa\u0107 z gry w narodowych barwach, ale z uwagi na napi\u0119ty terminarz MLS mia\u0142by wr\u00f3ci\u0107 do USA ju\u017c po pierwszym spotkaniu z Bo\u015bni\u0105 (25 wrze\u015bnia).<\/p>\n<p class=\"contentpart contentpart--default contentpart--text\" data-position=\"20\">Krytycznie na ten temat zd\u0105\u017cyli si\u0119 ju\u017c wypowiedzie\u0107 nasi dwaj byli, wielcy pi\u0142karze. Grzegorz Lato ostrzega, \u017ce wybieranie sobie mecz\u00f3w przez Roberta, w kt\u00f3rych pasuje mu zagra\u0107, jest prost\u0105 drog\u0105 do rozbicia dru\u017cyny. \u017be je\u015bli Lewandowski chce kontynuowa\u0107 wyst\u0119py w dru\u017cynie Bia\u0142o-Czerwonych, to nie mo\u017ce stawia\u0107 selekcjonerowi \u017cadnych ogranicze\u0144.<\/p>\n<p class=\"contentpart contentpart--default contentpart--text\" data-position=\"21\">Natomiast Zbigniew Boniek nazwa\u0142 ca\u0142\u0105 sytuacj\u0119 &#8222;hec\u0105&#8221;, wskazuj\u0105c, \u017ce powinno si\u0119 odby\u0107 spotkanie Jana Urbana i prezesa PZPN Cezarego Kuleszy z Robertem, by ten zadeklarowa\u0142 czy przez najbli\u017csze dwa lata b\u0119dzie gra\u0142 we wszystkich meczach reprezentacji.<\/p>\n<p class=\"contentpart contentpart--default contentpart--text\" data-position=\"22\">Tzw. otoczenie Lewandowskiego szybko zdementowa\u0142o doniesienia &#8222;Super Expressu&#8221;, ale by\u0142o to dementi bardzo oszcz\u0119dne i niepodpisane. Dowiedzieli\u015bmy si\u0119 z niego tyle, \u017ce nigdy nie by\u0142o pomys\u0142u, \u017ceby Robert przylecia\u0142 na tylko jeden z czterech najbli\u017cszych mecz\u00f3w reprezentacji w Lidze Narod\u00f3w. A co do przysz\u0142o\u015bci to tzw. otoczenie RL zaapelowa\u0142o o cierpliwo\u015b\u0107, bo niebawem wszystko si\u0119 wyja\u015bni.<\/p>\n<p class=\"contentpart contentpart--default contentpart--text\" data-position=\"23\">\u017be si\u0119 wyja\u015bni to wiemy, bo wszyscy mamy kalendarze. Po drugie w kwestii tak istotnej dla reprezentacji chcia\u0142bym, \u017ceby si\u0119 wypowiada\u0142 kto\u015b z imienia i nazwiska, bo wtedy taka publiczna deklaracja jest wi\u0105\u017c\u0105ca. Najlepiej sam Robert Lewandowski.<\/p>\n<p class=\"contentpart contentpart--default contentpart--text\" data-position=\"24\">I cho\u0107 domy\u015blam si\u0119, kto kryje si\u0119 pod zgrabnym pseudonimem &#8222;otoczenie Roberta Lewandowskiego&#8221;, domy\u015bla\u0107 si\u0119 nie musz\u0119. Po co mam zgadywa\u0107, czy to powiedzia\u0142a jego \u017cona, matka, siostra czy kt\u00f3ra\u015b z c\u00f3rek? Przecie\u017c mog\u0119 si\u0119 pomyli\u0107.<\/p>\n<p class=\"contentpart contentpart--default contentpart--text\" data-position=\"25\">Jest w tym temacie jedna, bardzo wa\u017cna kwestia. Mianowicie nie chcia\u0142bym, \u017ceby Robert Lewandowski zn\u00f3w postawi\u0142 w ma\u0142o komfortowym po\u0142o\u017ceniu Jana Urbana. Ju\u017c tak raz zrobi\u0142, gdy si\u0119 sp\u00f3\u017ani\u0142 na zgrupowanie kadry przed wa\u017cnymi meczami eliminacji do mundialu w listopadzie 2025, bo patriotycznie &#8211; a jak\u017ce by inaczej &#8211; musia\u0142 roz\u015bwietla\u0107 na bia\u0142o-czerwono Empire State Building w Nowym Jorku. Urban nie robi\u0142 o to afery, ale swoje na pewno pomy\u015bla\u0142.<\/p>\n<p class=\"contentpart contentpart--default contentpart--text\" data-position=\"26\">&#8222;Lewy&#8221; ju\u017c wcze\u015bniej miewa\u0142 inne &#8222;obowi\u0105zki&#8221;, gdy wybiera\u0142 sobie mecze kadry. Jak to si\u0119 sko\u0144czy\u0142o dla Micha\u0142a Probierza pami\u0119tamy. A inny selekcjoner Paulo Sousa zgodzi\u0142 si\u0119 na absencj\u0119 &#8222;Lewego&#8221; w spotkaniu z W\u0119grami, bo Portugalczyk mia\u0142 to wtedy w g\u0142\u0119bokim powa\u017caniu. On ju\u017c sam mentalnie si\u0119 ewakuowa\u0142 z Polski do nowej roboty w Brazylii.<\/p>\n<p class=\"contentpart contentpart--default contentpart--text\" data-position=\"27\">Nie zrzucajmy zatem ponownie na barki Jana Urbana tego ci\u0119\u017caru, \u017ceby to selekcjoner musia\u0142 decydowa\u0107 co zrobi\u0107 z t\u0105 &#8211; jak to okre\u015bli\u0142 Boniek &#8211; &#8222;hec\u0105&#8221;. To nie jest pytanie wy\u0142\u0105cznie do selekcjonera i do prezesa PZPN czy pozwalamy komukolwiek (nawet je\u015bli si\u0119 nazywa Robert Lewandowski) wybiera\u0107 sobie mecze reprezentacji, w kt\u00f3rych pasuje mu zagra\u0107.<\/p>\n<p class=\"contentpart contentpart--default contentpart--text\" data-position=\"28\">To jest pytanie do ka\u017cdego z was drodzy czytelnicy, bo to jest reprezentacja nas wszystkich, a nie tylko Urbana czy Kuleszy. Jak wy si\u0119 z tym czujecie?<\/p>\n<p class=\"contentpart contentpart--default contentpart--text\" data-position=\"29\">Mo\u017ce uwa\u017cacie, \u017ce jest tak, i\u017c Robert jest na tyle wyj\u0105tkowy oraz zas\u0142u\u017cony, \u017ce trzeba mu na to pozwoli\u0107 i niech gra, kiedy mo\u017ce i kiedy chce, bo i tak nie mamy lepszych. Czy tak?<\/p>\n<p class=\"contentpart contentpart--default contentpart--text\" data-position=\"30\">A mo\u017ce jest zupe\u0142nie inaczej: w kwestii reprezentacji Polski macie podej\u015bcie zasadnicze i uwa\u017cacie, \u017ce tu nie ma miejsca na kompromisy i priorytety musz\u0105 by\u0107 jasne i publicznie sprecyzowane.<\/p>\n<p class=\"contentpart contentpart--default contentpart--text\" data-position=\"31\">Na spraw\u0119 mo\u017cna patrze\u0107 r\u00f3\u017cnie, mo\u017cna mie\u0107 odmienne punkty widzenia. Jestem to w stanie zrozumie\u0107, cho\u0107 wydaje mi si\u0119, \u017ce np. taki Luka Modri\u0107 w kwestii reprezentacji Chorwacji nie mia\u0142by \u017cadnych rozterek. Ale nie o Modricia tu chodzi.<\/p>\n<p class=\"contentpart contentpart--default contentpart--text\" data-position=\"32\">Chodzi o nasze podej\u015bcie do kadry. Bo je\u015bli rozstrzygamy w tak istotnej kwestii dotycz\u0105cej najwa\u017cniejszej dru\u017cyny w kraju, to zr\u00f3bmy to transparentnie, przy otwartej kurtynie.<\/p>\n<p class=\"contentpart contentpart--default contentpart--text\" data-position=\"33\">Niech Robert zwo\u0142a konferencj\u0119 prasow\u0105, niech na\u015bwietli sw\u00f3j punkt widzenia, niech si\u0119 odb\u0119dzie dyskusja, niech po\u015bcieraj\u0105 si\u0119 opinie.<\/p>\n<p class=\"contentpart contentpart--default contentpart--text\" data-position=\"34\">Reprezentacji Polski w ostatnich latach najbardziej szkodzi\u0142y kwestie skrywane, rozstrzygane pok\u0105tnie, w zaciszu gabinet\u00f3w, w hotelowych pokojach, w szatni. Cho\u0107by s\u0142ynne dzielenie na mundialu pieni\u0119dzy obiecanych przez premiera Morawieckiego albo afera helsi\u0144ska, gdy pogubi\u0142 si\u0119 nie tylko Micha\u0142 Probierz, ale te\u017c kilku lider\u00f3w kadry. Nawet taki facet z krwi i ko\u015bci jak Adam Nawa\u0142ka nie potrafi\u0142 z klas\u0105 przeprowadzi\u0107 operacji odebrania opaski kapitana reprezentacji Kubie B\u0142aszczykowskiemu. Bo to te\u017c by\u0142o wtedy tajne przez poufne, kuluarowe, ukrywane przed g\u0142\u00f3wnym zainteresowanym. Niepotrzebnie.<\/p>\n<p class=\"contentpart contentpart--default contentpart--text\" data-position=\"35\">Ju\u017c czas, \u017ceby\u015bmy zacz\u0119li o reprezentacji Polski rozmawia\u0107 transparentnie. Nic o nas, bez nas, bo reprezentacja to nasza dru\u017cyna. Rozmawiajmy zatem otwarcie o tym, co nam pasuje, a co jest totalnym przegi\u0119ciem. Rozmawiajmy o tym szczerze z szacunku zar\u00f3wno dla kadry jak i dla samego Roberta Lewandowskiego.<\/p>\n<p class=\"contentpart contentpart--default contentpart--text\" data-position=\"36\">Dariusz Tuzimek, WP SportoweFakty<\/p>\n","protected":false},"excerpt":{"rendered":"Niekt\u00f3re spotkania MLS wygl\u0105daj\u0105 jak szkolne mecze w podstaw\u00f3wce, gdy klasa gra na klas\u0119. Jest du\u017co entuzjazmu, radosnego&hellip;\n","protected":false},"author":2,"featured_media":670919,"comment_status":"","ping_status":"","sticky":false,"template":"","format":"standard","meta":{"footnotes":"","_share_on_mastodon":"0"},"categories":[24],"tags":[31286,51304,541,12740,269,42,38,40,39,41,537,539,273,127,126],"class_list":["post-670918","post","type-post","status-publish","format-standard","has-post-thumbnail","category-sport","tag-chicago-fire","tag-dariusz-tuzimek","tag-kadra-polski","tag-major-league-soccer","tag-pilka-nozna","tag-pl","tag-poland","tag-polish","tag-polska","tag-polski","tag-reprezentacja-polski","tag-reprezentacje","tag-robert-lewandowski","tag-sport","tag-sports"],"share_on_mastodon":{"url":"https:\/\/pubeurope.com\/@pl\/117223632801511096","error":""},"_links":{"self":[{"href":"https:\/\/www.europesays.com\/pl\/wp-json\/wp\/v2\/posts\/670918","targetHints":{"allow":["GET"]}}],"collection":[{"href":"https:\/\/www.europesays.com\/pl\/wp-json\/wp\/v2\/posts"}],"about":[{"href":"https:\/\/www.europesays.com\/pl\/wp-json\/wp\/v2\/types\/post"}],"author":[{"embeddable":true,"href":"https:\/\/www.europesays.com\/pl\/wp-json\/wp\/v2\/users\/2"}],"replies":[{"embeddable":true,"href":"https:\/\/www.europesays.com\/pl\/wp-json\/wp\/v2\/comments?post=670918"}],"version-history":[{"count":0,"href":"https:\/\/www.europesays.com\/pl\/wp-json\/wp\/v2\/posts\/670918\/revisions"}],"wp:featuredmedia":[{"embeddable":true,"href":"https:\/\/www.europesays.com\/pl\/wp-json\/wp\/v2\/media\/670919"}],"wp:attachment":[{"href":"https:\/\/www.europesays.com\/pl\/wp-json\/wp\/v2\/media?parent=670918"}],"wp:term":[{"taxonomy":"category","embeddable":true,"href":"https:\/\/www.europesays.com\/pl\/wp-json\/wp\/v2\/categories?post=670918"},{"taxonomy":"post_tag","embeddable":true,"href":"https:\/\/www.europesays.com\/pl\/wp-json\/wp\/v2\/tags?post=670918"}],"curies":[{"name":"wp","href":"https:\/\/api.w.org\/{rel}","templated":true}]}}