{"id":670920,"date":"2026-09-06T10:30:13","date_gmt":"2026-09-06T10:30:13","guid":{"rendered":"https:\/\/www.europesays.com\/pl\/670920\/"},"modified":"2026-09-06T10:30:13","modified_gmt":"2026-09-06T10:30:13","slug":"graly-w-hitach-tvn-co-slychac-u-gwiazd-seriali-julia-i-majka","status":"publish","type":"post","link":"https:\/\/www.europesays.com\/pl\/670920\/","title":{"rendered":"Gra\u0142y w hitach TVN. Co s\u0142ycha\u0107 u gwiazd seriali &#8222;Julia&#8221; i &#8222;Majka&#8221;?"},"content":{"rendered":"<p>Kilkana\u015bcie lat temu Julia Rosnowska i Joanna Osyda skrad\u0142y serca milion\u00f3w widz\u00f3w, wcielaj\u0105c si\u0119 w tytu\u0142owe role w popularnych telenowelach TVN. B\u0119d\u0105c jeszcze na studiach, m\u0142ode aktorki z dnia na dzie\u0144 trafi\u0142y na sam szczyt popularno\u015bci i sta\u0142y si\u0119 rozpoznawalnymi twarzami telewizji. Ostatnio gwiazdy go\u015bci\u0142y w &#8222;Dzie\u0144 Dobry TVN&#8221;, gdzie powr\u00f3ci\u0142y wspomnieniami do wycie\u0144czaj\u0105cych casting\u00f3w oraz zdradzi\u0142y, czy planuj\u0105 wielki powr\u00f3t na ekrany.<\/p>\n<p>    <img decoding=\"async\" src=\"https:\/\/www.europesays.com\/pl\/wp-content\/uploads\/2026\/09\/NTE5YmVjYTUkVy9eeRFsIGcPewQ_SGJ2MBdjT3lbfGR1TW9aY0UoPSlQKwgmBWAzN0ApDCEaYCQpGjgdP0U4ZWpRMB4mBi8talA0.jpeg\" width=\"1200\" height=\"675\" loading=\"eager\" fetchpriority=\"high\" class=\"wp-media-image\" alt=\"Co s\u0142ycha\u0107 u aktorek z &quot;Julii&quot; i &quot;Majki&quot;?\"\/>Co s\u0142ycha\u0107 u aktorek z &#8222;Julii&#8221; i &#8222;Majki&#8221;?<\/p>\n<p>\u0179r\u00f3d\u0142o zdj\u0119\u0107: \u00a9 DDTVN<\/p>\n<p>  <img loading=\"lazy\" decoding=\"async\" src=\"https:\/\/www.europesays.com\/pl\/wp-content\/uploads\/2026\/09\/YTQwOWI5djUwFTlkZk57IHNNbT4gF3V2JFV1dWYBaSxlR2AxIFk8JjQHIHkuRywkMAA_eTlZdjUhHmAheBo9PSIHIzYwGjw5MxIr.jpeg\"  alt=\"Eldorado\" height=\"40\" width=\"40\" class=\"rounded-full select-none text-[--color-gray-700] bg-[--bg-content] wp-author-avatar\"\/>25 komentarzy  Udost\u0119pnij na Facebooku    Udost\u0119pnij na X   Udost\u0119pnij na WhatsApp   Kopiuj link <\/p>\n","protected":false},"excerpt":{"rendered":"Kilkana\u015bcie lat temu Julia Rosnowska i Joanna Osyda skrad\u0142y serca milion\u00f3w widz\u00f3w, wcielaj\u0105c si\u0119 w tytu\u0142owe role w&hellip;\n","protected":false},"author":2,"featured_media":670921,"comment_status":"","ping_status":"","sticky":false,"template":"","format":"standard","meta":{"footnotes":"","_share_on_mastodon":"0"},"categories":[22],"tags":[122,42,38,40,39,41,123],"class_list":["post-670920","post","type-post","status-publish","format-standard","has-post-thumbnail","category-rozrywka","tag-entertainment","tag-pl","tag-poland","tag-polish","tag-polska","tag-polski","tag-rozrywka"],"share_on_mastodon":{"url":"https:\/\/pubeurope.com\/@pl\/117223635494033224","error":""},"_links":{"self":[{"href":"https:\/\/www.europesays.com\/pl\/wp-json\/wp\/v2\/posts\/670920","targetHints":{"allow":["GET"]}}],"collection":[{"href":"https:\/\/www.europesays.com\/pl\/wp-json\/wp\/v2\/posts"}],"about":[{"href":"https:\/\/www.europesays.com\/pl\/wp-json\/wp\/v2\/types\/post"}],"author":[{"embeddable":true,"href":"https:\/\/www.europesays.com\/pl\/wp-json\/wp\/v2\/users\/2"}],"replies":[{"embeddable":true,"href":"https:\/\/www.europesays.com\/pl\/wp-json\/wp\/v2\/comments?post=670920"}],"version-history":[{"count":0,"href":"https:\/\/www.europesays.com\/pl\/wp-json\/wp\/v2\/posts\/670920\/revisions"}],"wp:featuredmedia":[{"embeddable":true,"href":"https:\/\/www.europesays.com\/pl\/wp-json\/wp\/v2\/media\/670921"}],"wp:attachment":[{"href":"https:\/\/www.europesays.com\/pl\/wp-json\/wp\/v2\/media?parent=670920"}],"wp:term":[{"taxonomy":"category","embeddable":true,"href":"https:\/\/www.europesays.com\/pl\/wp-json\/wp\/v2\/categories?post=670920"},{"taxonomy":"post_tag","embeddable":true,"href":"https:\/\/www.europesays.com\/pl\/wp-json\/wp\/v2\/tags?post=670920"}],"curies":[{"name":"wp","href":"https:\/\/api.w.org\/{rel}","templated":true}]}}