{"id":670928,"date":"2026-09-06T10:34:21","date_gmt":"2026-09-06T10:34:21","guid":{"rendered":"https:\/\/www.europesays.com\/pl\/670928\/"},"modified":"2026-09-06T10:34:21","modified_gmt":"2026-09-06T10:34:21","slug":"dramat-na-dozynkach-w-reczu-nowe-ustalenia-budza-groze-trwaja-czynnosci","status":"publish","type":"post","link":"https:\/\/www.europesays.com\/pl\/670928\/","title":{"rendered":"Dramat na do\u017cynkach w Reczu. Nowe ustalenia budz\u0105 groz\u0119. &#8222;Trwaj\u0105 czynno\u015bci&#8221;"},"content":{"rendered":"<p>Do\u017cynki w Reczu by\u0142y zapowiadane od wielu dni. Mieszka\u0144c\u00f3w zaprasza\u0142 na nie sam burmistrz. <a href=\"https:\/\/www.fakt.pl\/wydarzenia\/polska\/szczecin\/dramat-na-dozynkach-w-reczu-wiatr-wyrywal-namioty-cztery-osoby-ranne\/zrp9pcf\" id=\"ad1dd044-d64a-477c-8653-fb0815ae9c95\" rel=\"nofollow noopener\" target=\"_blank\">Kolorowe plakaty umieszczano na ulicach i publikowano w mediach spo\u0142eczno\u015bciowych. Mia\u0142a by\u0107 huczna impreza.<\/a> &#8222;Fakt&#8221; ustali\u0142, \u017ce meteorologowie ostrzegali o niebezpiecznej aurze, kt\u00f3ra ma nawiedzi\u0107 woj. zachodniopomorskie. Niekt\u00f3re okoliczne gminy w\u0142a\u015bnie z tego wzgl\u0119du odwo\u0142a\u0142y do\u017cynki \u2014 sta\u0142o si\u0119 tak m.in. w Gorzycy, w gminie Malechowo, i w Barzowicach, w gminie Dar\u0142owo.Dalszy ci\u0105g artyku\u0142u pod materia\u0142em wideoDramat na do\u017cynkach w Reczu. Reanimacja 44-latka. Nowe informacje<a href=\"https:\/\/www.fakt.pl\/\" title=\"Strona G\u0142\u00f3wna\" aria-label=\"Strona G\u0142\u00f3wna\" data-astro-prefetch=\"tap\" class=\"ods-a-logo-main-desktop\" rel=\"nofollow noopener\" target=\"_blank\"><img src=\"https:\/\/cdn.fakt.pl\/img\/Logo_desktop_Fakt.svg\" class=\"ods-a-logo-main-desktop__image\" alt=\"Logo\" width=\"107\" height=\"86\" fetchpriority=\"high\" decoding=\"sync\" style=\"height:86px\"\/><\/a><\/p>\n<p class=\"ods-m-google-article__text\">Czytaj nas cz\u0119\u015bciej w Google<\/p>\n<p><a href=\"https:\/\/google.com\/preferences\/source?q=fakt.pl\" target=\"_blank\" rel=\"noopener noreferrer nofollow\" aria-label=\"Dodaj w Google\" title=\"Dodaj w Google\" class=\"ods-a-button ods-a-button__primary ods-a-button__default ods-a-button-l\">Dodaj w Google<\/a><\/p>\n<p>Dlaczego organizator z Recza zrobi\u0142 inaczej? To wszystko ustala policja pod nadzorem Prokuratury Rejonowej w Choszcznie.<\/p>\n<blockquote class=\"ods-o-quote\">\n<p class=\"ods-o-quote__paragraph\">Na miejscu wci\u0105\u017c trwaj\u0105 policyjne czynno\u015bci pod nadzorem Prokuratury Rejonowej w Choszcznie. Wyja\u015bniamy okoliczno\u015bci tego zdarzenia. Przes\u0142uchiwani s\u0105 \u015bwiadkowie. Policjanci wst\u0119pnie ustalili, \u017ce do\u017cynki by\u0142y organizowane przez dyrektora Miejsko-Gminnego O\u015brodka Kultury i Sportu w Reczu. Mamy informacj\u0119, \u017ce organizator nie otrzyma\u0142 ostrze\u017ce\u0144 o niebezpiecznych zjawiskach pogodowych, ale trwaj\u0105 czynno\u015bci maj\u0105ce wyja\u015bni\u0107 wszystkie okoliczno\u015bci tego zdarzenia<\/p>\n<\/blockquote>\n<p>\u2014 m\u00f3wi &#8222;Faktowi&#8221; st. post. Milena Kr\u00f3likowska z policji w Choszcznie.<\/p>\n<p>Ludzie ranni na do\u017cynkach w Reczu. Wszystko przez wiatr<\/p>\n<p>Wszystko rozpocz\u0119\u0142o si\u0119 w sobot\u0119, 5 wrze\u015bnia, o godz. 14 msz\u0105 \u015bwi\u0119t\u0105. W programie by\u0142y m.in. koncerty, biesiada, rozstrzygni\u0119cie konkursu na wieniec do\u017cynkowy i turniej so\u0142ectw. To w trakcie tej imprezy rozegra\u0142 si\u0119 dramat. Ok. godz. 17 zerwa\u0142a si\u0119 wichura i niszczy\u0142a wszystko, co tak pieczo\u0142owicie przygotowywano. Wiatr przewraca\u0142 namioty, \u0142ama\u0142 ga\u0142\u0119zie. Ucierpia\u0142y cztery osoby. 44-latek zosta\u0142 przygnieciony przez namiot, uderzy\u0142 g\u0142ow\u0105 w drewnian\u0105 \u0142awk\u0119 i przesta\u0142 oddycha\u0107.<\/p>\n<p><a href=\"https:\/\/www.fakt.pl\/wydarzenia\/polska\/trojmiasto\/dziecko-nagle-wybieglo-na-jezdnie-dramatyczne-sceny-w-gdyni\/gt041rs\" id=\"bd06207c-8a44-474e-aed5-b1d50aa8c8ef\" rel=\"nofollow noopener\" target=\"_blank\">Dziecko wybieg\u0142o na jezdni\u0119 wprost pod samoch\u00f3d. Dramatyczne sceny w Gdyni<\/a><\/p>\n<p>\u2014 M\u0119\u017cczyzna by\u0142 reanimowany na miejscu. Przywr\u00f3cono mu funkcje \u017cyciowe i \u015bmig\u0142owcem zosta\u0142 przetransportowany do szpitala. 44-latek jest w ci\u0119\u017ckim stanie \u2014 przekaza\u0142a &#8222;Faktowi&#8221; st. post. Milena Kr\u00f3likowska z policji w Choszcznie. \u2014 Dwie inne osoby te\u017c zosta\u0142y karetkami przetransportowane do szpitali, a kolejna zg\u0142osi\u0142a si\u0119 tam sama.<\/p>\n<p>Pr\u00f3bowali\u015bmy skontaktowa\u0107 si\u0119 z organizatorem do\u017cynek w Reczu. Je\u015bli tylko otrzymamy jego stanowisko, to na pewno je opublikujemy.<\/p>\n<p><a href=\"https:\/\/www.fakt.pl\/wydarzenia\/pogoda\/burze-i-porywisty-wiatr-nad-polska-wydano-ostrzezenia-imgw-na-weekend\/vdbrjje\" id=\"4efb2235-db28-49b5-80e6-aa3f03a8ec27\" rel=\"nofollow noopener\" target=\"_blank\">IMGW ostrzega dziewi\u0119\u0107 wojew\u00f3dztw przed burzami. Silny wiatr i burze<\/a>1\/11<img class=\"ods-a-photo ods-a-photo--background\" src=\"https:\/\/www.europesays.com\/pl\/wp-content\/uploads\/2026\/09\/qpLk9lGaHR0cHM6Ly9vY2RuLmV1L3B1bHNjbXMvTURBXy82Y2E1Y2NmMS1kOGQ5LTRiNjYtYWI0Ny1hY2JhY2E2ZTc2MWQuanBlZ.jpeg\" height=\"529\" width=\"940\" alt=\"Skutki wichury na do\u017cynkach w Reczu. \" loading=\"lazy\" fetchpriority=\"auto\" decoding=\"auto\" url=\"https:\/\/ocdn.eu\/pulscms\/MDA_\/6ca5ccf1-d8d9-4b66-ab47-acbaca6e761d.jpeg\" description=\"Skutki wichury na do\u017cynkach w Reczu. \" author=\"OSP Recz\" source=\"\"\/><\/p>\n<p>OSP Recz<\/p>\n<p>Skutki wichury na do\u017cynkach w Reczu. <\/p>\n<p>2\/11<img class=\"ods-a-photo ods-a-photo--background\" src=\"https:\/\/www.europesays.com\/pl\/wp-content\/uploads\/2026\/09\/3TFk9lGaHR0cHM6Ly9vY2RuLmV1L3B1bHNjbXMvTURBXy8yMzMzYTI0My00YTk0LTQwZjEtYmM4Ni1hY2UzN2Y3ZDVlZmUuanBlZ.jpeg\" height=\"531\" width=\"940\" alt=\"Skutki wichury na do\u017cynkach w Reczu. \" loading=\"lazy\" fetchpriority=\"auto\" decoding=\"auto\" url=\"https:\/\/ocdn.eu\/pulscms\/MDA_\/2333a243-4a94-40f1-bc86-ace37f7d5efe.jpeg\" description=\"Skutki wichury na do\u017cynkach w Reczu. \" author=\"OSP Recz\" source=\"\"\/><\/p>\n<p>OSP Recz<\/p>\n<p>Skutki wichury na do\u017cynkach w Reczu. <\/p>\n<p>3\/11<img class=\"ods-a-photo ods-a-photo--background\" src=\"https:\/\/www.europesays.com\/pl\/wp-content\/uploads\/2026\/09\/PTmk9lGaHR0cHM6Ly9vY2RuLmV1L3B1bHNjbXMvTURBXy8yN2RjMDM3Zi04MGI2LTQ4OWItOWJhMS1lNmEzOWRjOWJiZjkuanBlZ.jpeg\" height=\"800\" width=\"600\" alt=\"Wichura w Zachodniopomorskiem \u0142ama\u0142a ga\u0142\u0119zie. Stra\u017cacy mieli r\u0119ce pe\u0142ne roboty. \" loading=\"lazy\" fetchpriority=\"auto\" decoding=\"auto\" url=\"https:\/\/ocdn.eu\/pulscms\/MDA_\/27dc037f-80b6-489b-9ba1-e6a39dc9bbf9.jpeg\" description=\"Wichura w Zachodniopomorskiem \u0142ama\u0142a ga\u0142\u0119zie. Stra\u017cacy mieli r\u0119ce pe\u0142ne roboty. \" author=\"OSP Recz\" source=\"\"\/><\/p>\n<p>OSP Recz<\/p>\n<p>Wichura w Zachodniopomorskiem \u0142ama\u0142a ga\u0142\u0119zie. Stra\u017cacy mieli r\u0119ce pe\u0142ne roboty. <\/p>\n<p>4\/11<img class=\"ods-a-photo ods-a-photo--background\" src=\"https:\/\/www.europesays.com\/pl\/wp-content\/uploads\/2026\/09\/R3tk9lGaHR0cHM6Ly9vY2RuLmV1L3B1bHNjbXMvTURBXy8xZDhhOTc4MS01NGY1LTQ3ZDctOWFiMy04OTg1ODQ0MzljZDYuanBlZ.jpeg\" height=\"531\" width=\"940\" alt=\"Skutki wichury na do\u017cynkach w Reczu. \" loading=\"lazy\" fetchpriority=\"auto\" decoding=\"auto\" url=\"https:\/\/ocdn.eu\/pulscms\/MDA_\/1d8a9781-54f5-47d7-9ab3-898584439cd6.jpeg\" description=\"Skutki wichury na do\u017cynkach w Reczu. \" author=\"OSP Recz\" source=\"\"\/><\/p>\n<p>OSP Recz<\/p>\n<p>Skutki wichury na do\u017cynkach w Reczu. <\/p>\n<p>5\/11<img class=\"ods-a-photo ods-a-photo--background\" src=\"https:\/\/www.europesays.com\/pl\/wp-content\/uploads\/2026\/09\/0PVk9lGaHR0cHM6Ly9vY2RuLmV1L3B1bHNjbXMvTURBXy9hNDI4YWQ0NC0yYWE1LTRlMWYtOGI3ZS02NTFlNWFhZDFiNWUuanBlZ.jpeg\" height=\"800\" width=\"600\" alt=\"Skutki wichury na do\u017cynkach w Reczu. Poszkodowane zosta\u0142y cztery osoby. \" loading=\"lazy\" fetchpriority=\"auto\" decoding=\"auto\" url=\"https:\/\/ocdn.eu\/pulscms\/MDA_\/a428ad44-2aa5-4e1f-8b7e-651e5aad1b5e.jpeg\" description=\"Skutki wichury na do\u017cynkach w Reczu. Poszkodowane zosta\u0142y cztery osoby. \" author=\"OSP Recz\" source=\"\"\/><\/p>\n<p>OSP Recz<\/p>\n<p>Skutki wichury na do\u017cynkach w Reczu. Poszkodowane zosta\u0142y cztery osoby. <\/p>\n<p>6\/11<img class=\"ods-a-photo ods-a-photo--background\" src=\"https:\/\/www.europesays.com\/pl\/wp-content\/uploads\/2026\/09\/8eqk9lGaHR0cHM6Ly9vY2RuLmV1L3B1bHNjbXMvTURBXy8wYzc0NGRmOS0wNzJjLTRjZDktYjQwMy0yYWI2NDU2NTdiNTkuanBlZ.jpeg\" height=\"531\" width=\"940\" alt=\"Skutki wichury na do\u017cynkach w Reczu. Poszkodowane zosta\u0142y cztery osoby. \" loading=\"lazy\" fetchpriority=\"auto\" decoding=\"auto\" url=\"https:\/\/ocdn.eu\/pulscms\/MDA_\/0c744df9-072c-4cd9-b403-2ab645657b59.jpeg\" description=\"Skutki wichury na do\u017cynkach w Reczu. Poszkodowane zosta\u0142y cztery osoby. \" author=\"OSP Recz\" source=\"\"\/><\/p>\n<p>OSP Recz<\/p>\n<p>Skutki wichury na do\u017cynkach w Reczu. Poszkodowane zosta\u0142y cztery osoby. <\/p>\n<p>7\/11<img class=\"ods-a-photo ods-a-photo--background\" src=\"https:\/\/www.europesays.com\/pl\/wp-content\/uploads\/2026\/09\/ffjk9lGaHR0cHM6Ly9vY2RuLmV1L3B1bHNjbXMvTURBXy83ZDQyYzQ2ZC00MDdiLTQ2YTAtYjJjZi05Zjk2ZTc4Nzg2ZGQuanBlZ.jpeg\" height=\"531\" width=\"940\" alt=\"Skutki wichury na do\u017cynkach w Reczu. Poszkodowane zosta\u0142y cztery osoby. \" loading=\"lazy\" fetchpriority=\"auto\" decoding=\"auto\" url=\"https:\/\/ocdn.eu\/pulscms\/MDA_\/7d42c46d-407b-46a0-b2cf-9f96e78786dd.jpeg\" description=\"Skutki wichury na do\u017cynkach w Reczu. Poszkodowane zosta\u0142y cztery osoby. \" author=\"OSP Recz\" source=\"\"\/><\/p>\n<p>OSP Recz<\/p>\n<p>Skutki wichury na do\u017cynkach w Reczu. Poszkodowane zosta\u0142y cztery osoby. <\/p>\n<p>8\/11<img class=\"ods-a-photo ods-a-photo--background\" src=\"https:\/\/www.europesays.com\/pl\/wp-content\/uploads\/2026\/09\/cPCk9lGaHR0cHM6Ly9vY2RuLmV1L3B1bHNjbXMvTURBXy8zNmY5NjQwYy05ZGNkLTQ3ODgtOGViZS04NDVkMDc2NjlhM2IuanBlZ.jpeg\" height=\"800\" width=\"566\" alt=\"Tak zapowiadano do\u017cynki w Reczu. \" loading=\"lazy\" fetchpriority=\"auto\" decoding=\"auto\" url=\"https:\/\/ocdn.eu\/pulscms\/MDA_\/36f9640c-9dcd-4788-8ebe-845d07669a3b.jpeg\" description=\"Tak zapowiadano do\u017cynki w Reczu. \" author=\"Facebook\" source=\"\"\/><\/p>\n<p>Facebook<\/p>\n<p>Tak zapowiadano do\u017cynki w Reczu. <\/p>\n<p>9\/11<img class=\"ods-a-photo ods-a-photo--background\" src=\"https:\/\/www.europesays.com\/pl\/wp-content\/uploads\/2026\/09\/esWk9lGaHR0cHM6Ly9vY2RuLmV1L3B1bHNjbXMvTURBXy8zN2Y0NGYxOS1iZTY0LTQwMDYtYThjZi1hMDk4MDQ1ZTE1ODAuanBlZ.jpeg\" height=\"705\" width=\"940\" alt=\"Do\u017cynki w Gorzycy w gminie Malechowo odwo\u0142ano z uwagi na wiatr. \" loading=\"lazy\" fetchpriority=\"auto\" decoding=\"auto\" url=\"https:\/\/ocdn.eu\/pulscms\/MDA_\/37f44f19-be64-4006-a8cf-a098045e1580.jpeg\" description=\"Do\u017cynki w Gorzycy w gminie Malechowo odwo\u0142ano z uwagi na wiatr. \" author=\"Facebook\" source=\"\"\/><\/p>\n<p>Facebook<\/p>\n<p>Do\u017cynki w Gorzycy w gminie Malechowo odwo\u0142ano z uwagi na wiatr. <\/p>\n<p>10\/11<img class=\"ods-a-photo ods-a-photo--background\" src=\"https:\/\/www.europesays.com\/pl\/wp-content\/uploads\/2026\/09\/XE5k9lGaHR0cHM6Ly9vY2RuLmV1L3B1bHNjbXMvTURBXy84MzFmNDhjOS03YjQ4LTRiZDAtYjc0Mi1kNWM1YTlkMmNlOWYuanBlZ.jpeg\" height=\"800\" width=\"564\" alt=\"Do\u017cynki w Barzowicach w gminie Dar\u0142owo odwo\u0142ano z uwagi na niebezpieczn\u0105 pogod\u0119. \" loading=\"lazy\" fetchpriority=\"auto\" decoding=\"auto\" url=\"https:\/\/ocdn.eu\/pulscms\/MDA_\/831f48c9-7b48-4bd0-b742-d5c5a9d2ce9f.jpeg\" description=\"Do\u017cynki w Barzowicach w gminie Dar\u0142owo odwo\u0142ano z uwagi na niebezpieczn\u0105 pogod\u0119. \" author=\"Facebook\" source=\"\"\/><\/p>\n<p>Facebook<\/p>\n<p>Do\u017cynki w Barzowicach w gminie Dar\u0142owo odwo\u0142ano z uwagi na niebezpieczn\u0105 pogod\u0119. <\/p>\n<p>11\/11<img class=\"ods-a-photo ods-a-photo--background\" src=\"https:\/\/www.europesays.com\/pl\/wp-content\/uploads\/2026\/09\/Vx2k9lGaHR0cHM6Ly9vY2RuLmV1L3B1bHNjbXMvTURBXy84NzRmZGM0Mi03YzE0LTQ3YWMtYTBlZS02NTc3MTNkNmU2MGEuanBlZ.jpeg\" height=\"800\" width=\"600\" alt=\"Taka by\u0142a prognoza meteorolog\u00f3w. \" loading=\"lazy\" fetchpriority=\"auto\" decoding=\"auto\" url=\"https:\/\/ocdn.eu\/pulscms\/MDA_\/874fdc42-7c14-47ac-a0ee-657713d6e60a.jpeg\" description=\"Taka by\u0142a prognoza meteorolog\u00f3w. \" author=\"Facebook\" source=\"\"\/><\/p>\n<p>Facebook<\/p>\n<p>Taka by\u0142a prognoza meteorolog\u00f3w. <\/p>\n","protected":false},"excerpt":{"rendered":"Do\u017cynki w Reczu by\u0142y zapowiadane od wielu dni. Mieszka\u0144c\u00f3w zaprasza\u0142 na nie sam burmistrz. Kolorowe plakaty umieszczano na&hellip;\n","protected":false},"author":2,"featured_media":670929,"comment_status":"","ping_status":"","sticky":false,"template":"","format":"standard","meta":{"footnotes":"","_share_on_mastodon":"0"},"categories":[12],"tags":[61195,32,33,130140,36,37,6705,27,34,35,28,31,25,46,129234,42,38,414,40,39,41,47,2307,29,111182,30,26,9257,1092],"class_list":["post-670928","post","type-post","status-publish","format-standard","has-post-thumbnail","category-polska","tag-bottomfeed_styl","tag-breaking-news","tag-breakingnews","tag-choszczno","tag-featured-news","tag-featurednews","tag-gmina","tag-headlines","tag-latest-news","tag-latestnews","tag-naglowki","tag-najwazniejsze-artykuly","tag-news","tag-omp","tag-omp_tst2","tag-pl","tag-poland","tag-policja","tag-polish","tag-polska","tag-polski","tag-screening_general","tag-szczecin","tag-top-stories","tag-topbar_tst1","tag-topstories","tag-wiadomosci","tag-wiatr","tag-wydarzenia"],"share_on_mastodon":{"url":"https:\/\/pubeurope.com\/@pl\/117223653102281882","error":""},"_links":{"self":[{"href":"https:\/\/www.europesays.com\/pl\/wp-json\/wp\/v2\/posts\/670928","targetHints":{"allow":["GET"]}}],"collection":[{"href":"https:\/\/www.europesays.com\/pl\/wp-json\/wp\/v2\/posts"}],"about":[{"href":"https:\/\/www.europesays.com\/pl\/wp-json\/wp\/v2\/types\/post"}],"author":[{"embeddable":true,"href":"https:\/\/www.europesays.com\/pl\/wp-json\/wp\/v2\/users\/2"}],"replies":[{"embeddable":true,"href":"https:\/\/www.europesays.com\/pl\/wp-json\/wp\/v2\/comments?post=670928"}],"version-history":[{"count":0,"href":"https:\/\/www.europesays.com\/pl\/wp-json\/wp\/v2\/posts\/670928\/revisions"}],"wp:featuredmedia":[{"embeddable":true,"href":"https:\/\/www.europesays.com\/pl\/wp-json\/wp\/v2\/media\/670929"}],"wp:attachment":[{"href":"https:\/\/www.europesays.com\/pl\/wp-json\/wp\/v2\/media?parent=670928"}],"wp:term":[{"taxonomy":"category","embeddable":true,"href":"https:\/\/www.europesays.com\/pl\/wp-json\/wp\/v2\/categories?post=670928"},{"taxonomy":"post_tag","embeddable":true,"href":"https:\/\/www.europesays.com\/pl\/wp-json\/wp\/v2\/tags?post=670928"}],"curies":[{"name":"wp","href":"https:\/\/api.w.org\/{rel}","templated":true}]}}