{"id":670930,"date":"2026-09-06T10:35:13","date_gmt":"2026-09-06T10:35:13","guid":{"rendered":"https:\/\/www.europesays.com\/pl\/670930\/"},"modified":"2026-09-06T10:35:13","modified_gmt":"2026-09-06T10:35:13","slug":"lavarini-rzucil-butelka-z-woda-teraz-wyjasnia-dlaczego-siatkowka","status":"publish","type":"post","link":"https:\/\/www.europesays.com\/pl\/670930\/","title":{"rendered":"Lavarini rzuci\u0142 butelk\u0105 z wod\u0105. Teraz wyja\u015bnia dlaczego Siatk\u00f3wka"},"content":{"rendered":"<p class=\"art_paragraph\">Aktualne mistrzynie \u015bwiata i olimpijskie &#8211; W\u0142oszki okaza\u0142y si\u0119 za mocne dla polskich <a href=\"https:\/\/www.sport.pl\/siatkarki#anchorLink\" rel=\"nofollow noopener\" target=\"_blank\">siatkarek<\/a> w p\u00f3\u0142finale mistrzostw Europy. Bia\u0142o-Czerwone przegra\u0142y 1:3. &#8222;- Julia Szczurowska robi \u015bwietn\u0105 robot\u0119, w tej krwi buzuje ca\u0142y czas. Ale jeszcze potrafi czasami si\u0119 &#8222;spali\u0107&#8221; &#8211; m\u00f3wi Sport.pl Izabela Be\u0142cik, odnosz\u0105c si\u0119 do krytyki decyzji trenera polskich siatkarek, kt\u00f3ra przybra\u0142a jeszcze na sile przed meczem o br\u0105zowy medal mistrzostw Europy. Dwukrotna z\u0142ota medalistka ME nie kryje te\u017c, \u017ce Turczynkom &#8211; w przypadku wygrania fina\u0142u &#8211; zamiast z\u0142otego kr\u0105\u017cka wr\u0119czy\u0142aby Oscara za aktorstwo&#8221; &#8211; <a href=\"https:\/\/www.sport.pl\/siatkowka\/7,64948,33006967,oburzenie-po-zachowaniu-rywalek-polek-w-me-oscar-za-aktorstwo.html\" class=\"art_link\" rel=\"dofollow noopener\" target=\"_blank\">pisa\u0142a w spostrze\u017ceniach z meczu Agnieszka Niedzia\u0142ek, dziennikarka Sport.pl. <\/a><\/p>\n<p>\n    Zobacz wideo Grand Prix PGE. Be\u0142chat\u00f3w z drugim miejscem na pla\u017cy\n  <\/p>\n<p> Lavarini rzuci\u0142 butelk\u0105 z wod\u0105. Teraz wyja\u015bnia dlaczego<\/p>\n<p class=\"art_paragraph\">Po <a href=\"https:\/\/www.sport.pl\/mecze#anchorLink\" rel=\"nofollow noopener\" target=\"_blank\">meczu<\/a> <a href=\"https:\/\/www.sport.pl\/polska#anchorLink\" rel=\"nofollow noopener\" target=\"_blank\">Polska<\/a> &#8211; W\u0142ochy g\u0142os zabra\u0142 <a href=\"https:\/\/www.sport.pl\/siatkowka\/7,64948,32969148,lavarini-zwolniony-wloski-klub-rozwiazal-z-nim-kontrakt.html#anchorLink\" rel=\"nofollow noopener\" target=\"_blank\">Stefano Lavarini<\/a>, trener Bia\u0142o-Czerwonych. Wyja\u015bni\u0142, czemu by\u0142 z\u0142y w czwartym secie, kiedy z rozmachem rzuci\u0142 butelk\u0105.<\/p>\n<p class=\"art_paragraph\">&#8211; By\u0142em z\u0142y, bo kiedy zdarza si\u0119 taka sytuacja, jest szansa, by to wykorzysta\u0107. A kiedy kolejne rozwi\u0105zania, kt\u00f3rych pr\u00f3bujesz raz po raz, nie dzia\u0142aj\u0105&#8230; To by\u0142a frustracja, kt\u00f3r\u0105 czu\u0142em w niekt\u00f3rych momentach meczu. To co\u015b oczywistego, bo wiedzieli\u015bmy, \u017ce cel by\u0142 super trudny &#8211; <a href=\"https:\/\/sport.interia.pl\/siatkowka\/mistrzostwa-europy-kobiet\/news-sfrustrowany-lavarini-rzucal-butelka-szczerze-ocenil-swoj-ze,nId,23539452\" class=\"art_link\" rel=\"nofollow noopener\" target=\"_blank\">przyzna\u0142 Lavarini w rozmowie z Interi\u0105. <\/a><\/p>\n<p class=\"art_paragraph\">Wed\u0142ug niego W\u0142oszki wci\u0105\u017c s\u0105 na innym poziomie od reprezentacji Polski &#8211; wy\u017cszym.\u00a0<\/p>\n<p class=\"art_paragraph\">&#8211; Rywalki pokaza\u0142y, \u017ce wci\u0105\u017c s\u0105 na innym poziomie. Walczyli\u015bmy, starali\u015bmy si\u0119 robi\u0107 to, co chcieli\u015bmy, ale to nie dzia\u0142a\u0142o. Albo dzia\u0142a\u0142o za ma\u0142o, by pokona\u0107 W\u0142oszki. We wszystkich elementach nas przewy\u017csza\u0142y: bloku, zagrywce, ataku. W niekt\u00f3rych momentach zdecydowanie &#8211; doda\u0142 trener reprezentacji Polski siatkarek.\u00a0<\/p>\n<p class=\"art_paragraph\">Teraz jego zesp\u00f3\u0142 w meczu o br\u0105zowy medal zmierzy si\u0119 z reprezentacj\u0105 <a href=\"https:\/\/www.sport.pl\/serbia#anchorLink\" rel=\"nofollow noopener\" target=\"_blank\">Serbii<\/a>.\u00a0<\/p>\n<p class=\"art_paragraph\">&#8211; Przed nami wielki cel. To dla nas jak fina\u0142. Zas\u0142u\u017cyli\u015bmy na to. Jest to ekscytuj\u0105ce, wi\u0119c mam nadziej\u0119, \u017ce jak najszybciej b\u0119dziemy w stanie przej\u015b\u0107 do tego spotkania i walczy\u0107 o medal. To nie jest najbardziej warto\u015bciowy medal, ale przeciwnik pokaza\u0142 w p\u00f3\u0142finale, \u017ce zas\u0142u\u017cy\u0142 na gr\u0119 o z\u0142oto bardziej ni\u017c my &#8211; powiedzia\u0142 Lavarini.\u00a0<\/p>\n<p class=\"art_paragraph\">Zobacz tak\u017ce:\u00a0<a href=\"https:\/\/www.sport.pl\/siatkowka\/7,64948,33006433,polska-ma-nowa-bohaterke-cztery-miesiace-temu-malo-kto-o-niej.html\" class=\"art_link\" rel=\"dofollow noopener\" target=\"_blank\">Polska ma now\u0105 bohaterk\u0119. Cztery miesi\u0105ce temu ma\u0142o kto o niej s\u0142ysza\u0142 <\/a><\/p>\n<p class=\"art_paragraph\">Pocz\u0105tek meczu Polska &#8211; Serbia o godz. 15. Relacja na \u017cywo na Sport.pl i w aplikacji Sport.pl LIVE.\u00a0<\/p>\n","protected":false},"excerpt":{"rendered":"Aktualne mistrzynie \u015bwiata i olimpijskie &#8211; W\u0142oszki okaza\u0142y si\u0119 za mocne dla polskich siatkarek w p\u00f3\u0142finale mistrzostw Europy.&hellip;\n","protected":false},"author":2,"featured_media":670931,"comment_status":"","ping_status":"","sticky":false,"template":"","format":"standard","meta":{"footnotes":"","_share_on_mastodon":"0"},"categories":[5],"tags":[32,33,36,37,27,34,35,28,31,25,42,38,40,39,41,29,30,26],"class_list":["post-670930","post","type-post","status-publish","format-standard","has-post-thumbnail","category-naglowki","tag-breaking-news","tag-breakingnews","tag-featured-news","tag-featurednews","tag-headlines","tag-latest-news","tag-latestnews","tag-naglowki","tag-najwazniejsze-artykuly","tag-news","tag-pl","tag-poland","tag-polish","tag-polska","tag-polski","tag-top-stories","tag-topstories","tag-wiadomosci"],"share_on_mastodon":{"url":"https:\/\/pubeurope.com\/@pl\/117223654923158438","error":""},"_links":{"self":[{"href":"https:\/\/www.europesays.com\/pl\/wp-json\/wp\/v2\/posts\/670930","targetHints":{"allow":["GET"]}}],"collection":[{"href":"https:\/\/www.europesays.com\/pl\/wp-json\/wp\/v2\/posts"}],"about":[{"href":"https:\/\/www.europesays.com\/pl\/wp-json\/wp\/v2\/types\/post"}],"author":[{"embeddable":true,"href":"https:\/\/www.europesays.com\/pl\/wp-json\/wp\/v2\/users\/2"}],"replies":[{"embeddable":true,"href":"https:\/\/www.europesays.com\/pl\/wp-json\/wp\/v2\/comments?post=670930"}],"version-history":[{"count":0,"href":"https:\/\/www.europesays.com\/pl\/wp-json\/wp\/v2\/posts\/670930\/revisions"}],"wp:featuredmedia":[{"embeddable":true,"href":"https:\/\/www.europesays.com\/pl\/wp-json\/wp\/v2\/media\/670931"}],"wp:attachment":[{"href":"https:\/\/www.europesays.com\/pl\/wp-json\/wp\/v2\/media?parent=670930"}],"wp:term":[{"taxonomy":"category","embeddable":true,"href":"https:\/\/www.europesays.com\/pl\/wp-json\/wp\/v2\/categories?post=670930"},{"taxonomy":"post_tag","embeddable":true,"href":"https:\/\/www.europesays.com\/pl\/wp-json\/wp\/v2\/tags?post=670930"}],"curies":[{"name":"wp","href":"https:\/\/api.w.org\/{rel}","templated":true}]}}