{"id":670950,"date":"2026-09-06T10:50:12","date_gmt":"2026-09-06T10:50:12","guid":{"rendered":"https:\/\/www.europesays.com\/pl\/670950\/"},"modified":"2026-09-06T10:50:12","modified_gmt":"2026-09-06T10:50:12","slug":"lodz-dostawca-okradal-swojego-pracodawce-straty-oszacowano-na-36-tys-zlotych-wprost","status":"publish","type":"post","link":"https:\/\/www.europesays.com\/pl\/670950\/","title":{"rendered":"\u0141\u00f3d\u017a. Dostawca okrada\u0142 swojego pracodawc\u0119. Straty oszacowano na 36 tys. z\u0142otych \u2013 Wprost"},"content":{"rendered":"\n<p>&#13;<br \/>\n\u015aledczy z\u00a0VII Komisariatu Policji w\u00a0\u0141odzi pracowali nad sprawami kradzie\u017cy z\u00a0w\u0142amaniem, do\u00a0kt\u00f3rych dochodzi\u0142o w\u00a0lipcu i\u00a0sierpniu tego roku. Str\u00f3\u017ce prawa szybko odkryli, \u017ce\u00a0odpowiedzialnym za\u00a0te wszystkie zdarzenia jest ten sam sprawca. &#13;\n<\/p>\n<p>\u0141\u00f3d\u017a. Dostawca krad\u0142 przewo\u017cone produkty<\/p>\n<p>&#13;<br \/>\nDzi\u0119ki wyt\u0119\u017conej pracy i\u00a0dok\u0142adnej analizie zebranego materia\u0142u dowodowego ustalone zosta\u0142y personalia tego m\u0119\u017cczyzny i\u00a0adres jego przebywania. Sprawca dzia\u0142a\u0142 zawsze w\u00a0ten sam spos\u00f3b. Wykonuj\u0105c us\u0142ugi transportowe na\u00a0rzecz jednej z\u00a0firm, podczas postoj\u00f3w na\u00a0trasie pomi\u0119dzy magazynem g\u0142\u00f3wnym a\u00a0poszczeg\u00f3lnymi sklepami oraz\u00a0podczas roz\u0142adunku, po\u00a0pokonaniu zabezpiecze\u0144, dokonywa\u0142 kradzie\u017cy przewo\u017conych artyku\u0142\u00f3w. &#13;\n<\/p>\n<p>&#13;<br \/>\nKryminalni z\u00a0VII Komisariatu Policji w\u00a0\u0141odzi zatrzymali go\u00a0w\u00a0czwartek 3\u00a0wrze\u015bnia. 47-latek by\u0142 kompletnie zaskoczony widokiem str\u00f3\u017c\u00f3w prawa. Tego dnia m\u0119\u017cczyzna, kieruj\u0105c samochodem dostawczym i\u00a0nie zdaj\u0105c sobie sprawy, \u017ce\u00a0jest obserwowany przez policjant\u00f3w, nagle zmieni\u0142 tras\u0119 i\u00a0zatrzyma\u0142 pojazd nie\u00a0przed punktem roz\u0142adunku lecz przed\u2026 miejscem zamieszkania. &#13;\n<\/p>\n<p>\u0141\u00f3d\u017a. Dostawca ukrad\u0142 ponad 1100 produkt\u00f3w<\/p>\n<p>&#13;<br \/>\nPo kr\u00f3tkiej rozmowie ze\u00a0str\u00f3\u017cami prawa przyzna\u0142 si\u0119 do\u00a0pope\u0142nianych przest\u0119pstw. Podczas przeszukania zabezpieczono ponad 1100 art. chemicznych, spo\u017cywczych oraz\u00a0perfum. Warto\u015b\u0107 skradzionego mienia zosta\u0142a oszacowana na\u00a0kwot\u0119 ponad 36 tysi\u0119cy z\u0142otych. &#13;\n<\/p>\n<p>&#13;<br \/>\nZatrzymany us\u0142ysza\u0142 \u0142\u0105cznie 8\u00a0zarzut\u00f3w kradzie\u017cy z\u00a0w\u0142amaniem, za\u00a0co grozi kara do\u00a010 lat pozbawienia wolno\u015bci. Czynno\u015bci w\u00a0tej sprawie prowadz\u0105 \u015bledczy z\u00a0VII Komisariatu Policji w\u00a0\u0141odzi. &#13;\n<\/p>\n<p>&#13;<br \/>\n   Czytaj te\u017c:<br \/><a href=\"https:\/\/auto.wprost.pl\/aktualnosci\/12433719\/nowe-zasady-dla-kierowcow-jeden-blad-i-tracisz-prawo-jazdy.html\" rel=\"follow nofollow noopener\" data-schema=\"WPROST\" data-image=\"https:\/\/img.wprost.pl\/_thumb\/dc\/98\/d99e4d36167dd4755eaf73d3f40f.jpeg\" target=\"_blank\">Nowe zasady dla\u00a0kierowc\u00f3w. Jeden b\u0142\u0105d i\u00a0tracisz prawo jazdy<\/a>   Czytaj te\u017c:<br \/><a href=\"https:\/\/biznes.wprost.pl\/finanse-i-inwestycje\/12433260\/skarbowka-dostaje-coraz-wiecej-donosow-polacy-wyslali-ich-455-tys.html\" rel=\"follow nofollow noopener\" data-schema=\"WPROST\" data-image=\"https:\/\/img.wprost.pl\/_thumb\/92\/8d\/6555c49be4c03080d5f03b347d7c.jpeg\" target=\"_blank\">Polacy donosz\u0105 na\u00a0pot\u0119g\u0119. Zg\u0142oszenia do\u00a0skarb\u00f3wki id\u0105 w\u00a0tysi\u0105ce<\/a>&#13;<\/p>\n","protected":false},"excerpt":{"rendered":"&#13; \u015aledczy z\u00a0VII Komisariatu Policji w\u00a0\u0141odzi pracowali nad sprawami kradzie\u017cy z\u00a0w\u0142amaniem, do\u00a0kt\u00f3rych dochodzi\u0142o w\u00a0lipcu i\u00a0sierpniu tego roku. Str\u00f3\u017ce&hellip;\n","protected":false},"author":2,"featured_media":670951,"comment_status":"","ping_status":"","sticky":false,"template":"","format":"standard","meta":{"footnotes":"","_share_on_mastodon":"0"},"categories":[51608],"tags":[22680,19160,49,7608,3652,42,38,414,40,39,41,43315,13481,10666],"class_list":["post-670950","post","type-post","status-publish","format-standard","has-post-thumbnail","category-lodz","tag-dostawca","tag-kradzieze","tag-kraj","tag-kurier","tag-lodz","tag-pl","tag-poland","tag-policja","tag-polish","tag-polska","tag-polski","tag-wprost","tag-zlodziej","tag-zycie"],"share_on_mastodon":{"url":"https:\/\/pubeurope.com\/@pl\/117223714254460162","error":""},"_links":{"self":[{"href":"https:\/\/www.europesays.com\/pl\/wp-json\/wp\/v2\/posts\/670950","targetHints":{"allow":["GET"]}}],"collection":[{"href":"https:\/\/www.europesays.com\/pl\/wp-json\/wp\/v2\/posts"}],"about":[{"href":"https:\/\/www.europesays.com\/pl\/wp-json\/wp\/v2\/types\/post"}],"author":[{"embeddable":true,"href":"https:\/\/www.europesays.com\/pl\/wp-json\/wp\/v2\/users\/2"}],"replies":[{"embeddable":true,"href":"https:\/\/www.europesays.com\/pl\/wp-json\/wp\/v2\/comments?post=670950"}],"version-history":[{"count":0,"href":"https:\/\/www.europesays.com\/pl\/wp-json\/wp\/v2\/posts\/670950\/revisions"}],"wp:featuredmedia":[{"embeddable":true,"href":"https:\/\/www.europesays.com\/pl\/wp-json\/wp\/v2\/media\/670951"}],"wp:attachment":[{"href":"https:\/\/www.europesays.com\/pl\/wp-json\/wp\/v2\/media?parent=670950"}],"wp:term":[{"taxonomy":"category","embeddable":true,"href":"https:\/\/www.europesays.com\/pl\/wp-json\/wp\/v2\/categories?post=670950"},{"taxonomy":"post_tag","embeddable":true,"href":"https:\/\/www.europesays.com\/pl\/wp-json\/wp\/v2\/tags?post=670950"}],"curies":[{"name":"wp","href":"https:\/\/api.w.org\/{rel}","templated":true}]}}