{"id":670980,"date":"2026-09-06T11:13:15","date_gmt":"2026-09-06T11:13:15","guid":{"rendered":"https:\/\/www.europesays.com\/pl\/670980\/"},"modified":"2026-09-06T11:13:15","modified_gmt":"2026-09-06T11:13:15","slug":"mowilem-swoim-menedzerom-ze-chce-trafic-do-jagiellonii-bialystok","status":"publish","type":"post","link":"https:\/\/www.europesays.com\/pl\/670980\/","title":{"rendered":"\u201eM\u00f3wi\u0142em swoim mened\u017cerom, \u017ce chc\u0119 trafi\u0107 do Jagiellonii Bia\u0142ystok\u201d"},"content":{"rendered":"\n<p class=\"lead\"> Jagiellonia Bia\u0142ystok w ostatnich dniach sfinalizowa\u0142a ponowne wypo\u017cyczenie Bart\u0142omieja Wdowika z Bragi. 25-latek skomentowa\u0142 sw\u00f3j powr\u00f3t na Podlasie w rozmowie z klubowymi mediami. <\/p>\n<p>Bart\u0142omiej Wdowik ze wzgl\u0119du na konkurencj\u0119 w sk\u0142adzie nie figurowa\u0142 w planach sztabu szkoleniowego Bragi, dlatego te\u017c latem poprzedniego roku wr\u00f3ci\u0142 do Polski, wzmacniaj\u0105c \u015bwietnie mu znan\u0105 Jagielloni\u0119 Bia\u0142ystok na zasadzie transferu czasowego.<\/p>\n<p>W umowie zawarta zosta\u0142a w\u00f3wczas opcja obligatoryjnego wykupu, kt\u00f3r\u0105 klub z Podlasia sprytnie omin\u0105\u0142, nie wystawiaj\u0105c 25-latka do gry w ko\u0144c\u00f3wce sezonu. Mimo to jednokrotny reprezentant Polski i tak ponownie trafi\u0142 na Podlasie, co zosta\u0142o og\u0142oszone w poprzedni\u0105 \u015brod\u0119.<\/p>\n<p>W portugalskim zespole Wdowik dalej nie przekona\u0142 do siebie sztabu szkoleniowego, z czego skorzysta\u0142a \u201eDuma Podlasia\u201d, podejmuj\u0105c decyzj\u0119 o nawi\u0105zaniu z nim ponownej wsp\u00f3\u0142pracy na zasadzie wypo\u017cyczenia. Taki ruch ma zagwarantowa\u0107 pi\u0142karzowi regularno\u015b\u0107, a klubowi oczekiwan\u0105 jako\u015b\u0107 na lewej stronie boiska.   <\/p>\n<p> Popularne <\/p>\n<\/p>\n<p>Wdowika nie trzeba by\u0142o d\u0142ugo namawia\u0107. Urodzony w Olkuszu pi\u0142karz by\u0142 przekonany co do powrotu na Podlasie i informowa\u0142 o tym osobi\u015bcie swoich agent\u00f3w, o czym opowiedzia\u0142 w rozmowie z klubowymi mediami.<\/p>\n<p>&#8211; Jestem zadowolony i szcz\u0119\u015bliwy z powrotu. Zawirowa\u0144 wok\u00f3\u0142 mojego powrotu by\u0142o du\u017co, rozmowy toczy\u0142y si\u0119 dosy\u0107 d\u0142ugo. One trwa\u0142y ju\u017c w zesz\u0142ym sezonie, kiedy by\u0142em tutaj w ramach poprzedniego wypo\u017cyczenia. Podczas okna czeka\u0142em, rozmowy trwa\u0142y i ciesz\u0119 si\u0119, \u017ce na koniec okienka uda\u0142o si\u0119 dogada\u0107. M\u00f3wi\u0142em swoim menad\u017cerom, \u017ce chc\u0119 trafi\u0107 do Jagiellonii, co ostatecznie si\u0119 uda\u0142o &#8211; przekaza\u0142 Wdowik.<\/p>\n<p>\u0141\u0105czny bilans Wdowika w pierwszym zespole Jagiellonii sk\u0142ada si\u0119 ze 162 wyst\u0119p\u00f3w, zwie\u0144czonych czternastoma golami oraz siedemnastoma asystami.<\/p>\n","protected":false},"excerpt":{"rendered":"Jagiellonia Bia\u0142ystok w ostatnich dniach sfinalizowa\u0142a ponowne wypo\u017cyczenie Bart\u0142omieja Wdowika z Bragi. 25-latek skomentowa\u0142 sw\u00f3j powr\u00f3t na Podlasie&hellip;\n","protected":false},"author":2,"featured_media":670981,"comment_status":"","ping_status":"","sticky":false,"template":"","format":"standard","meta":{"footnotes":"","_share_on_mastodon":"0"},"categories":[51614],"tags":[2151,42,38,40,39,41],"class_list":["post-670980","post","type-post","status-publish","format-standard","has-post-thumbnail","category-bialystok","tag-bialystok","tag-pl","tag-poland","tag-polish","tag-polska","tag-polski"],"share_on_mastodon":{"url":"https:\/\/pubeurope.com\/@pl\/117223804291299624","error":""},"_links":{"self":[{"href":"https:\/\/www.europesays.com\/pl\/wp-json\/wp\/v2\/posts\/670980","targetHints":{"allow":["GET"]}}],"collection":[{"href":"https:\/\/www.europesays.com\/pl\/wp-json\/wp\/v2\/posts"}],"about":[{"href":"https:\/\/www.europesays.com\/pl\/wp-json\/wp\/v2\/types\/post"}],"author":[{"embeddable":true,"href":"https:\/\/www.europesays.com\/pl\/wp-json\/wp\/v2\/users\/2"}],"replies":[{"embeddable":true,"href":"https:\/\/www.europesays.com\/pl\/wp-json\/wp\/v2\/comments?post=670980"}],"version-history":[{"count":0,"href":"https:\/\/www.europesays.com\/pl\/wp-json\/wp\/v2\/posts\/670980\/revisions"}],"wp:featuredmedia":[{"embeddable":true,"href":"https:\/\/www.europesays.com\/pl\/wp-json\/wp\/v2\/media\/670981"}],"wp:attachment":[{"href":"https:\/\/www.europesays.com\/pl\/wp-json\/wp\/v2\/media?parent=670980"}],"wp:term":[{"taxonomy":"category","embeddable":true,"href":"https:\/\/www.europesays.com\/pl\/wp-json\/wp\/v2\/categories?post=670980"},{"taxonomy":"post_tag","embeddable":true,"href":"https:\/\/www.europesays.com\/pl\/wp-json\/wp\/v2\/tags?post=670980"}],"curies":[{"name":"wp","href":"https:\/\/api.w.org\/{rel}","templated":true}]}}