{"id":671020,"date":"2026-09-06T11:41:16","date_gmt":"2026-09-06T11:41:16","guid":{"rendered":"https:\/\/www.europesays.com\/pl\/671020\/"},"modified":"2026-09-06T11:41:16","modified_gmt":"2026-09-06T11:41:16","slug":"futsalowa-jagiellonia-bez-szans-z-mistrzem-lekcja-futsalu-w-bialymstoku","status":"publish","type":"post","link":"https:\/\/www.europesays.com\/pl\/671020\/","title":{"rendered":"Futsalowa Jagiellonia bez szans z mistrzem. Lekcja futsalu w Bia\u0142ymstoku!"},"content":{"rendered":"<p class=\"news__lead\">Sobotni wiecz\u00f3r na parkiecie w Bia\u0142ymstoku zako\u0144czy\u0142 si\u0119 wygran\u0105 go\u015bci. Futsalowa Jagiellonia Bia\u0142ystok musia\u0142a uzna\u0107 wy\u017cszo\u015b\u0107 aktualnego mistrza Polski, Piasta Gliwice. Dru\u017cyna ze \u015al\u0105ska potraktowa\u0142a to spotkanie jako sprawdzian przed nadchodz\u0105cym wyst\u0119pem w Lidze Mistrz\u00f3w, nie pozostawiaj\u0105c gospodarzom z\u0142udze\u0144 i brutalnie weryfikuj\u0105c ekstraklasowe zakusy \u017c\u00f3\u0142to-czerwonych.<\/p>\n<p>                                                                                                                                                                                                                                                                                    <a name=\"topic_0\">Kadrowe os\u0142abienia i czarna ko\u0144c\u00f3wka po\u0142owy<\/a>  <\/p>\n<p>Bia\u0142ostoczanie przyst\u0105pili do meczu mocno os\u0142abieni brakiem kontuzjowanych Yurija Kozachenko oraz And\u017eejsa Mick\u0113vi\u010dsa. Cho\u0107 do sk\u0142adu powr\u00f3ci\u0142 po urazie Oleksandr Kolesnykov, to rywale od pocz\u0105tku przej\u0119li inicjatyw\u0119. Piast wyszed\u0142 na prowadzenie ju\u017c w 3. minucie po sprytnie rozegranym rzucie z autu. Prawdziwy dramat Jagiellonii rozegra\u0142 si\u0119 jednak w samej ko\u0144c\u00f3wce pierwszej cz\u0119\u015bci gry. Bramki stracone w 17., 19. i 20. minucie sprawi\u0142y, \u017ce zawodnicy schodzili na przerw\u0119 przy stanie 0:4.<\/p>\n<p>  <a name=\"topic_1\">Klasa mistrza i \u015bwietna postawa bramkarza<\/a>  <\/p>\n<p>Po zmianie stron r\u00f3\u017cnica do\u015bwiadczenia, jako\u015bci i zgrania w zespole z Gliwic sta\u0142a si\u0119 jeszcze bardziej widoczna. Mistrzowie Polski kontrolowali przebieg spotkania i po raz kolejny wyprowadzili zab\u00f3jcze ciosy w samej ko\u0144c\u00f3wce. Wynik na korzy\u015b\u0107 go\u015bci m\u00f3g\u0142 by\u0107 znacznie wy\u017cszy, gdyby nie rewelacyjna postawa w bramce Kamila Dobre\u0144ko, kt\u00f3ry uchroni\u0142 bia\u0142ostocki zesp\u00f3\u0142 przed pot\u0119\u017cnym pogromem, popisuj\u0105c si\u0119 wieloma znakomitymi interwencjami.<\/p>\n<p>  <a name=\"topic_2\">Trudne pocz\u0105tki i twarde zderzenie z elit\u0105<\/a>  <\/p>\n<p>Sobotnie starcie pokaza\u0142o, jak wysokie wymagania stawia najwy\u017csza klasa rozgrywkowa. O ile w pierwszej kolejce Jagiellonia d\u0142ugo toczy\u0142a wyr\u00f3wnany b\u00f3j i dwukrotnie obejmowa\u0142a prowadzenie w wyjazdowym meczu z FC Reiter Toru\u0144, o tyle w pojedynku z Piastem nie mia\u0142a do powiedzenia zbyt wiele. Rywale wygrali wcze\u015bniej z Legi\u0105 Warszawa i udowodnili, \u017ce od lat zas\u0142u\u017cenie pozostaj\u0105 na samym szczycie krajowego futsalu.<\/p>\n<p>  <a name=\"topic_3\">Czas na wnioski przed kolejnymi wyzwaniami<\/a>  <\/p>\n<p>Zesp\u00f3\u0142 z Bia\u0142egostoku nie sk\u0142ada jednak broni i deklaruje dalsz\u0105 ci\u0119\u017ck\u0105 prac\u0119, by w kolejnych wyst\u0119pach nawi\u0105za\u0107 bardziej wyr\u00f3wnan\u0105 walk\u0119. Szansa na rehabilitacj\u0119 nadejdzie bardzo szybko. W najbli\u017cszy weekend \u017c\u00f3\u0142to-czerwonych czeka trudny wyjazd na mecz do Katowic. Przed w\u0142asn\u0105 publiczno\u015bci\u0105 w Bia\u0142ymstoku futsalist\u00f3w Jagiellonii zobaczymy ponownie w \u015brod\u0119, 16 wrze\u015bnia.<\/p>\n<p>Jak oceniacie postaw\u0119 futsalist\u00f3w Jagiellonii na pocz\u0105tku sezonu? Czy wierzycie, \u017ce po wyci\u0105gni\u0119ciu wniosk\u00f3w \u017c\u00f3\u0142to-czerwoni przywioz\u0105 punkty z Katowic? Zostawcie sw\u00f3j komentarz i opinie pod artyku\u0142em!<\/p>\n<p>Jagiellonia Bia\u0142ystok &#8211; Piast Gliwice 0:9 (0:4). Bramki: Franco Spellanzon 2, 34, Vinicius Lazzaretti 16, 18, Sebastian Szadurski 19, Carlos Eduardo Dos Santos 27, Rafael Felix Da Silva 37, Eric Panes 37, Miguel Angelo Parreira Pegacha 38. \u017b\u00f3\u0142te kartki: Bruno Alexandre Martins Graca (Piast), \u00a0Piotr Skiepko (Jagiellonia). S\u0119dziowali: Artur Mital, Marta Majszczyk.<br \/>Jagiellonia: Kamil Dobre\u0144ko &#8211; Oleksandr Kolesnykov, Cristian Neme, Artemijs Pilipcuks, Piotr Skiepko, Olivier Ambro\u017cej, Wiktor Kalinowski, Mateusz \u0141abieniec, Grzegorz Makal,\u00a0<br \/>Sebastian Malawko, Pedro Henrique Osorio Pacheco, Kamil Surmiak.<br \/>Piast: Matias Franco Daniel Starna, Tomasz Kriezel, Vinicius Lazzaretti, Eric Panes,\u00a0<br \/>Franco Spellanzon, Olivier Bik, Carlos Eduardo Dos Santos Gon\u00e7alves, Rafael Felix Da Silva,\u00a0<br \/>Jason Garcia Gual, Bruno Alexandre Martins Graca, Miguel Angelo Parreira Pegacha, Sebastian Szadurski, Micha\u0142 Widuch.<\/p>\n<p><img loading=\"lazy\" decoding=\"async\" height=\"315\" src=\"https:\/\/www.europesays.com\/pl\/wp-content\/uploads\/2026\/09\/inline__1855720_8171.jpg\" width=\"700\"\/><\/p>\n<p><img loading=\"lazy\" decoding=\"async\" height=\"266\" src=\"https:\/\/www.europesays.com\/pl\/wp-content\/uploads\/2026\/09\/inline__1855720_6785.jpg\" width=\"700\"\/><\/p>\n<p><img loading=\"lazy\" decoding=\"async\" height=\"262\" src=\"https:\/\/www.europesays.com\/pl\/wp-content\/uploads\/2026\/09\/inline__1855720_7365.jpg\" width=\"700\"\/>Przemys\u0142aw Sarosiek<br \/>\u00a0<\/p>\n<p>                                                                                                                                                                                                        ]]><\/p>\n","protected":false},"excerpt":{"rendered":"Sobotni wiecz\u00f3r na parkiecie w Bia\u0142ymstoku zako\u0144czy\u0142 si\u0119 wygran\u0105 go\u015bci. Futsalowa Jagiellonia Bia\u0142ystok musia\u0142a uzna\u0107 wy\u017cszo\u015b\u0107 aktualnego mistrza&hellip;\n","protected":false},"author":2,"featured_media":671021,"comment_status":"","ping_status":"","sticky":false,"template":"","format":"standard","meta":{"footnotes":"","_share_on_mastodon":"0"},"categories":[51614],"tags":[2151,130169,59988,52272,5809,55508,130167,130168,75271,130165,42,38,40,39,41,55452,18053,52536,130170,130172,130171,130166],"class_list":["post-671020","post","type-post","status-publish","format-standard","has-post-thumbnail","category-bialystok","tag-bialystok","tag-franco-spellanzon","tag-futsal-ekstraklasa","tag-interwencja-policji","tag-jagiellonia","tag-jagiellonia-bialystok-futsal","tag-kamil-dobrenko","tag-kontuzje-kozachenko-mickevics","tag-mecz-w-bialymstoku","tag-piast-gliwice-futsal","tag-pl","tag-poland","tag-polish","tag-polska","tag-polski","tag-przemyslaw-sarosiek","tag-rehabilitacja","tag-tor-wschodzacy-bialystok","tag-vinicius-lazzaretti","tag-wyjazd-do-katowic","tag-wyjazd-do-katowicbialystok","tag-wynik-09"],"share_on_mastodon":{"url":"https:\/\/pubeurope.com\/@pl\/117223915902366749","error":""},"_links":{"self":[{"href":"https:\/\/www.europesays.com\/pl\/wp-json\/wp\/v2\/posts\/671020","targetHints":{"allow":["GET"]}}],"collection":[{"href":"https:\/\/www.europesays.com\/pl\/wp-json\/wp\/v2\/posts"}],"about":[{"href":"https:\/\/www.europesays.com\/pl\/wp-json\/wp\/v2\/types\/post"}],"author":[{"embeddable":true,"href":"https:\/\/www.europesays.com\/pl\/wp-json\/wp\/v2\/users\/2"}],"replies":[{"embeddable":true,"href":"https:\/\/www.europesays.com\/pl\/wp-json\/wp\/v2\/comments?post=671020"}],"version-history":[{"count":0,"href":"https:\/\/www.europesays.com\/pl\/wp-json\/wp\/v2\/posts\/671020\/revisions"}],"wp:featuredmedia":[{"embeddable":true,"href":"https:\/\/www.europesays.com\/pl\/wp-json\/wp\/v2\/media\/671021"}],"wp:attachment":[{"href":"https:\/\/www.europesays.com\/pl\/wp-json\/wp\/v2\/media?parent=671020"}],"wp:term":[{"taxonomy":"category","embeddable":true,"href":"https:\/\/www.europesays.com\/pl\/wp-json\/wp\/v2\/categories?post=671020"},{"taxonomy":"post_tag","embeddable":true,"href":"https:\/\/www.europesays.com\/pl\/wp-json\/wp\/v2\/tags?post=671020"}],"curies":[{"name":"wp","href":"https:\/\/api.w.org\/{rel}","templated":true}]}}