{"id":671024,"date":"2026-09-06T11:43:25","date_gmt":"2026-09-06T11:43:25","guid":{"rendered":"https:\/\/www.europesays.com\/pl\/671024\/"},"modified":"2026-09-06T11:43:25","modified_gmt":"2026-09-06T11:43:25","slug":"poszukiwany-piecioma-podstawami-zatrzymany-w-lublinie-ma-do-odbycia-9-lat-wiezienia","status":"publish","type":"post","link":"https:\/\/www.europesays.com\/pl\/671024\/","title":{"rendered":"Poszukiwany pi\u0119cioma podstawami zatrzymany w Lublinie. Ma do odbycia 9 lat wi\u0119zienia"},"content":{"rendered":"<p>Miejsce pobytu 53-latka ustalili funkcjonariusze Wydzia\u0142u Kryminalnego Komendy Powiatowej Policji w Wo\u0142ominie. M\u0119\u017cczyzna od d\u0142u\u017cszego czasu ukrywa\u0142 si\u0119 przed organami \u015bcigania.<\/p>\n<p>\u2014 Policjanci Wydzia\u0142u Kryminalnego KPP w Wo\u0142ominie, prowadz\u0105c czynno\u015bci zmierzaj\u0105ce do ustalenia miejsca pobytu os\u00f3b poszukiwanych, natrafili na informacje dotycz\u0105ce 53-letniego m\u0119\u017cczyzny \u2014 przekaza\u0142a asp. szt. Aneta Nasi\u0142owska z KPP w Wo\u0142ominie.<\/p>\n<p>Policyjny trop prowadzi\u0142 do Lublina<\/p>\n<p>Kryminalni przeanalizowali zgromadzone materia\u0142y i informacje operacyjne. Po zweryfikowaniu kolejnych ustale\u0144 wytypowali miejsce, w kt\u00f3rym m\u00f3g\u0142 przebywa\u0107 poszukiwany.<\/p>\n<p>\u2014 \u015aladami m\u0119\u017cczyzny funkcjonariusze udali si\u0119 do Lublina \u2014 poinformowa\u0142a asp. szt. Aneta Nasi\u0142owska.<\/p>\n<p>W dzia\u0142aniach przeprowadzonych na miejscu uczestniczyli r\u00f3wnie\u017c policjanci z Komendy Miejskiej Policji w Lublinie. Funkcjonariusze weszli do jednego z lokali mieszkalnych, gdzie 31 sierpnia zatrzymali 53-latka.<\/p>\n<p>Pi\u0119\u0107 podstaw poszukiwa\u0144<\/p>\n<p>Jak wynika z informacji przekazanych przez policj\u0119, wobec m\u0119\u017cczyzny obowi\u0105zywa\u0142o pi\u0119\u0107 podstaw poszukiwa\u0144. Jedn\u0105 z nich by\u0142 list go\u0144czy wydany w celu doprowadzenia skazanego do odbycia kary dziewi\u0119ciu lat pozbawienia wolno\u015bci.<\/p>\n<p>53-latek by\u0142 r\u00f3wnie\u017c poszukiwany na podstawie nakazu doprowadzenia do aresztu \u015bledczego. Prokurator wyda\u0142 ponadto zarz\u0105dzenia dotycz\u0105ce ustalenia miejsca jego pobytu.<\/p>\n<p>\u2014 Po zatrzymaniu poszukiwany zosta\u0142 osadzony w Areszcie \u015aledczym, gdzie b\u0119dzie odbywa\u0142 zas\u0105dzon\u0105 kar\u0119 \u2014 doda\u0142a przedstawicielka wo\u0142omi\u0144skiej komendy.<\/p>\n<p>\u0179r\u00f3d\u0142o: Policja Wo\u0142omin<\/p>\n<p>\n                                    <a href=\"https:\/\/www.google.com\/preferences\/source?q=lublin112.pl\" target=\"_blank\" rel=\"noopener noreferrer nofollow\" onclick=\"if (!window.__cfRLUnblockHandlers) return false; gtag(&#039;event&#039;, &#039;google_preferred_source_click&#039;, {&#010;                                           &#039;link_url&#039;: this.href,&#010;                                           &#039;link_text&#039;: &#039;Ustaw lublin112.pl jako preferowane \u017ar\u00f3d\u0142o&#039;&#010;                                       });\" style=\"text-align:center;display:block;\" data-cf-modified-bc0d26e2c0e25a86a7505149-=\"\"><br \/>\n                                        <img decoding=\"async\" src=\"https:\/\/www.europesays.com\/pl\/wp-content\/uploads\/2026\/09\/1788695005_78_lublin112-google-source.webp\" alt=\"Ustaw lublin112.pl jako preferowane \u017ar\u00f3d\u0142o w Google\" style=\"max-width: 70%;\"\/><br \/>\n                                    <\/a><br \/>\n                                    <\/p>\n","protected":false},"excerpt":{"rendered":"Miejsce pobytu 53-latka ustalili funkcjonariusze Wydzia\u0142u Kryminalnego Komendy Powiatowej Policji w Wo\u0142ominie. M\u0119\u017cczyzna od d\u0142u\u017cszego czasu ukrywa\u0142 si\u0119&hellip;\n","protected":false},"author":2,"featured_media":671025,"comment_status":"","ping_status":"","sticky":false,"template":"","format":"standard","meta":{"footnotes":"","_share_on_mastodon":"0"},"categories":[51612],"tags":[128678,130173,16871,1081,42,38,414,40,39,41,4937,34906,1299],"class_list":["post-671024","post","type-post","status-publish","format-standard","has-post-thumbnail","category-lublin","tag-kara-wiezienia","tag-kpp-w-wolominie","tag-list-gonczy","tag-lublin","tag-pl","tag-poland","tag-policja","tag-polish","tag-polska","tag-polski","tag-poszukiwany","tag-wolomin","tag-zatrzymanie"],"share_on_mastodon":{"url":"https:\/\/pubeurope.com\/@pl\/117223922276523646","error":""},"_links":{"self":[{"href":"https:\/\/www.europesays.com\/pl\/wp-json\/wp\/v2\/posts\/671024","targetHints":{"allow":["GET"]}}],"collection":[{"href":"https:\/\/www.europesays.com\/pl\/wp-json\/wp\/v2\/posts"}],"about":[{"href":"https:\/\/www.europesays.com\/pl\/wp-json\/wp\/v2\/types\/post"}],"author":[{"embeddable":true,"href":"https:\/\/www.europesays.com\/pl\/wp-json\/wp\/v2\/users\/2"}],"replies":[{"embeddable":true,"href":"https:\/\/www.europesays.com\/pl\/wp-json\/wp\/v2\/comments?post=671024"}],"version-history":[{"count":0,"href":"https:\/\/www.europesays.com\/pl\/wp-json\/wp\/v2\/posts\/671024\/revisions"}],"wp:featuredmedia":[{"embeddable":true,"href":"https:\/\/www.europesays.com\/pl\/wp-json\/wp\/v2\/media\/671025"}],"wp:attachment":[{"href":"https:\/\/www.europesays.com\/pl\/wp-json\/wp\/v2\/media?parent=671024"}],"wp:term":[{"taxonomy":"category","embeddable":true,"href":"https:\/\/www.europesays.com\/pl\/wp-json\/wp\/v2\/categories?post=671024"},{"taxonomy":"post_tag","embeddable":true,"href":"https:\/\/www.europesays.com\/pl\/wp-json\/wp\/v2\/tags?post=671024"}],"curies":[{"name":"wp","href":"https:\/\/api.w.org\/{rel}","templated":true}]}}