{"id":671056,"date":"2026-09-06T12:03:11","date_gmt":"2026-09-06T12:03:11","guid":{"rendered":"https:\/\/www.europesays.com\/pl\/671056\/"},"modified":"2026-09-06T12:03:11","modified_gmt":"2026-09-06T12:03:11","slug":"szczekanie-psow-z-klodzka-byla-minister-dobitnie-o-tusku-i-kosiniaku","status":"publish","type":"post","link":"https:\/\/www.europesays.com\/pl\/671056\/","title":{"rendered":"&#8222;Szczekanie ps\u00f3w z K\u0142odzka&#8221;. By\u0142a minister dobitnie o Tusku i Kosiniaku"},"content":{"rendered":"<p data-v-01d4021f=\"\">&#8222;Jedyny j\u0119zyk jaki rozumiej\u0105 Donald Tusk i W\u0142adys\u0142aw Kosiniak-Kamysz to szczekanie ps\u00f3w z K\u0142odzka&#8221; &#8211; napisa\u0142a Dominika Chorosi\u0144ska na portalu X, odnosz\u0105c si\u0119 do wydawania przez siebie odg\u0142os\u00f3w psa podczas wyst\u0105pienia szefa MON w Sejmie. <\/p>\n<p data-v-01d4021f=\"\">Na ostatnim posiedzeniu Sejmu dosz\u0142o do niecodziennej sytuacji. Z m\u00f3wnicy przemawia\u0142 W\u0142adys\u0142aw Kosiniak-Kamysz i po jednej ze swoich wypowiedzi otrzyma\u0142 oklaski od cz\u0119\u015bci parlamentarzyst\u00f3w zgromadzonych w Sali plenarnej.<\/p>\n<p data-v-01d4021f=\"\">Szef MON m\u00f3wi\u0142 dalej i nagle da\u0142o si\u0119 us\u0142ysze\u0107 imitacj\u0119 szczekania psa. Dzi\u0119ki nagraniom jednej z kamer uda\u0142o si\u0119 zlokalizowa\u0107 performera. Okaza\u0142a si\u0119 nim pose\u0142 PiS Dominika Chorosi\u0144ska, kt\u00f3ra trzymaj\u0105c telefon w pozycji do nagrywania wyda\u0142a z siebie odg\u0142os psa.<\/p>\n<p data-v-01d4021f=\"\">&#8222;Szczekanie ps\u00f3w z K\u0142odzka&#8221;<\/p>\n<p data-v-01d4021f=\"\">Osiem lat rz\u0105dzili pa\u0144stwem. Dzi\u015b ich wk\u0142ad w debat\u0119 konstytucyjn\u0105 to szczekanie z \u0142aw poselskich.<\/p>\n<p data-v-01d4021f=\"\">Trudno o bardziej wymowny obraz politycznej degradacji i upadku ca\u0142ego PiS<\/p>\n<p data-v-01d4021f=\"\">&#8211; czytamy we wpisie lider PSL na portalu X.<\/p>\n<p data-v-01d4021f=\"\">By\u0142a minister kultury odnios\u0142a si\u0119 do afer z zoofili\u0105 i pedofili\u0105 w tle, w kt\u00f3r\u0105 zamieszana jest by\u0142a dzia\u0142acz KO.<\/p>\n<p data-v-01d4021f=\"\">Jedyny j\u0119zyk jaki rozumiej\u0105 Donald Tusk i W\u0142adys\u0142aw Kosiniak-Kamysz\u00a0to szczekanie ps\u00f3w z K\u0142odzka<\/p>\n<p data-v-01d4021f=\"\">&#8211; stwierdzi\u0142a.<\/p>\n<p data-v-01d4021f=\"\">xyz\/\u017ar. wPolityce za X<\/p>\n","protected":false},"excerpt":{"rendered":"&#8222;Jedyny j\u0119zyk jaki rozumiej\u0105 Donald Tusk i W\u0142adys\u0142aw Kosiniak-Kamysz to szczekanie ps\u00f3w z K\u0142odzka&#8221; &#8211; napisa\u0142a Dominika Chorosi\u0144ska&hellip;\n","protected":false},"author":2,"featured_media":671057,"comment_status":"","ping_status":"","sticky":false,"template":"","format":"standard","meta":{"footnotes":"","_share_on_mastodon":"0"},"categories":[62713],"tags":[121116,1345,88380,127822,13347,72917,907,99789,4362,2462,1005,380,423,231,127821,123474,3654],"class_list":["post-671056","post","type-post","status-publish","format-standard","has-post-thumbnail","category-donald-tusk","tag-analizy-polityczne","tag-donald-tusk","tag-komentarze-polityczne","tag-kulisy-polityki","tag-opozycja","tag-partie-polityczne","tag-polityka","tag-polityka-krajowa","tag-polityka-zagraniczna","tag-polska-polityka","tag-prezydent","tag-rzad","tag-sejm","tag-sondaze","tag-wiadomosci-polityczne","tag-wpolityce-pl","tag-wybory"],"share_on_mastodon":{"url":"https:\/\/pubeurope.com\/@pl\/117224001002155859","error":""},"_links":{"self":[{"href":"https:\/\/www.europesays.com\/pl\/wp-json\/wp\/v2\/posts\/671056","targetHints":{"allow":["GET"]}}],"collection":[{"href":"https:\/\/www.europesays.com\/pl\/wp-json\/wp\/v2\/posts"}],"about":[{"href":"https:\/\/www.europesays.com\/pl\/wp-json\/wp\/v2\/types\/post"}],"author":[{"embeddable":true,"href":"https:\/\/www.europesays.com\/pl\/wp-json\/wp\/v2\/users\/2"}],"replies":[{"embeddable":true,"href":"https:\/\/www.europesays.com\/pl\/wp-json\/wp\/v2\/comments?post=671056"}],"version-history":[{"count":0,"href":"https:\/\/www.europesays.com\/pl\/wp-json\/wp\/v2\/posts\/671056\/revisions"}],"wp:featuredmedia":[{"embeddable":true,"href":"https:\/\/www.europesays.com\/pl\/wp-json\/wp\/v2\/media\/671057"}],"wp:attachment":[{"href":"https:\/\/www.europesays.com\/pl\/wp-json\/wp\/v2\/media?parent=671056"}],"wp:term":[{"taxonomy":"category","embeddable":true,"href":"https:\/\/www.europesays.com\/pl\/wp-json\/wp\/v2\/categories?post=671056"},{"taxonomy":"post_tag","embeddable":true,"href":"https:\/\/www.europesays.com\/pl\/wp-json\/wp\/v2\/tags?post=671056"}],"curies":[{"name":"wp","href":"https:\/\/api.w.org\/{rel}","templated":true}]}}