{"id":671064,"date":"2026-09-06T12:10:13","date_gmt":"2026-09-06T12:10:13","guid":{"rendered":"https:\/\/www.europesays.com\/pl\/671064\/"},"modified":"2026-09-06T12:10:13","modified_gmt":"2026-09-06T12:10:13","slug":"podlaskie-charaktery-patrycja-soliman-urodzila-sie-w-kairze-mieszka-w-warszawie-ale-swoj-raj-odnalazla-na-podlasiu","status":"publish","type":"post","link":"https:\/\/www.europesays.com\/pl\/671064\/","title":{"rendered":"Podlaskie charaktery | Patrycja Soliman urodzi\u0142a si\u0119 w Kairze, mieszka w Warszawie, ale sw\u00f3j raj odnalaz\u0142a na Podlasiu"},"content":{"rendered":"<p>\t\t\t\t\t\t 6 wrze\u015bnia 2026\n\t\t\t\t<\/p>\n<p>\n\t\t\t\t\t\t\tPatrycja Soliman, fot. Sylwia Krassowska\n\t\t\t\t\t<\/p>\n<p>Patrycja Soliman to aktorka filmowa, serialowa i teatralna. Urodzi\u0142a si\u0119 w Kairze, ale ca\u0142e \u017cycie sp\u0119dzi\u0142a w Warszawie. Wyst\u0119powa\u0142a m.in. w &#8222;Na Wsp\u00f3lnej&#8221;, &#8222;Blondynce&#8221; czy &#8222;Barwach Szcz\u0119\u015bcia&#8221;.<\/p>\n<p>W 2006 roku uko\u0144czy\u0142a studia w Akademii Teatralnej w Warszawie.\u00a0<\/p>\n<p>Od 1 wrze\u015bnia 2006 roku pracuje w Teatrze Narodowym w Warszawie (zadebiutowa\u0142a w nim na trzecim roku studi\u00f3w rol\u0105 Kopciucha w sztuce Janusza G\u0142owackiego) oraz w Teatrze Dramatycznym.<\/p>\n<p>O swoich zwi\u0105zkach z Podlasiem opowiada Izabeli Gosk.<\/p>\n","protected":false},"excerpt":{"rendered":"6 wrze\u015bnia 2026 Patrycja Soliman, fot. Sylwia Krassowska Patrycja Soliman to aktorka filmowa, serialowa i teatralna. Urodzi\u0142a si\u0119&hellip;\n","protected":false},"author":2,"featured_media":671065,"comment_status":"","ping_status":"","sticky":false,"template":"","format":"standard","meta":{"footnotes":"","_share_on_mastodon":"0"},"categories":[51614],"tags":[2151,42,38,40,39,41],"class_list":["post-671064","post","type-post","status-publish","format-standard","has-post-thumbnail","category-bialystok","tag-bialystok","tag-pl","tag-poland","tag-polish","tag-polska","tag-polski"],"share_on_mastodon":{"url":"https:\/\/pubeurope.com\/@pl\/117224028678355205","error":""},"_links":{"self":[{"href":"https:\/\/www.europesays.com\/pl\/wp-json\/wp\/v2\/posts\/671064","targetHints":{"allow":["GET"]}}],"collection":[{"href":"https:\/\/www.europesays.com\/pl\/wp-json\/wp\/v2\/posts"}],"about":[{"href":"https:\/\/www.europesays.com\/pl\/wp-json\/wp\/v2\/types\/post"}],"author":[{"embeddable":true,"href":"https:\/\/www.europesays.com\/pl\/wp-json\/wp\/v2\/users\/2"}],"replies":[{"embeddable":true,"href":"https:\/\/www.europesays.com\/pl\/wp-json\/wp\/v2\/comments?post=671064"}],"version-history":[{"count":0,"href":"https:\/\/www.europesays.com\/pl\/wp-json\/wp\/v2\/posts\/671064\/revisions"}],"wp:featuredmedia":[{"embeddable":true,"href":"https:\/\/www.europesays.com\/pl\/wp-json\/wp\/v2\/media\/671065"}],"wp:attachment":[{"href":"https:\/\/www.europesays.com\/pl\/wp-json\/wp\/v2\/media?parent=671064"}],"wp:term":[{"taxonomy":"category","embeddable":true,"href":"https:\/\/www.europesays.com\/pl\/wp-json\/wp\/v2\/categories?post=671064"},{"taxonomy":"post_tag","embeddable":true,"href":"https:\/\/www.europesays.com\/pl\/wp-json\/wp\/v2\/tags?post=671064"}],"curies":[{"name":"wp","href":"https:\/\/api.w.org\/{rel}","templated":true}]}}