{"id":671100,"date":"2026-09-06T12:28:13","date_gmt":"2026-09-06T12:28:13","guid":{"rendered":"https:\/\/www.europesays.com\/pl\/671100\/"},"modified":"2026-09-06T12:28:13","modified_gmt":"2026-09-06T12:28:13","slug":"pilny-komunikat-wojska-podejrzenie-naruszenia-przestrzeni-powietrznej-przez-obiekt-z-bialorusi-fakt","status":"publish","type":"post","link":"https:\/\/www.europesays.com\/pl\/671100\/","title":{"rendered":"Pilny komunikat wojska. &quot;Podejrzenie naruszenia przestrzeni powietrznej przez obiekt z Bia\u0142orusi&quot; &#8211; Fakt"},"content":{"rendered":"<ol>\n<li><a href=\"https:\/\/news.google.com\/rss\/articles\/CBMiuAFBVV95cUxNSTZfUHdsbm5xS3NFYmJ4XzMxNFl5SFE4ZEh6NG5QM3pHcnVtLUc4SU1mQnU0bXU0SVJndkxNcmNtSWpBWjZDQlAtOXdvU1lMblVzTnVoYXJqZHprUHIzRTI4S1Y1Z2VFNERYd3g5aXFRRGdTVmFXd0ozbnJuT0RaZjZERWhRci1teUdzTFdSR2E2c21wQ0tmNXUwekdJSnlWVy1xeUNyNVZwQ2pWeVBTaWxteVlBWDln?oc=5\" target=\"_blank\" rel=\"nofollow noopener\">Pilny komunikat wojska. &#8222;Podejrzenie naruszenia przestrzeni powietrznej przez obiekt z Bia\u0142orusi&#8221;<\/a>&nbsp;&nbsp;Fakt<\/li>\n<li><a href=\"https:\/\/news.google.com\/rss\/articles\/CBMiswFBVV95cUxOLUpFWU9pczAxd3M0RWtJSzhVRkpvUWp5T3ZrbEZ2emhGd2ludFpobGhPNWtzTzVUVUthczdhejNHcGI2VnJEcUNhb2tLaGkzdngwdmJOdER4YWJCanY1U05uVTRoMGQ2SHd5WXZWWXoxTWdwWnppOE45UFR5QjVHLWc0SGxXempFZUVUOVRQb2ptNnJyUUZ4ek5QZW03SGx5TW9xb2FsVEMxYlVTSU9BNWtJdw?oc=5\" target=\"_blank\" rel=\"nofollow noopener\">&#8222;Podejrzenie naruszenia przestrzeni powietrznej RP&#8221;. DORSZ o niezidentyfikowanym obiekcie<\/a>&nbsp;&nbsp;Interia Wydarzenia<\/li>\n<li><a href=\"https:\/\/news.google.com\/rss\/articles\/CBMimwFBVV95cUxPSjB6MUFVbkEzazVOM0RnNG1WUkJiZHp3QnBIUlFJS2FrTjkzOWJ0VWhjQkI0UnE5YTVLaTBWdVNCbFVJR1QwcW9KbWlPMzF2b184UlVqb0szdlNDVnR6RGxDSUxSVFR2UUthTllJaVFsQ2szaTEzSWpXbmF4elhPaUpBb24xYUh1VXlzSWNpM2FtTTFjSW5FLUpDZw?oc=5\" target=\"_blank\" rel=\"nofollow noopener\">&#8222;Niezidentyfikowany obiekt&#8221; z Bia\u0142orusi. Wojsko reaguje<\/a>&nbsp;&nbsp;WP Wiadomo\u015bci<\/li>\n<li><a href=\"https:\/\/news.google.com\/rss\/articles\/CBMisgFBVV95cUxNOUxQRHVZNGQtdG15d2VMenhsNllzV2t0RVBwcFF6azFJcG42QXZ4Z01QdkVXbHJ4SzRyUUlGUmZwQkhnb1h4RWU4RFVjbGdrckhHX0ctNkVZbFEwbDNCMS1yRHZwamctVkV3bUNQR3Z5dUVkb0tWWkxXODR3TnhUbWhRLXpFbjFOSHJLSEt6Sy13dGpJZDFWeXp1dk5OTUpuYWI2QjZRWTdIYUtCWGJLTERn?oc=5\" target=\"_blank\" rel=\"nofollow noopener\">Podejrzenie naruszenia polskiej przestrzeni powietrznej. Pilny komunikat wojska<\/a>&nbsp;&nbsp;RMF24<\/li>\n<li><a href=\"https:\/\/news.google.com\/rss\/articles\/CBMitAFBVV95cUxNdHZVd3VSaUpyaEliWHd2ZjFhalg2Z2p3dEZEcDlxTXBZVlEwNGN4LXR4SmdMSzI0Q29VNVpqSjdzeVVUV19iaEFxRXhpM1NtTG5LajlXc1VLUlpwQVhBUWVHRTNTaWRCaTU4ZG5UdXFTZXpSWWZfV0thYUNmVnJZRERLSmJhNGI5dG9Dcm5QTU96M3htUjVGQlJ2Y1FTenFLdzNaMUJrLXNrbmFLdzBSSVVWTWM?oc=5\" target=\"_blank\" rel=\"nofollow noopener\">Kto zap\u0142aci rolnikowi za rosyjsk\u0105 rakiet\u0119? MON m\u00f3wi wprost<\/a>&nbsp;&nbsp;Fakt<\/li>\n<\/ol>\n","protected":false},"excerpt":{"rendered":"Pilny komunikat wojska. &#8222;Podejrzenie naruszenia przestrzeni powietrznej przez obiekt z Bia\u0142orusi&#8221;&nbsp;&nbsp;Fakt &#8222;Podejrzenie naruszenia przestrzeni powietrznej RP&#8221;. DORSZ o&hellip;\n","protected":false},"author":2,"featured_media":671101,"comment_status":"","ping_status":"","sticky":false,"template":"","format":"standard","meta":{"footnotes":"","_share_on_mastodon":"0"},"categories":[12],"tags":[699,61195,32,33,36,37,27,34,35,28,31,25,46,100096,42,38,40,907,39,41,87,47,29,129808,30,415,26,161],"class_list":["post-671100","post","type-post","status-publish","format-standard","has-post-thumbnail","category-polska","tag-bialorus","tag-bottomfeed_styl","tag-breaking-news","tag-breakingnews","tag-featured-news","tag-featurednews","tag-headlines","tag-latest-news","tag-latestnews","tag-naglowki","tag-najwazniejsze-artykuly","tag-news","tag-omp","tag-omp_tst1","tag-pl","tag-poland","tag-polish","tag-polityka","tag-polska","tag-polski","tag-rosja","tag-screening_general","tag-top-stories","tag-topbar_tst2","tag-topstories","tag-ukraina","tag-wiadomosci","tag-wojsko"],"share_on_mastodon":{"url":"https:\/\/pubeurope.com\/@pl\/117224099416223221","error":""},"_links":{"self":[{"href":"https:\/\/www.europesays.com\/pl\/wp-json\/wp\/v2\/posts\/671100","targetHints":{"allow":["GET"]}}],"collection":[{"href":"https:\/\/www.europesays.com\/pl\/wp-json\/wp\/v2\/posts"}],"about":[{"href":"https:\/\/www.europesays.com\/pl\/wp-json\/wp\/v2\/types\/post"}],"author":[{"embeddable":true,"href":"https:\/\/www.europesays.com\/pl\/wp-json\/wp\/v2\/users\/2"}],"replies":[{"embeddable":true,"href":"https:\/\/www.europesays.com\/pl\/wp-json\/wp\/v2\/comments?post=671100"}],"version-history":[{"count":0,"href":"https:\/\/www.europesays.com\/pl\/wp-json\/wp\/v2\/posts\/671100\/revisions"}],"wp:featuredmedia":[{"embeddable":true,"href":"https:\/\/www.europesays.com\/pl\/wp-json\/wp\/v2\/media\/671101"}],"wp:attachment":[{"href":"https:\/\/www.europesays.com\/pl\/wp-json\/wp\/v2\/media?parent=671100"}],"wp:term":[{"taxonomy":"category","embeddable":true,"href":"https:\/\/www.europesays.com\/pl\/wp-json\/wp\/v2\/categories?post=671100"},{"taxonomy":"post_tag","embeddable":true,"href":"https:\/\/www.europesays.com\/pl\/wp-json\/wp\/v2\/tags?post=671100"}],"curies":[{"name":"wp","href":"https:\/\/api.w.org\/{rel}","templated":true}]}}