{"id":671110,"date":"2026-09-06T12:37:12","date_gmt":"2026-09-06T12:37:12","guid":{"rendered":"https:\/\/www.europesays.com\/pl\/671110\/"},"modified":"2026-09-06T12:37:12","modified_gmt":"2026-09-06T12:37:12","slug":"bolesna-lekcja-od-mistrza-polski-jagiellonia-na-dnie-tabeli-sport-wiadomosci-bialystok-online-portal-miejski-bialystok-bialystok","status":"publish","type":"post","link":"https:\/\/www.europesays.com\/pl\/671110\/","title":{"rendered":"Bolesna lekcja od mistrza Polski. Jagiellonia na dnie tabeli, Sport, Wiadomo\u015bci Bia\u0142ystok Online Portal Miejski Bia\u0142ystok (Bialystok)"},"content":{"rendered":"\n<p>            <img decoding=\"async\" class=\"art-figimg\" src=\"https:\/\/www.europesays.com\/pl\/wp-content\/uploads\/2026\/09\/150695-e.jpg\" width=\"375\" height=\"250\" alt=\"Bolesna lekcja od mistrza Polski. Jagiellonia na dnie tabeli\" loading=\"lazy\" fetchpriority=\"high\"\/><br \/>\n            Fot: Damian Przestrzelski\/Jagiellonia Bia\u0142ystok Futsal<\/p>\n<p class=\"art-lid\">Wej\u015bcie do Fogo Futsal Ekstraklasy jak na razie jest dla Jagiellonii bardzo trudne. Beniaminek ze stolicy Podlasia na inauguracj\u0119 sezonu przegra\u0142 3:7 z FC Reiter Toru\u0144, a w 2. serii zmaga\u0144 \u017b\u00f3\u0142to-Czerwonych jeszcze wy\u017cej pokona\u0142 Piast Gliwice.<\/p>\n<p class=\"art-cont\">Hal\u0119 Machaniaka odwiedzi\u0142 aktualny mistrz Polski, uczestnik Ligi Mistrz\u00f3w i zdobywca Superpucharu Polski. Piast Gliwice, kt\u00f3ry od 6 lat co roku ko\u0144czy rozgrywki Fogo Futsal Ekstraklasy na podium, pokaza\u0142 Jagiellonii, jak wiele brakuje jej jeszcze do najlepszych dru\u017cyn w kraju i rozbi\u0142 \u017b\u00f3\u0142to-Czerwonych a\u017c 9:0.<\/p>\n<p>&#8211; Wiecz\u00f3r b\u0119dzie smutny. Piast Gliwice zbyt mocny i to nie jest przypadek, \u017ce od lat jest w czo\u0142\u00f3wce polskiego futsalu. Dru\u017cynie z Gliwic \u017cyczymy powodzenia w Champions League, a my pracujemy dalej, aby w kolejnych meczach nawi\u0105za\u0107 walk\u0119 z przeciwnikami. Wiedzieli\u015bmy, \u017ce to b\u0119dzie trudny mecz i tak te\u017c by\u0142o. Poprzednie spotkanie z powodu urazu opu\u015bci\u0142 Oleksandr Kolesnykov, a dzisiaj z tego samego powodu nie zagrali Yurii Kozachenko i And\u017eejs Mick\u0113vi\u010ds, ale wr\u00f3ci\u0142 &#8222;Saszka&#8221;. Go\u015bcie dosy\u0107 szybko obj\u0119li prowadzenie, bo ju\u017c 3. minucie po rozegraniu rzutu z autu, lecz na kolejne bramki trzeba by\u0142o czeka\u0107 do ko\u0144c\u00f3wki pierwszej po\u0142owy. Gole rywali w 17., 19., i 20. minucie ustawi\u0142y wynik pierwszej cz\u0119\u015bci gry na 0:4. Po zmianie stron jeszcze bardziej by\u0142o wida\u0107 do\u015bwiadczenie i jako\u015b\u0107 w dru\u017cynie mistrza Polski i podobnie wi\u0119kszo\u015b\u0107 goli zobaczyli\u015bmy w ko\u0144c\u00f3wce. Wynik m\u00f3g\u0142by by\u0107 du\u017co wy\u017cszy, ale wiele sytuacji wybroni\u0142 dzisiaj Kamil Dobre\u0144ko &#8211; tak sobotnie, jednostronne spotkanie komentuje futsalowa Jagiellonia.<\/p>\n<p>Dwie wysokie pora\u017cki sprawiaj\u0105, \u017ce w tej chwili Bia\u0142ostoczanie zamykaj\u0105 ligow\u0105 tabel\u0119. W nast\u0119pnej serii zmaga\u0144 \u017b\u00f3\u0142to-Czerwoni o prze\u0142amanie powalcz\u0105 w Katowicach, gdzie przeciwnikiem Jagi b\u0119dzie miejscowy AZS U\u015a.<\/p>\n<p>Aktualna tabela Fogo Futsal Ekstraklasy<br \/>&#13;<br \/>\n1.\t Piast Gliwice\t2\t6\t15:1<br \/>&#13;<br \/>\n2.\t Texom Eurobus Przemy\u015bl \t2\t6\t8:1<br \/>&#13;<br \/>\n3.\t Rekord Bielsko-Bia\u0142a\t2\t6\t7:0<br \/>&#13;<br \/>\n4.\t BSF ABJ Bochnia\t2\t6\t11:8<br \/>&#13;<br \/>\n5.\t Jaxan \u015al\u0105sk Wroc\u0142aw\t2\t4\t7:4<br \/>&#13;<br \/>\n6.\t Constract Olsztyn\t1\t3\t7:3<br \/>&#13;<br \/>\n7.\t AZS U\u015a Katowice\t1\t3\t5:1<br \/>&#13;<br \/>\n8.\t FC Reiter Toru\u0144\t2\t3\t7:6<br \/>&#13;<br \/>\n&#8212;<br \/>&#13;<br \/>\n9.\t Wiara Lecha Pozna\u0144\t2\t1\t4:8<br \/>&#13;<br \/>\n10.\t GI Malepszy Leszno\t1\t0\t7:9<br \/>&#13;<br \/>\n11.\t KKF Motus Kazimierza Wielka\t1\t0\t3:7<br \/>&#13;<br \/>\n12.\t We-Met Futsal Club Gmina Sierakowice\t2\t0\t1:5<br \/>&#13;<br \/>\n.\t Futsal \u015awiecie\t1\t0\t1:5<br \/>&#13;<br \/>\n14.\t Legia Warszawa 1\t0\t1:6<br \/>&#13;<br \/>\n15.\t Enea Red Dragons Pniewy\t2\t0\t1:8<br \/>&#13;<br \/>\n16.\t Jagiellonia Bia\u0142ystok\t2\t0\t3:16<\/p>\n<p>Jagiellonia Bia\u0142ystok\t&#8211;\tPiast Gliwice 0:9 (0:4)<br \/>&#13;<br \/>\nBramki: Franco Spellanzon 3, 35, Vini I 17, 19, Sebastian Szadurski 20, Dill 28, Rafinha 38, Eric Panes 38, Miguel Pegacha 39<\/p>\n<p class=\"art-autimg\">\n<p>                            <img decoding=\"async\" class=\"art-autimgi\" src=\"https:\/\/www.europesays.com\/pl\/wp-content\/uploads\/2026\/09\/1788698231_922_avatar_1x.jpg\" alt=\"Rafa\u0142 \u017buk\" width=\"64\" height=\"64\" loading=\"lazy\"\/><\/p>\n<p class=\"art-autname\">Rafa\u0142 \u017buk<\/p>\n<p>rafal.zuk@bialystokonline.pl<\/p>\n<p>Przeczytaj tak\u017ce<\/p>\n<p>&#13;<br \/>\n&#13;<br \/>\n&#13;<br \/>\n<img loading=\"lazy\" decoding=\"async\" src=\"https:\/\/www.europesays.com\/pl\/wp-content\/uploads\/2026\/09\/1788698232_859_adlog.gif\" width=\"0\" height=\"0\" alt=\"\" style=\"width: 0px; height: 0px;\"\/><\/p>\n<p>Popularne dzisiaj<\/p>\n","protected":false},"excerpt":{"rendered":"Fot: Damian Przestrzelski\/Jagiellonia Bia\u0142ystok Futsal Wej\u015bcie do Fogo Futsal Ekstraklasy jak na razie jest dla Jagiellonii bardzo trudne.&hellip;\n","protected":false},"author":2,"featured_media":671111,"comment_status":"","ping_status":"","sticky":false,"template":"","format":"standard","meta":{"footnotes":"","_share_on_mastodon":"0"},"categories":[51614],"tags":[2151,51731,113,130180,51730,3754,51738,51735,4041,3826,123991,1096,1089,399,55508,17334,51736,2921,3840,51734,8736,1232,120,7116,17265,19285,42,5083,38,40,39,41,6309,1756,8815,38950,123,800,4278,1323,51737,2879,253],"class_list":["post-671110","post","type-post","status-publish","format-standard","has-post-thumbnail","category-bialystok","tag-bialystok","tag-bialystokonline","tag-biznes","tag-bolesna-lekcja-od-mistrza-polski-jagiellonia-na-dnie-tabeli","tag-bstok","tag-dom","tag-drobne","tag-firm","tag-firmy","tag-futsal","tag-futsal-ekstraklasasport","tag-hotele","tag-imprezy","tag-informacje","tag-jagiellonia-bialystok-futsal","tag-katalog","tag-kina","tag-koncert","tag-lokale","tag-miejski","tag-mieszkanie","tag-motoryzacja","tag-nauka","tag-ogloszenia","tag-on-line","tag-online","tag-pl","tag-podlasie","tag-poland","tag-polish","tag-polska","tag-polski","tag-portal","tag-praca","tag-repertuar","tag-rozklad","tag-rozrywka","tag-teatr","tag-turystyka","tag-uroda","tag-urzedy","tag-zakupy","tag-zdrowie"],"share_on_mastodon":{"url":"","error":"Validation failed: Text character limit of 500 exceeded"},"_links":{"self":[{"href":"https:\/\/www.europesays.com\/pl\/wp-json\/wp\/v2\/posts\/671110","targetHints":{"allow":["GET"]}}],"collection":[{"href":"https:\/\/www.europesays.com\/pl\/wp-json\/wp\/v2\/posts"}],"about":[{"href":"https:\/\/www.europesays.com\/pl\/wp-json\/wp\/v2\/types\/post"}],"author":[{"embeddable":true,"href":"https:\/\/www.europesays.com\/pl\/wp-json\/wp\/v2\/users\/2"}],"replies":[{"embeddable":true,"href":"https:\/\/www.europesays.com\/pl\/wp-json\/wp\/v2\/comments?post=671110"}],"version-history":[{"count":0,"href":"https:\/\/www.europesays.com\/pl\/wp-json\/wp\/v2\/posts\/671110\/revisions"}],"wp:featuredmedia":[{"embeddable":true,"href":"https:\/\/www.europesays.com\/pl\/wp-json\/wp\/v2\/media\/671111"}],"wp:attachment":[{"href":"https:\/\/www.europesays.com\/pl\/wp-json\/wp\/v2\/media?parent=671110"}],"wp:term":[{"taxonomy":"category","embeddable":true,"href":"https:\/\/www.europesays.com\/pl\/wp-json\/wp\/v2\/categories?post=671110"},{"taxonomy":"post_tag","embeddable":true,"href":"https:\/\/www.europesays.com\/pl\/wp-json\/wp\/v2\/tags?post=671110"}],"curies":[{"name":"wp","href":"https:\/\/api.w.org\/{rel}","templated":true}]}}