{"id":671112,"date":"2026-09-06T12:38:15","date_gmt":"2026-09-06T12:38:15","guid":{"rendered":"https:\/\/www.europesays.com\/pl\/671112\/"},"modified":"2026-09-06T12:38:15","modified_gmt":"2026-09-06T12:38:15","slug":"zuzel-zle-wiesci-dla-abramczyk-polonii-bydgoszcz-chodzi-o-maksymiliana-pawelczaka","status":"publish","type":"post","link":"https:\/\/www.europesays.com\/pl\/671112\/","title":{"rendered":"\u017bu\u017cel. Z\u0142e wie\u015bci dla Abramczyk Polonii Bydgoszcz! Chodzi o Maksymiliana Pawe\u0142czaka"},"content":{"rendered":"\n<p class=\"contentpart contentpart--default contentpart--text\" data-position=\"0\"><a href=\"https:\/\/sportowefakty.wp.pl\/zuzel\/maksymilian-pawelczak\" rel=\"nofollow noopener\" target=\"_blank\">Pawe\u0142czak<\/a>\u00a0upad\u0142 w swoim ostatnim wy\u015bcigu podczas fina\u0142u indywidualnych mistrzostw Europy U19. &#8222;Po wczorajszym upadku w Krsko nasz zawodnik odczuwa dolegliwo\u015bci w prawej r\u0119ce i potrzebuje chwili odpoczynku&#8221; &#8211;\u00a0przekaza\u0142a <a href=\"https:\/\/sportowefakty.wp.pl\/zuzel\/polonia-bydgoszcz\" rel=\"nofollow noopener\" target=\"_blank\">Abramczyk Polonia<\/a>.<\/p>\n<p class=\"contentpart contentpart--default contentpart--text\" data-position=\"1\">Absencja 16-latka to powa\u017cne os\u0142abienie Bydgoszczan. Pawe\u0142czak ze \u015bredni\u0105 bieg. 2,307 jest obecnie czwartym najskuteczniejszym zawodnikiem <a href=\"https:\/\/sportowefakty.wp.pl\/zuzel\/i-liga\" rel=\"nofollow noopener\" target=\"_blank\">Metalkas 2. Ekstraligi<\/a>.<\/p>\n<p>  <img decoding=\"async\" src=\"https:\/\/v.wpimg.pl\/X3dwLnN2d1IFFTpdYUl6R0ZNbgcnEHQREVV2TGEGbUtRT2MdOlZ2RBQUKABgQjQcDRotCStBd1IAAWMeIlM7VgwYIAorQAdEFFk_GCkQJQ\" alt=\"\" width=\"45\" height=\"58\" loading=\"lazy\"\/>  <\/p>\n<p class=\"contentpart contentpart--default contentpart--text\" data-position=\"2\">ZOBACZ WIDEO\u00a0Wielka rewolucja w kadrze Polski? Tego nie by\u0142o od lat<\/p>\n<p class=\"contentpart contentpart--default contentpart--text\" data-position=\"4\">Miejsce Pawe\u0142czaka zajmie <a href=\"https:\/\/sportowefakty.wp.pl\/minizuzel\/wiktor-przyjemski\" rel=\"nofollow noopener\" target=\"_blank\">Wiktor Przyjemski<\/a>, kt\u00f3ry wraca do \u015bcigania. 21-latek ostatnio wyst\u0105pi\u0142 ju\u017c w pierwszym finale Dru\u017cynowych Mistrzostw Polski Junior\u00f3w.<\/p>\n<p class=\"contentpart contentpart--default contentpart--text\" data-position=\"5\">W pierwszym meczu Polonii z Or\u0142em pad\u0142 remis. Bydgoszczanie aby awansowa\u0107 do fina\u0142u, potrzebuj\u0105 co najmniej drugiego remisu. Pocz\u0105tek spotkania o godz. 15:15.<\/p>\n<p class=\"contentpart contentpart--default contentpart--text\" data-position=\"6\">Relacja na \u017cywo z meczu Polonia &#8211; Orze\u0142:<\/p>\n<p>Nasza relacja:<\/p>\n<p> <a href=\"https:\/\/sportowefakty.wp.pl\/zuzel\/relacja-na-zywo\/182260\/abramczyk-polonia-bydgoszcz-hskrzydlewska-orzel-lodz-live\" class=\"box\" rel=\"nofollow noopener\" target=\"_blank\">  <\/p>\n<p>06.09.2026 15:15<\/p>\n<p>Metalkas 2. Ekstraliga<\/p>\n<p>    <img decoding=\"async\" src=\"https:\/\/www.europesays.com\/pl\/wp-content\/uploads\/2026\/09\/NTI1MS5wYTUoUztgGgxsIGsLbzpcVWJ2PBN3cRpDdix9CWIgUwA-ej5BLjdbWT44ZkUsNEZYeGEoCHU3BEN3MXtTeGVqT35meQR_.png\" alt=\"Abramczyk Polonia Bydgoszcz\" width=\"48\" height=\"48\" loading=\"lazy\"\/> <\/p>\n<p> Abramczyk Polonia Bydgoszcz <\/p>\n<p>    <img decoding=\"async\" src=\"https:\/\/www.europesays.com\/pl\/wp-content\/uploads\/2026\/09\/NjgxMy5wYQsGGjtKGgxsHkVCbxBcVWJIElp3WxpDdhJTQGIKUwA-RBAILh1bWT4GSAwsHkZYeF0GT3kYA0Z6CVVAK0tqRH5aVk51.png\" alt=\"H.Skrzydlewska Orze\u0142 \u0141\u00f3d\u017a\" width=\"48\" height=\"48\" loading=\"lazy\"\/> <\/p>\n<p> H.Skrzydlewska Orze\u0142 \u0141\u00f3d\u017a <\/p>\n<p>   <\/a>  <\/p>\n","protected":false},"excerpt":{"rendered":"Pawe\u0142czak\u00a0upad\u0142 w swoim ostatnim wy\u015bcigu podczas fina\u0142u indywidualnych mistrzostw Europy U19. &#8222;Po wczorajszym upadku w Krsko nasz zawodnik&hellip;\n","protected":false},"author":2,"featured_media":671113,"comment_status":"","ping_status":"","sticky":false,"template":"","format":"standard","meta":{"footnotes":"","_share_on_mastodon":"0"},"categories":[51613],"tags":[883,7132,7991,979,42,38,40,39,41,3414,174],"class_list":["post-671112","post","type-post","status-publish","format-standard","has-post-thumbnail","category-bydgoszcz","tag-abramczyk-polonia-bydgoszcz","tag-bydgoszcz","tag-maksymilian-pawelczak","tag-metalkas-2-ekstraliga","tag-pl","tag-poland","tag-polish","tag-polska","tag-polski","tag-wiktor-przyjemski","tag-zuzel"],"share_on_mastodon":{"url":"https:\/\/pubeurope.com\/@pl\/117224139684549509","error":""},"_links":{"self":[{"href":"https:\/\/www.europesays.com\/pl\/wp-json\/wp\/v2\/posts\/671112","targetHints":{"allow":["GET"]}}],"collection":[{"href":"https:\/\/www.europesays.com\/pl\/wp-json\/wp\/v2\/posts"}],"about":[{"href":"https:\/\/www.europesays.com\/pl\/wp-json\/wp\/v2\/types\/post"}],"author":[{"embeddable":true,"href":"https:\/\/www.europesays.com\/pl\/wp-json\/wp\/v2\/users\/2"}],"replies":[{"embeddable":true,"href":"https:\/\/www.europesays.com\/pl\/wp-json\/wp\/v2\/comments?post=671112"}],"version-history":[{"count":0,"href":"https:\/\/www.europesays.com\/pl\/wp-json\/wp\/v2\/posts\/671112\/revisions"}],"wp:featuredmedia":[{"embeddable":true,"href":"https:\/\/www.europesays.com\/pl\/wp-json\/wp\/v2\/media\/671113"}],"wp:attachment":[{"href":"https:\/\/www.europesays.com\/pl\/wp-json\/wp\/v2\/media?parent=671112"}],"wp:term":[{"taxonomy":"category","embeddable":true,"href":"https:\/\/www.europesays.com\/pl\/wp-json\/wp\/v2\/categories?post=671112"},{"taxonomy":"post_tag","embeddable":true,"href":"https:\/\/www.europesays.com\/pl\/wp-json\/wp\/v2\/tags?post=671112"}],"curies":[{"name":"wp","href":"https:\/\/api.w.org\/{rel}","templated":true}]}}