{"id":671154,"date":"2026-09-06T12:59:14","date_gmt":"2026-09-06T12:59:14","guid":{"rendered":"https:\/\/www.europesays.com\/pl\/671154\/"},"modified":"2026-09-06T12:59:14","modified_gmt":"2026-09-06T12:59:14","slug":"od-jutra-w-dino-66-gratis-dla-wszystkich-nie-bedzie-nawet-limitow-rmf-fm","status":"publish","type":"post","link":"https:\/\/www.europesays.com\/pl\/671154\/","title":{"rendered":"Od jutra w Dino \u201e6+6 gratis\u201d dla wszystkich. Nie b\u0119dzie nawet limit\u00f3w :: RMF FM"},"content":{"rendered":"<p>Po weekendzie, w poniedzia\u0142ek 7 wrze\u015bnia, Dino ponownie otworzy swoje sklepy dla klient\u00f3w. Sie\u0107 zapowiada nowe promocje, w\u015br\u00f3d kt\u00f3rych pojawi\u0105 si\u0119 akcje takie jak nawet \u201e6+6 gratis\u201d. Kolejnymi nowymi okazjami maj\u0105 by\u0107 \u201e3+3 gratis\u201d, \u201e2+2 gratis\u201d i \u201e1+1 gratis\u201d, b\u0119d\u0105 te\u017c produkty za grosz.<\/p>\n<p><img decoding=\"async\" alt=\"\" src=\"https:\/\/www.europesays.com\/pl\/wp-content\/uploads\/2026\/09\/od-poniedzialku-w-dino-nowe-promocje-1200x800-3b376a21.jpg\" class=\"w-100\"\/><\/p>\n<p>Od poniedzia\u0142ku w Dino nowe promocje, \u017ar\u00f3d\u0142o: Shutterstock<\/p>\n<p><a href=\"https:\/\/www.rmf.fm\/magazyn\/tag,Dino.html\" target=\"_blank\" rel=\"noopener noreferrer nofollow\" style=\"color:var(--rmf-navy-color);text-decoration:underline\">Dino<\/a> \u2013 od 7 wrze\u015bnia<\/p>\n<p>Od poniedzia\u0142ku Dino rusza z nowymi okazjami. Sie\u0107 uchyli\u0142a r\u0105bka tajemnicy i ujawni\u0142a ju\u017c, czego mo\u017cna spodziewa\u0107 si\u0119 w sklepach w kolejnym tygodniu. Klient\u00f3w z pewno\u015bci\u0105 uciesz\u0105 akcje takie jak \u201e6+6 gratis\u201d na p\u00f3\u0142toralitrowe wody mineralne Muszynianka. Dzi\u0119ki ofercie b\u0119dzie si\u0119 da\u0142o solidnie uzupe\u0142ni\u0107 zapasy za p\u00f3\u0142 ceny, bo przy zakupie sze\u015bciu butelek w cenie regularnej kolejne sze\u015b\u0107 ma by\u0107 jak za darmo. Dwie zgrzewki wyjd\u0105 wi\u0119c w cenie jednej, do tego sie\u0107 nie wyszczeg\u00f3lnia limit\u00f3w.<\/p>\n<p>Podobnych okazji b\u0119dzie wi\u0119cej. Dino zapowiada tak\u017ce \u201e3+3 gratis\u201d na mleko \u015bwie\u017ce 2% Polskie z Mlekovity, \u201e2+2 gratis\u201d na lody na patyku Twister Green, \u201e2+2 gratis\u201d na lody na patyku Twister Mallow czy \u201e2+2 gratis\u201d na lody w ro\u017cku Micha\u0142ki \u2013 klasyczne lub bia\u0142e. Warto zwr\u00f3ci\u0107 uwag\u0119 r\u00f3wnie\u017c na \u201e1+1 gratis\u201d na mini-bombonierki w kszta\u0142cie serca Lindt Lindor, 50 g.<\/p>\n<p>Dino \u2013 nowe promocje<\/p>\n<p>Pojawi\u0105 si\u0119 te\u017c nowe akcje specjalne, jak np. ta pozwalaj\u0105ca przy zakupie dw\u00f3ch produkt\u00f3w w cenie regularnej dobra\u0107 dwa kolejne w symbolicznej cenie 0,01 z\u0142 za ka\u017cdy. Ma ona dotyczy\u0107 ca\u0142ej kategorii: p\u0142atki \u015bniadaniowe, granole i musli, i potrwa w dniach od 7 do 8 wrze\u015bnia 2026 roku.<\/p>\n<p>Do wtorku 8 wrze\u015bnia w\u0142\u0105cznie aktualne pozostan\u0105 tak\u017ce <a href=\"https:\/\/www.rmf.fm\/styl-zycia\/news,n1015999,od-jutra-w-dino-33-gratis-i-22-gratis-to-jedynie-poczatek.html\" target=\"_blank\" rel=\"noopener noreferrer nofollow\" style=\"color:var(--rmf-navy-color);text-decoration:underline\">oferty z bie\u017c\u0105cej gazetki Dino<\/a>. W\u015br\u00f3d nich s\u0105 nie tylko kolejne okazje z gratisami, ale te\u017c kusz\u0105ce przeceny umo\u017cliwiaj\u0105ce kupno niekt\u00f3rych produkt\u00f3w za nawet mniej ni\u017c 1 z\u0142. Wra\u017cenie robi np. promocja na ta\u015bm\u0119 biurow\u0105, kt\u00f3r\u0105 obj\u0119to obni\u017ck\u0105 z 3,49 z\u0142 do 0,95 z\u0142. Podobne upusty pojawi\u0105 si\u0119 w Lidlu, kt\u00f3ry od poniedzia\u0142ku zamierza prowadzi\u0107 m.in. du\u017c\u0105 akcj\u0119 na mleko, dzi\u0119ki kt\u00f3rej karton za 0,99 z\u0142 zamiast 3,30 z\u0142:<\/p>\n<p>Zobacz tak\u017ce<\/p>\n<p><a href=\"https:\/\/www.rmf.fm\/styl-zycia\/news,n1016597,od-jutra-w-lidlu-po-099-zl-limit-24-szt-na-paragon.html\" target=\"_blank\" rel=\"noopener noreferrer nofollow\" style=\"color:var(--rmf-navy-color);text-decoration:underline\"><img decoding=\"async\" src=\"https:\/\/www.europesays.com\/pl\/wp-content\/uploads\/2026\/09\/od-poniedzialku-1200x800-e1c92e08.jpg\" width=\"290\" alt=\"\"\/><\/a><a href=\"https:\/\/www.rmf.fm\/styl-zycia\/news,n1016597,od-jutra-w-lidlu-po-099-zl-limit-24-szt-na-paragon.html\" target=\"_blank\" rel=\"noopener noreferrer nofollow\" style=\"color:var(--rmf-navy-color);text-decoration:underline\">Od jutra w Lidlu po 0,99 z\u0142. Limit: 24 szt. na paragon<\/a><\/p>\n<p>W poniedzia\u0142ek 7 wrze\u015bnia w Lidlu startuj\u0105 nowe promocje. Sie\u0107 zapowiada du\u017co akcji z gratisami \u2013 od \u201e7+5 gratis\u201d, po \u201e2+2 gratis\u201d i \u201e1+1 gratis\u201d. Do tego cz\u0119\u015b\u0107 z nich nie b\u0119dzie wymaga\u0142a nawet u\u017cywania aplikacji. Ponadto zanosi si\u0119 na wielkie\u2026<\/p>\n","protected":false},"excerpt":{"rendered":"Po weekendzie, w poniedzia\u0142ek 7 wrze\u015bnia, Dino ponownie otworzy swoje sklepy dla klient\u00f3w. Sie\u0107 zapowiada nowe promocje, w\u015br\u00f3d&hellip;\n","protected":false},"author":2,"featured_media":671155,"comment_status":"","ping_status":"","sticky":false,"template":"","format":"standard","meta":{"footnotes":"","_share_on_mastodon":"0"},"categories":[52249],"tags":[857,41997,860,42,38,40,39,41,862],"class_list":["post-671154","post","type-post","status-publish","format-standard","has-post-thumbnail","category-dino-polska","tag-dino","tag-dino-polska","tag-dino-promocje","tag-pl","tag-poland","tag-polish","tag-polska","tag-polski","tag-promocje"],"share_on_mastodon":{"url":"https:\/\/pubeurope.com\/@pl\/117224222110514983","error":""},"_links":{"self":[{"href":"https:\/\/www.europesays.com\/pl\/wp-json\/wp\/v2\/posts\/671154","targetHints":{"allow":["GET"]}}],"collection":[{"href":"https:\/\/www.europesays.com\/pl\/wp-json\/wp\/v2\/posts"}],"about":[{"href":"https:\/\/www.europesays.com\/pl\/wp-json\/wp\/v2\/types\/post"}],"author":[{"embeddable":true,"href":"https:\/\/www.europesays.com\/pl\/wp-json\/wp\/v2\/users\/2"}],"replies":[{"embeddable":true,"href":"https:\/\/www.europesays.com\/pl\/wp-json\/wp\/v2\/comments?post=671154"}],"version-history":[{"count":0,"href":"https:\/\/www.europesays.com\/pl\/wp-json\/wp\/v2\/posts\/671154\/revisions"}],"wp:featuredmedia":[{"embeddable":true,"href":"https:\/\/www.europesays.com\/pl\/wp-json\/wp\/v2\/media\/671155"}],"wp:attachment":[{"href":"https:\/\/www.europesays.com\/pl\/wp-json\/wp\/v2\/media?parent=671154"}],"wp:term":[{"taxonomy":"category","embeddable":true,"href":"https:\/\/www.europesays.com\/pl\/wp-json\/wp\/v2\/categories?post=671154"},{"taxonomy":"post_tag","embeddable":true,"href":"https:\/\/www.europesays.com\/pl\/wp-json\/wp\/v2\/tags?post=671154"}],"curies":[{"name":"wp","href":"https:\/\/api.w.org\/{rel}","templated":true}]}}